{"id":14281,"date":"2020-09-30T12:49:58","date_gmt":"2020-09-30T12:49:58","guid":{"rendered":"https:\/\/visionciudadana.com.mx\/prueba\/2020\/09\/30\/siervos-de-la-nacion-recopilan-datos-de-credenciales-con-fines-electorales\/"},"modified":"2020-09-30T12:49:58","modified_gmt":"2020-09-30T12:49:58","slug":"siervos-de-la-nacion-recopilan-datos-de-credenciales-con-fines-electorales","status":"publish","type":"post","link":"https:\/\/visionciudadana.com.mx\/oficial\/2020\/09\/30\/siervos-de-la-nacion-recopilan-datos-de-credenciales-con-fines-electorales\/","title":{"rendered":"\u00abSiervos de la Naci\u00f3n\u00bb recopilan datos de credenciales con fines electorales"},"content":{"rendered":"<p><img decoding=\"async\" src=\"images\/2020\/sept.20\/chuys_va.PNG\" alt=\"chuys va\" style=\"display: block; margin-left: auto; margin-right: auto;\" \/><\/p>\n<p class=\"x_MsoNormal\" style=\"text-align: justify;\" align=\"center\"><span style=\"font-size: 14pt; font-family: arial, helvetica, sans-serif;\"><b>&nbsp;<\/b>El Gobierno Federal, a trav\u00e9s de sus \u201csiervos de la naci\u00f3n\u201d le est\u00e1 haciendo el trabajo al partido Morena, al mandarlos a pedirles a los ciudadanos su credencial de elector y capturar los datos en peque\u00f1as tablets que llevan, denunci\u00f3 el dirigente estatal del PRI, Jes\u00fas Vald\u00e9s Palazuelos.<\/span><\/p>\n<p style=\"text-align: justify;\">&nbsp;<\/p>\n<p class=\"x_MsoNormal\" style=\"text-align: justify;\"><span style=\"font-size: 14pt; font-family: arial, helvetica, sans-serif;\">Expuso que ello ya se lo han denunciado varias personas, a cuyas puertas de sus hogares llegan j\u00f3venes vestidos con un chaleco, como el que traen los \u201csiervos de la naci\u00f3n\u201d y llegan preguntando primero si quienes viven en la casa simpatizan con el partido Morena.<\/span><\/p>\n<p style=\"text-align: justify;\">&nbsp;<\/p>\n<p class=\"x_MsoNormal\" style=\"text-align: justify;\"><span style=\"font-size: 14pt; font-family: arial, helvetica, sans-serif;\">Luego preguntan si tienen actualizada la credencial de elector para tomar los datos.<\/span><\/p>\n<p style=\"text-align: justify;\">&nbsp;<\/p>\n<p class=\"x_MsoNormal\" style=\"text-align: justify;\"><span style=\"font-size: 14pt; font-family: arial, helvetica, sans-serif;\">Sin embargo, curiosamente aconsejan a los ciudadanos que acudan posteriormente a los m\u00f3dulos del Registro Federal de Electores a hacer las actualizaciones necesarias.<\/span><\/p>\n<p style=\"text-align: justify;\">&nbsp;<\/p>\n<p class=\"x_MsoNormal\" style=\"text-align: justify;\"><span style=\"font-size: 14pt; font-family: arial, helvetica, sans-serif;\">Incluso los ciudadanos precisan que cuando le preguntan a estos j\u00f3venes si lo que est\u00e1n haciendo es legal, \u00e9stos contestan que s\u00ed, que andan trabajando en cuadrillas.<\/span><\/p>\n<p style=\"text-align: justify;\">&nbsp;<\/p>\n<p class=\"x_MsoNormal\" style=\"text-align: justify;\"><span style=\"font-size: 14pt; font-family: arial, helvetica, sans-serif;\">Es decir, observ\u00f3 Jes\u00fas Vald\u00e9s, lo \u00fanico que est\u00e1n haciendo estos Siervos de la Naci\u00f3n es recabar los datos de los electores, y no ha de ser precisamente para tenerlos almacenado, advirti\u00f3 Jes\u00fas Vald\u00e9s.<\/span><\/p>\n<p style=\"text-align: justify;\">&nbsp;<\/p>\n<p class=\"x_MsoNormal\" style=\"text-align: justify;\"><span style=\"font-size: 14pt; font-family: arial, helvetica, sans-serif;\">El dirigente estatal del PRI coment\u00f3 que a estas denuncias ciudadanas se suman otras en las que se advierte que los mismos siervos de la naci\u00f3n se organizan con doble prop\u00f3sito.<\/span><\/p>\n<p style=\"text-align: justify;\">&nbsp;<\/p>\n<p class=\"x_MsoNormal\" style=\"text-align: justify;\"><span style=\"font-size: 14pt; font-family: arial, helvetica, sans-serif;\">Es decir, se organizan para realizar el trabajo que tienen encomendado institucionalmente, pero al mismo tiempo para realizar labores pol\u00edtico-electorales a favor de Morena.<\/span><\/p>\n<p style=\"text-align: justify;\">&nbsp;<\/p>\n<p style=\"text-align: justify;\"><span style=\"font-size: 14pt; font-family: arial, helvetica, sans-serif;\">REDACCI\u00d3N\/VISI\u00d3N CIUDADANA.<\/span><\/p>\n<div style=\"text-align: justify;\"><span style=\"font-size: 14pt; font-family: arial, helvetica, sans-serif;\"><\/span><\/div>\n","protected":false},"excerpt":{"rendered":"<p>&nbsp;El Gobierno Federal, a trav\u00e9s de sus \u201csiervos de la naci\u00f3n\u201d le est\u00e1 haciendo el trabajo al partido Morena, al mandarlos a pedirles a los ciudadanos su credencial de elector y capturar los datos en peque\u00f1as tablets que llevan, denunci\u00f3 el dirigente estatal del PRI, Jes\u00fas Vald\u00e9s Palazuelos. &nbsp; Expuso que ello ya se lo [&hellip;]<\/p>\n","protected":false},"author":1,"featured_media":5760,"comment_status":"open","ping_status":"closed","sticky":false,"template":"","format":"standard","meta":{"footnotes":""},"categories":[24],"tags":[],"ppma_author":[31],"class_list":["post-14281","post","type-post","status-publish","format-standard","has-post-thumbnail","hentry","category-relevantes"],"aioseo_notices":[],"authors":[{"term_id":31,"user_id":1,"is_guest":0,"slug":"ivan3vino","display_name":"Iv\u00e1n Trevi\u00f1o","avatar_url":{"url":"https:\/\/visionciudadana.com.mx\/oficial\/wp-content\/uploads\/2025\/09\/columna-ivan-Trevino.png","url2x":"https:\/\/visionciudadana.com.mx\/oficial\/wp-content\/uploads\/2025\/09\/columna-ivan-Trevino.png"},"0":null,"1":"","2":"","3":"","4":"","5":"","6":"","7":"","8":""}],"_links":{"self":[{"href":"https:\/\/visionciudadana.com.mx\/oficial\/wp-json\/wp\/v2\/posts\/14281","targetHints":{"allow":["GET"]}}],"collection":[{"href":"https:\/\/visionciudadana.com.mx\/oficial\/wp-json\/wp\/v2\/posts"}],"about":[{"href":"https:\/\/visionciudadana.com.mx\/oficial\/wp-json\/wp\/v2\/types\/post"}],"author":[{"embeddable":true,"href":"https:\/\/visionciudadana.com.mx\/oficial\/wp-json\/wp\/v2\/users\/1"}],"replies":[{"embeddable":true,"href":"https:\/\/visionciudadana.com.mx\/oficial\/wp-json\/wp\/v2\/comments?post=14281"}],"version-history":[{"count":0,"href":"https:\/\/visionciudadana.com.mx\/oficial\/wp-json\/wp\/v2\/posts\/14281\/revisions"}],"wp:featuredmedia":[{"embeddable":true,"href":"https:\/\/visionciudadana.com.mx\/oficial\/wp-json\/wp\/v2\/posts\/5760"}],"wp:attachment":[{"href":"https:\/\/visionciudadana.com.mx\/oficial\/wp-json\/wp\/v2\/media?parent=14281"}],"wp:term":[{"taxonomy":"category","embeddable":true,"href":"https:\/\/visionciudadana.com.mx\/oficial\/wp-json\/wp\/v2\/categories?post=14281"},{"taxonomy":"post_tag","embeddable":true,"href":"https:\/\/visionciudadana.com.mx\/oficial\/wp-json\/wp\/v2\/tags?post=14281"},{"taxonomy":"author","embeddable":true,"href":"https:\/\/visionciudadana.com.mx\/oficial\/wp-json\/wp\/v2\/ppma_author?post=14281"}],"curies":[{"name":"wp","href":"https:\/\/api.w.org\/{rel}","templated":true}]}}