{"id":14280,"date":"2020-09-30T12:46:07","date_gmt":"2020-09-30T12:46:07","guid":{"rendered":"https:\/\/visionciudadana.com.mx\/prueba\/2020\/09\/30\/entrega-uas-26-camaras-generadoras-de-humo-para-sanitizar-espacios-universitarios\/"},"modified":"2020-09-30T12:46:07","modified_gmt":"2020-09-30T12:46:07","slug":"entrega-uas-26-camaras-generadoras-de-humo-para-sanitizar-espacios-universitarios","status":"publish","type":"post","link":"https:\/\/visionciudadana.com.mx\/oficial\/2020\/09\/30\/entrega-uas-26-camaras-generadoras-de-humo-para-sanitizar-espacios-universitarios\/","title":{"rendered":"Entrega UAS 26 c\u00e1maras generadoras de humo para sanitizar espacios universitarios"},"content":{"rendered":"<p style=\"text-align: justify;\"><span style=\"font-size: 14pt; font-family: arial, helvetica, sans-serif;\"><b><span lang=\"ES\"><img decoding=\"async\" src=\"images\/2020\/sept.20\/camara_humo.PNG\" alt=\"camara humo\" style=\"display: block; margin-left: auto; margin-right: auto;\" \/><br \/><\/span><\/b><\/span><\/p>\n<p class=\"x_MsoNormal\" style=\"text-align: justify;\" align=\"center\"><span style=\"font-size: 14pt; font-family: arial, helvetica, sans-serif;\"><b><span lang=\"ES\"><\/span><\/b><\/span><span lang=\"ES\" style=\"font-size: 14pt; font-family: arial, helvetica, sans-serif;\">Como parte de las medidas de prevenci\u00f3n tomadas por la Universidad Aut\u00f3noma de Sinaloa (UAS) para evitar la proliferaci\u00f3n del virus SARS-COV2 en su comunidad, se adquirieron y entregaron 26 c\u00e1maras generadoras de humo&nbsp;<i>modelo 350-723<\/i>&nbsp;con las que se sanitizar\u00e1n los espacios universitarios por todo el estado.<\/span><\/p>\n<p class=\"x_MsoNormal\" style=\"text-align: justify;\"><span lang=\"ES\" style=\"font-size: 14pt; font-family: arial, helvetica, sans-serif;\"><\/span><\/p>\n<p class=\"x_MsoNormal\" style=\"text-align: justify;\"><span lang=\"ES\" style=\"font-size: 14pt; font-family: arial, helvetica, sans-serif;\">\u201cHoy como un esfuerzo m\u00e1s vamos a entregar de manera simb\u00f3lica a los se\u00f1ores directores, 26 m\u00e1quinas sanitizantes que, a base de amonio cuaternario, donde la Universidad ha invertido 91 mil pesos y que estas ser\u00e1n distribuidas en las cuatro unidades regionales\u201d, comunic\u00f3 el Rector, doctor Juan Eulogio Guerra Liera, quien v\u00eda remota encabez\u00f3 la entrega simb\u00f3lica realizada en el portal de Radio UAS.<\/span><\/p>\n<p class=\"x_MsoNormal\" style=\"text-align: justify;\"><span lang=\"ES\" style=\"font-size: 14pt; font-family: arial, helvetica, sans-serif;\"><\/span><\/p>\n<p class=\"x_MsoNormal\" style=\"text-align: justify;\"><span lang=\"ES\" style=\"font-size: 14pt; font-family: arial, helvetica, sans-serif;\">Respecto de la distribuci\u00f3n de los 26 equipos sanitizantes, Guerra Liera inform\u00f3 que 4 son para CU Culiac\u00e1n, 2 para el Pol\u00edgono Sur de CU Culiac\u00e1n, 2 para el Campus \u201cJos\u00e9 Narro Robles\u201d en Culiac\u00e1n y 9 m\u00e1s para unidades acad\u00e9micas y facultades de la zona Centro; mientras que la Unidad Regional Sur recibi\u00f3 3, al igual que la Unidad Regional Norte y la Centro-Norte del estado, respectivamente.<\/span><\/p>\n<p class=\"x_MsoNormal\" style=\"text-align: justify;\"><span lang=\"ES\" style=\"font-size: 14pt; font-family: arial, helvetica, sans-serif;\"><\/span><\/p>\n<p class=\"x_MsoNormal\" style=\"text-align: justify;\"><span lang=\"ES\" style=\"font-size: 14pt; font-family: arial, helvetica, sans-serif;\">\u201cEsto se va a compartir, pero adem\u00e1s estar\u00e1n bajo la supervisi\u00f3n del Comit\u00e9 de Salud y se formar\u00e1 un comit\u00e9 responsable de cada una de las unidades acad\u00e9micas para compartir en algunas de ellas estos insumos\u201d, sostuvo.<\/span><\/p>\n<p class=\"x_MsoNormal\" style=\"text-align: justify;\"><span lang=\"ES\" style=\"font-size: 14pt; font-family: arial, helvetica, sans-serif;\"><\/span><\/p>\n<p class=\"x_MsoNormal\" style=\"text-align: justify;\"><span lang=\"ES\" style=\"font-size: 14pt; font-family: arial, helvetica, sans-serif;\">Las c\u00e1maras generadoras de humo funcionan con un desinfectante l\u00edquido tenso activo, bactericida e inhibidor de la actividad viral utilizado para desinfectar espacios y superficies, el cual fue entregado en botellas de un litro por equipo y debe dosificarse seg\u00fan el \u00e1rea a sanitizar.<\/span><\/p>\n<p class=\"x_MsoNormal\" style=\"text-align: justify;\"><span lang=\"ES\" style=\"font-size: 14pt; font-family: arial, helvetica, sans-serif;\"><\/span><\/p>\n<p class=\"x_MsoNormal\" style=\"text-align: justify;\"><span lang=\"ES\" style=\"font-size: 14pt; font-family: arial, helvetica, sans-serif;\">\u201cObviamente se capacitar\u00e1, se entrenar\u00e1, se explicar\u00e1 y se dar\u00e1 toda la informaci\u00f3n necesaria para que se utilicen estos equipos de la mejor manera, con protecci\u00f3n para quienes lo har\u00e1n; y, sobre todo, que tengamos muy claro que este esfuerzo de sanitizar con esas m\u00e1quinas tiene que ir sumado al hecho de usar cubrebocas, caretas, lavarse las manos con agua y jab\u00f3n, usar guantes y lo que es el uso de gel alcoholado\u201d, sostuvo.<\/span><\/p>\n<p class=\"x_MsoNormal\" style=\"text-align: justify;\"><span lang=\"ES\" style=\"font-size: 14pt; font-family: arial, helvetica, sans-serif;\"><\/span><\/p>\n<p class=\"x_MsoNormal\" style=\"text-align: justify;\"><span lang=\"ES\" style=\"font-size: 14pt; font-family: arial, helvetica, sans-serif;\">Frente al representante institucional del Comit\u00e9 de Contingencia, Seguridad y Salud y director de la Facultad de Medicina, el doctor Gerardo Alapizco Castro, el subdirector de la misma, doctor Fernando Cano, el secretario administrativo, doctor Alfredo Rubio Figueroa y cientos de radioescuchas, el rector declar\u00f3 que lo m\u00e1s importante es garantizar las medidas de prevenci\u00f3n para as\u00ed preservar la vida de la comunidad universitaria, es por ello que se ha dotado de insumos al personal y se adquirieron dichos equipos.<\/span><\/p>\n<p class=\"x_MsoNormal\" style=\"text-align: justify;\"><span lang=\"ES\" style=\"font-size: 14pt; font-family: arial, helvetica, sans-serif;\"><\/span><\/p>\n<p class=\"x_MsoNormal\" style=\"text-align: justify;\"><span lang=\"ES\" style=\"font-size: 14pt; font-family: arial, helvetica, sans-serif;\">\u201cPero tambi\u00e9n es cierto que el principal objetivo debe ser el de preservar la vida, garantizar las medidas de prevenci\u00f3n, y si alguien tiene la necesidad de retomar parte de sus actividades o salir, debe estar muy consciente de bajo qu\u00e9 medidas tendr\u00eda que realizarlo, y en ese sentido estaremos hoy entregando ese equipo\u201d, dijo.<\/span><\/p>\n<p class=\"x_MsoNormal\" style=\"text-align: justify;\"><span lang=\"ES\" style=\"font-size: 14pt; font-family: arial, helvetica, sans-serif;\"><\/span><\/p>\n<p class=\"x_MsoNormal\" style=\"text-align: justify;\"><span lang=\"ES\" style=\"font-size: 14pt; font-family: arial, helvetica, sans-serif;\">Por su parte, el doctor Gerardo Alapizco Castro, habl\u00f3 de la calidad, certificaci\u00f3n y aplicaci\u00f3n de las c\u00e1maras generadoras de humo sanitizante.<\/span><\/p>\n<p class=\"x_MsoNormal\" style=\"text-align: justify;\"><span lang=\"ES\" style=\"font-size: 14pt; font-family: arial, helvetica, sans-serif;\"><\/span><\/p>\n<p class=\"x_MsoNormal\" style=\"text-align: justify;\"><span lang=\"ES\" style=\"font-size: 14pt; font-family: arial, helvetica, sans-serif;\">\u201cUno de los objetivos m\u00e1s importantes fue escoger y buscar m\u00e1quinas en el mercado que estuvieran autorizadas por COFEPRIS, eso es sumamente importante, que no signifique un riesgo para el personal que las vaya a utilizar e incluso, que sean muy pr\u00e1cticas de usar [\u2026]. Entonces son m\u00e1quinas muy f\u00e1ciles de trabajar con ellas, funcionan con corriente el\u00e9ctrica pero su funci\u00f3n es arrojar vapor de manera que llega a todos los rincones\u201d, coment\u00f3.<\/span><\/p>\n<p class=\"x_MsoNormal\" style=\"text-align: justify;\"><span lang=\"ES\" style=\"font-size: 14pt; font-family: arial, helvetica, sans-serif;\"><\/span><\/p>\n<p class=\"x_MsoNormal\" style=\"text-align: justify;\"><span lang=\"ES\" style=\"font-size: 14pt; font-family: arial, helvetica, sans-serif;\">Asimismo, el representante institucional del Comit\u00e9 de Contingencia, Seguridad y Salud, indic\u00f3 que el desinfectante l\u00edquido \u201ces inocuo y elimina el 99.9 por ciento de virus y bacterias\u201d incluido el SARS-COV-2.<\/span><\/p>\n<p class=\"x_MsoNormal\" style=\"text-align: justify;\"><span lang=\"ES\" style=\"font-size: 14pt; font-family: arial, helvetica, sans-serif;\"><\/span><\/p>\n<p class=\"x_MsoNormal\" style=\"text-align: justify;\"><span lang=\"ES\" style=\"font-size: 14pt; font-family: arial, helvetica, sans-serif;\">Por \u00faltimo, expres\u00f3 que la adquisici\u00f3n de estos equipos es un logro m\u00e1s que vendr\u00e1 a fortalecer a la Universidad Aut\u00f3noma de Sinaloa para evitar el contagio del virus que provoca la enfermedad COVID-19.<\/span><\/p>\n<p class=\"x_MsoNormal\" style=\"text-align: justify;\"><span lang=\"ES\" style=\"font-size: 14pt; font-family: arial, helvetica, sans-serif;\"><\/span><\/p>\n<p class=\"x_MsoNormal\" style=\"text-align: justify;\"><span lang=\"ES\" style=\"font-size: 14pt; font-family: arial, helvetica, sans-serif;\">Finalmente, el vicerrector de la Unidad Regional Centro-Norte, maestro Aar\u00f3n P\u00e9rez S\u00e1nchez, presente durante la entrega, agradeci\u00f3 al Rector por el equipo recibido en beneficio de la comunidad universitaria perteneciente a la regi\u00f3n que representa.<\/span><\/p>\n<p class=\"x_MsoNormal\" style=\"text-align: justify;\"><span lang=\"ES\" style=\"font-size: 14pt; font-family: arial, helvetica, sans-serif;\"><\/span><\/p>\n<p class=\"x_MsoNormal\" style=\"text-align: justify;\"><span lang=\"ES\" style=\"font-size: 14pt; font-family: arial, helvetica, sans-serif;\">\u201cVamos a hacer lo correcto, siguiendo las indicaciones que ustedes nos den para que todos los universitarios de la regi\u00f3n centro norte de las unidades acad\u00e9micas reciban este apoyo, con el que tambi\u00e9n los trabajadores se sentir\u00e1n m\u00e1s seguros de acudir a sus centros de trabajo y no sientan temor de contagiarse\u201d, concluy\u00f3.<\/span><\/p>\n<p class=\"x_MsoNormal\" style=\"text-align: justify;\"><span lang=\"ES\" style=\"font-size: 14pt; font-family: arial, helvetica, sans-serif;\"><\/span><\/p>\n<p style=\"text-align: justify;\"><span style=\"font-size: 14pt; font-family: arial, helvetica, sans-serif;\">REDACCI\u00d3N\/VISI\u00d3N CIUDADANA.<\/span><\/p>\n","protected":false},"excerpt":{"rendered":"<p>Como parte de las medidas de prevenci\u00f3n tomadas por la Universidad Aut\u00f3noma de Sinaloa (UAS) para evitar la proliferaci\u00f3n del virus SARS-COV2 en su comunidad, se adquirieron y entregaron 26 c\u00e1maras generadoras de humo&nbsp;modelo 350-723&nbsp;con las que se sanitizar\u00e1n los espacios universitarios por todo el estado. \u201cHoy como un esfuerzo m\u00e1s vamos a entregar de [&hellip;]<\/p>\n","protected":false},"author":1,"featured_media":5758,"comment_status":"open","ping_status":"closed","sticky":false,"template":"","format":"standard","meta":{"footnotes":""},"categories":[24],"tags":[],"ppma_author":[31],"class_list":["post-14280","post","type-post","status-publish","format-standard","has-post-thumbnail","hentry","category-relevantes"],"aioseo_notices":[],"authors":[{"term_id":31,"user_id":1,"is_guest":0,"slug":"ivan3vino","display_name":"Iv\u00e1n Trevi\u00f1o","avatar_url":{"url":"https:\/\/visionciudadana.com.mx\/oficial\/wp-content\/uploads\/2025\/09\/columna-ivan-Trevino.png","url2x":"https:\/\/visionciudadana.com.mx\/oficial\/wp-content\/uploads\/2025\/09\/columna-ivan-Trevino.png"},"0":null,"1":"","2":"","3":"","4":"","5":"","6":"","7":"","8":""}],"_links":{"self":[{"href":"https:\/\/visionciudadana.com.mx\/oficial\/wp-json\/wp\/v2\/posts\/14280","targetHints":{"allow":["GET"]}}],"collection":[{"href":"https:\/\/visionciudadana.com.mx\/oficial\/wp-json\/wp\/v2\/posts"}],"about":[{"href":"https:\/\/visionciudadana.com.mx\/oficial\/wp-json\/wp\/v2\/types\/post"}],"author":[{"embeddable":true,"href":"https:\/\/visionciudadana.com.mx\/oficial\/wp-json\/wp\/v2\/users\/1"}],"replies":[{"embeddable":true,"href":"https:\/\/visionciudadana.com.mx\/oficial\/wp-json\/wp\/v2\/comments?post=14280"}],"version-history":[{"count":0,"href":"https:\/\/visionciudadana.com.mx\/oficial\/wp-json\/wp\/v2\/posts\/14280\/revisions"}],"wp:featuredmedia":[{"embeddable":true,"href":"https:\/\/visionciudadana.com.mx\/oficial\/wp-json\/wp\/v2\/posts\/5758"}],"wp:attachment":[{"href":"https:\/\/visionciudadana.com.mx\/oficial\/wp-json\/wp\/v2\/media?parent=14280"}],"wp:term":[{"taxonomy":"category","embeddable":true,"href":"https:\/\/visionciudadana.com.mx\/oficial\/wp-json\/wp\/v2\/categories?post=14280"},{"taxonomy":"post_tag","embeddable":true,"href":"https:\/\/visionciudadana.com.mx\/oficial\/wp-json\/wp\/v2\/tags?post=14280"},{"taxonomy":"author","embeddable":true,"href":"https:\/\/visionciudadana.com.mx\/oficial\/wp-json\/wp\/v2\/ppma_author?post=14280"}],"curies":[{"name":"wp","href":"https:\/\/api.w.org\/{rel}","templated":true}]}}