{"id":14279,"date":"2020-09-30T12:42:07","date_gmt":"2020-09-30T12:42:07","guid":{"rendered":"https:\/\/visionciudadana.com.mx\/prueba\/2020\/09\/30\/rompera-ceaip-obstaculos-y-resistencias-a-la-transparencia-en-sinaloa\/"},"modified":"2020-09-30T12:42:07","modified_gmt":"2020-09-30T12:42:07","slug":"rompera-ceaip-obstaculos-y-resistencias-a-la-transparencia-en-sinaloa","status":"publish","type":"post","link":"https:\/\/visionciudadana.com.mx\/oficial\/2020\/09\/30\/rompera-ceaip-obstaculos-y-resistencias-a-la-transparencia-en-sinaloa\/","title":{"rendered":"Romper\u00e1 Ceaip obst\u00e1culos y resistencias a la transparencia en Sinaloa"},"content":{"rendered":"<p><img decoding=\"async\" src=\"images\/2020\/sept.20\/jose_alf.PNG\" alt=\"jose alf\" style=\"display: block; margin-left: auto; margin-right: auto;\" \/><\/p>\n<p class=\"x_MsoNormal\" style=\"text-align: justify;\"><span style=\"font-size: 14pt; font-family: arial, helvetica, sans-serif;\"><i>&nbsp;<\/i>\u201cEstamos rompiendo obst\u00e1culos y resistencias que a\u00fan prevalecen en muchos \u00e1mbitos de la vida p\u00fablica de Sinaloa y no descansaremos para que la transparencia sea un c\u00edrculo virtuoso que mejore la calidad de vida de todos\u201d, sostuvo Jos\u00e9 Alfredo Beltr\u00e1n Estrada.<\/span><\/p>\n<p style=\"text-align: justify;\">&nbsp;<\/p>\n<p class=\"x_MsoNormal\" style=\"text-align: justify;\"><span style=\"font-size: 14pt; font-family: arial, helvetica, sans-serif;\">En el marco de las jornadas por el D\u00eda Internacional del Derecho a Saber, el presidente de la Comisi\u00f3n Estatal para el Acceso a la Informaci\u00f3n P\u00fablica hizo un \u201ccorte de caja\u201d de lo que el \u00f3rgano realiza a favor de la transparencia durante 2019 y 2020.<\/span><\/p>\n<p style=\"text-align: justify;\">&nbsp;<\/p>\n<p class=\"x_MsoNormal\" style=\"text-align: justify;\"><span style=\"font-size: 14pt; font-family: arial, helvetica, sans-serif;\">Se\u00f1al\u00f3 que entre el 85 y 90 por ciento de las resoluciones de recursos de revisi\u00f3n en el \u00faltimo a\u00f1o han sido a favor de que se entregue la informaci\u00f3n al ciudadano, mismas que se han replanteado en un lenguaje m\u00e1s sencillo y entendible para los no iniciados en el tema.<\/span><\/p>\n<p style=\"text-align: justify;\">&nbsp;<\/p>\n<p class=\"x_MsoNormal\" style=\"text-align: justify;\"><span style=\"font-size: 14pt; font-family: arial, helvetica, sans-serif;\">Dijo que actualmente se realizan transmisiones en vivo de las Sesiones de Pleno v\u00eda Facebook y Youtube, para que los ciudadanos se enteren de c\u00f3mo se trabaja para garantizar la transparencia en Sinaloa.<\/span><\/p>\n<p style=\"text-align: justify;\">&nbsp;<\/p>\n<p class=\"x_MsoNormal\" style=\"text-align: justify;\"><span style=\"font-size: 14pt; font-family: arial, helvetica, sans-serif;\">Destac\u00f3 que se est\u00e1n implementando diversos programas denominados \u201cRezago Cero\u201d en Ceaip, logrando favorablemente atender denuncias, acuerdos y resoluciones que se encontraban pendientes de tramitar.<\/span><\/p>\n<p style=\"text-align: justify;\">&nbsp;<\/p>\n<p class=\"x_MsoNormal\" style=\"text-align: justify;\"><span style=\"font-size: 14pt; font-family: arial, helvetica, sans-serif;\">Y se han iniciado trabajos con grupos de sectores vulnerables de la sociedad y desarrollaron una herramienta de accesibilidad para portales web oficiales que ha permitido ahorros millonarios a la administraci\u00f3n p\u00fablica, resalt\u00f3.<\/span><\/p>\n<p style=\"text-align: justify;\">&nbsp;<\/p>\n<p class=\"x_MsoNormal\" style=\"text-align: justify;\"><span style=\"font-size: 14pt; font-family: arial, helvetica, sans-serif;\">Dio a conocer que dieron pasos importantes en democratizar el acceso al servicio p\u00fablico, lanzando los dos primeros concursos para ocupar cargos en la Comisi\u00f3n, entre estas y otras acciones orientadas a hacer una realidad el derecho a saber de las y los ciudadanos.<\/span><\/p>\n<p style=\"text-align: justify;\">&nbsp;<\/p>\n<p class=\"x_MsoNormal\" style=\"text-align: justify;\"><span style=\"font-size: 14pt; font-family: arial, helvetica, sans-serif;\">Ceaip realiza las jornadas por el D\u00eda Internacional del Derecho a Saber, con exposiciones tituladas<i>&nbsp;\u201c\u00bfY a m\u00ed ciudadano, para qu\u00e9 me sirve el acceso a la informaci\u00f3n p\u00fablica?\u201d, \u201cDerecho a Saber y publicidad de sentencias\u201d y \u201cTransparencia y \u00e9tica en el servicio p\u00fablico\u201d.<\/i><\/span><\/p>\n<p style=\"text-align: justify;\">&nbsp;<\/p>\n<p class=\"x_MsoNormal\" style=\"text-align: justify;\"><span style=\"font-size: 14pt; font-family: arial, helvetica, sans-serif;\">Son impartidas por los especialistas Samuel Bonilla N\u00fa\u00f1ez, coordinador del programa Transparencia para Todos, Omar Jes\u00fas Abitia Salazar, Magistrado de Circuito del Poder Judicial del Estado y por Javier Salda\u00f1a Serrano, investigador de tiempo completo en el Sistema Nacional de Investigaci\u00f3n de la UNAM.<\/span><\/p>\n<p style=\"text-align: justify;\">&nbsp;<\/p>\n<p style=\"text-align: justify;\"><span style=\"font-size: 14pt; font-family: arial, helvetica, sans-serif;\">REDACCI\u00d3N\/VISI\u00d3N CIUDADANA.<\/span><\/p>\n<div style=\"text-align: justify;\"><span style=\"font-size: 14pt; font-family: arial, helvetica, sans-serif;\"><\/span><\/div>\n","protected":false},"excerpt":{"rendered":"<p>&nbsp;\u201cEstamos rompiendo obst\u00e1culos y resistencias que a\u00fan prevalecen en muchos \u00e1mbitos de la vida p\u00fablica de Sinaloa y no descansaremos para que la transparencia sea un c\u00edrculo virtuoso que mejore la calidad de vida de todos\u201d, sostuvo Jos\u00e9 Alfredo Beltr\u00e1n Estrada. &nbsp; En el marco de las jornadas por el D\u00eda Internacional del Derecho a [&hellip;]<\/p>\n","protected":false},"author":1,"featured_media":5756,"comment_status":"open","ping_status":"closed","sticky":false,"template":"","format":"standard","meta":{"footnotes":""},"categories":[24],"tags":[],"ppma_author":[31],"class_list":["post-14279","post","type-post","status-publish","format-standard","has-post-thumbnail","hentry","category-relevantes"],"aioseo_notices":[],"authors":[{"term_id":31,"user_id":1,"is_guest":0,"slug":"ivan3vino","display_name":"Iv\u00e1n Trevi\u00f1o","avatar_url":{"url":"https:\/\/visionciudadana.com.mx\/oficial\/wp-content\/uploads\/2025\/09\/columna-ivan-Trevino.png","url2x":"https:\/\/visionciudadana.com.mx\/oficial\/wp-content\/uploads\/2025\/09\/columna-ivan-Trevino.png"},"0":null,"1":"","2":"","3":"","4":"","5":"","6":"","7":"","8":""}],"_links":{"self":[{"href":"https:\/\/visionciudadana.com.mx\/oficial\/wp-json\/wp\/v2\/posts\/14279","targetHints":{"allow":["GET"]}}],"collection":[{"href":"https:\/\/visionciudadana.com.mx\/oficial\/wp-json\/wp\/v2\/posts"}],"about":[{"href":"https:\/\/visionciudadana.com.mx\/oficial\/wp-json\/wp\/v2\/types\/post"}],"author":[{"embeddable":true,"href":"https:\/\/visionciudadana.com.mx\/oficial\/wp-json\/wp\/v2\/users\/1"}],"replies":[{"embeddable":true,"href":"https:\/\/visionciudadana.com.mx\/oficial\/wp-json\/wp\/v2\/comments?post=14279"}],"version-history":[{"count":0,"href":"https:\/\/visionciudadana.com.mx\/oficial\/wp-json\/wp\/v2\/posts\/14279\/revisions"}],"wp:featuredmedia":[{"embeddable":true,"href":"https:\/\/visionciudadana.com.mx\/oficial\/wp-json\/wp\/v2\/posts\/5756"}],"wp:attachment":[{"href":"https:\/\/visionciudadana.com.mx\/oficial\/wp-json\/wp\/v2\/media?parent=14279"}],"wp:term":[{"taxonomy":"category","embeddable":true,"href":"https:\/\/visionciudadana.com.mx\/oficial\/wp-json\/wp\/v2\/categories?post=14279"},{"taxonomy":"post_tag","embeddable":true,"href":"https:\/\/visionciudadana.com.mx\/oficial\/wp-json\/wp\/v2\/tags?post=14279"},{"taxonomy":"author","embeddable":true,"href":"https:\/\/visionciudadana.com.mx\/oficial\/wp-json\/wp\/v2\/ppma_author?post=14279"}],"curies":[{"name":"wp","href":"https:\/\/api.w.org\/{rel}","templated":true}]}}