{"id":14278,"date":"2020-09-30T12:38:14","date_gmt":"2020-09-30T12:38:14","guid":{"rendered":"https:\/\/visionciudadana.com.mx\/prueba\/2020\/09\/30\/emir-chavez-galardonado-del-premio-estatal-rafael-buelna-tenorio\/"},"modified":"2020-09-30T12:38:14","modified_gmt":"2020-09-30T12:38:14","slug":"emir-chavez-galardonado-del-premio-estatal-rafael-buelna-tenorio","status":"publish","type":"post","link":"https:\/\/visionciudadana.com.mx\/oficial\/2020\/09\/30\/emir-chavez-galardonado-del-premio-estatal-rafael-buelna-tenorio\/","title":{"rendered":"Emir Ch\u00e1vez galardonado del premio Estatal \u00abRafael Buelna Tenorio\u00bb"},"content":{"rendered":"<p><img decoding=\"async\" src=\"images\/2020\/sept.20\/emir.PNG\" alt=\"emir\" style=\"display: block; margin-left: auto; margin-right: auto;\" \/><\/p>\n<p class=\"x_MsoNormal\" style=\"text-align: justify;\" align=\"center\"><b>&nbsp;<\/b><span style=\"font-size: 14pt; font-family: arial, helvetica, sans-serif;\">&nbsp;Por sus acciones heroicas, principalmente como rescatista en Culiac\u00e1n y como voluntario en varios desastres naturales que se han registrado en los \u00faltimos a\u00f1os, el culiacanense Emir Ch\u00e1vez Fajardo obtuvo el primer lugar como galardonado del Premio Estatal de la Juventud \u00abRafael Buelna Tenorio\u00bb 2020 en su XV edici\u00f3n, as\u00ed lo dio a conocer el director del Instituto Sinaloense de la Juventud, Joaqu\u00edn Rodr\u00edguez Astengo.<\/span><\/p>\n<p style=\"text-align: justify;\">&nbsp;<\/p>\n<p class=\"x_MsoNormal\" style=\"text-align: justify;\"><span style=\"font-size: 14pt; font-family: arial, helvetica, sans-serif;\">A sus 23 a\u00f1os de edad y el graduado de la Universidad Aut\u00f3noma de Occidente, Ch\u00e1vez&nbsp; Fajardo es un reconocido bombero, preocupado y dispuesto a siempre ayudar y aportar su \u2018granito de oro\u2019, como le dec\u00edan a Rafael&nbsp; Buelna, para un mejor Sinaloa.<\/span><\/p>\n<p style=\"text-align: justify;\">&nbsp;<\/p>\n<p class=\"x_MsoNormal\" style=\"text-align: justify;\"><span style=\"font-size: 14pt; font-family: arial, helvetica, sans-serif;\">En este marco, Rodr\u00edguez Astengo tambi\u00e9n dio a conocer el nombre del segundo lugar, el cual fue para Estefan\u00eda L\u00f3pez Corral, tambi\u00e9n originaria de Culiac\u00e1n, Sinaloa y que durante su trayectoria profesional se ha desempe\u00f1ado como periodista del medio El Debate, lo que le ha permitido informar a la ciudadan\u00eda de una manera oportuna sobre las acciones que se han realizado en el estado; adem\u00e1s de haber participado como activista en distintos temas de inter\u00e9s social.<\/span><\/p>\n<p style=\"text-align: justify;\">&nbsp;<\/p>\n<p class=\"x_MsoNormal\" style=\"text-align: justify;\"><span style=\"font-size: 14pt; font-family: arial, helvetica, sans-serif;\">El tercer lugar lo gan\u00f3 Edith Karolina Arredondo Rivera, quien a trav\u00e9s del proyecto \u201cIguanas Verdes\u201d basado en psicolog\u00eda deportiva, busca ayudar a ni\u00f1os y adolescentes para que no tomen un mal camino en su proceso de crecimiento, es decir que en el futuro sean j\u00f3venes propositivos.&nbsp;<\/span><\/p>\n<p style=\"text-align: justify;\">&nbsp;<\/p>\n<p class=\"x_MsoNormal\" style=\"text-align: justify;\"><span style=\"font-size: 14pt; font-family: arial, helvetica, sans-serif;\">Ante esto el director del ISJU reconoci\u00f3 la labor que han desempe\u00f1ado cada uno de los galardonados de este a\u00f1o, ya que sus acciones han contribuido a una mejor comunidad y lo que est\u00e1 impactando de manera positiva en Sinaloa.<\/span><\/p>\n<p style=\"text-align: justify;\">&nbsp;<\/p>\n<p class=\"x_MsoNormal\" style=\"text-align: justify;\"><span style=\"font-size: 14pt; font-family: arial, helvetica, sans-serif;\">Finalmente agreg\u00f3 que la premiaci\u00f3n se llevar\u00e1 a cabo en el Sal\u00f3n Gobernadores en el Palacio de Gobierno este mi\u00e9rcoles 30 de septiembre en presencia del gobernador, Quirino Ordaz Coppel.<\/span><\/p>\n<p style=\"text-align: justify;\">&nbsp;<\/p>\n<p class=\"x_MsoNormal\" style=\"text-align: justify;\"><span style=\"font-size: 14pt; font-family: arial, helvetica, sans-serif;\">Cabe destacar que los premios ser\u00e1n: una medalla y diploma de reconocimiento, para cada galardonado; adem\u00e1s de 5 mil pesos en efectivo para el tercer lugar, 10 mil pesos para el segundo y 20 mil pesos para el primer lugar.<\/span><\/p>\n<p style=\"text-align: justify;\">&nbsp;<\/p>\n<p style=\"text-align: justify;\"><span style=\"font-size: 14pt; font-family: arial, helvetica, sans-serif;\">REDACCI\u00d3N7VISI\u00d3N CIUDADANA.<\/span><\/p>\n","protected":false},"excerpt":{"rendered":"<p>&nbsp;&nbsp;Por sus acciones heroicas, principalmente como rescatista en Culiac\u00e1n y como voluntario en varios desastres naturales que se han registrado en los \u00faltimos a\u00f1os, el culiacanense Emir Ch\u00e1vez Fajardo obtuvo el primer lugar como galardonado del Premio Estatal de la Juventud \u00abRafael Buelna Tenorio\u00bb 2020 en su XV edici\u00f3n, as\u00ed lo dio a conocer el [&hellip;]<\/p>\n","protected":false},"author":1,"featured_media":5754,"comment_status":"open","ping_status":"closed","sticky":false,"template":"","format":"standard","meta":{"footnotes":""},"categories":[13],"tags":[],"ppma_author":[31],"class_list":["post-14278","post","type-post","status-publish","format-standard","has-post-thumbnail","hentry","category-locales"],"aioseo_notices":[],"authors":[{"term_id":31,"user_id":1,"is_guest":0,"slug":"ivan3vino","display_name":"Iv\u00e1n Trevi\u00f1o","avatar_url":{"url":"https:\/\/visionciudadana.com.mx\/oficial\/wp-content\/uploads\/2025\/09\/columna-ivan-Trevino.png","url2x":"https:\/\/visionciudadana.com.mx\/oficial\/wp-content\/uploads\/2025\/09\/columna-ivan-Trevino.png"},"0":null,"1":"","2":"","3":"","4":"","5":"","6":"","7":"","8":""}],"_links":{"self":[{"href":"https:\/\/visionciudadana.com.mx\/oficial\/wp-json\/wp\/v2\/posts\/14278","targetHints":{"allow":["GET"]}}],"collection":[{"href":"https:\/\/visionciudadana.com.mx\/oficial\/wp-json\/wp\/v2\/posts"}],"about":[{"href":"https:\/\/visionciudadana.com.mx\/oficial\/wp-json\/wp\/v2\/types\/post"}],"author":[{"embeddable":true,"href":"https:\/\/visionciudadana.com.mx\/oficial\/wp-json\/wp\/v2\/users\/1"}],"replies":[{"embeddable":true,"href":"https:\/\/visionciudadana.com.mx\/oficial\/wp-json\/wp\/v2\/comments?post=14278"}],"version-history":[{"count":0,"href":"https:\/\/visionciudadana.com.mx\/oficial\/wp-json\/wp\/v2\/posts\/14278\/revisions"}],"wp:featuredmedia":[{"embeddable":true,"href":"https:\/\/visionciudadana.com.mx\/oficial\/wp-json\/wp\/v2\/posts\/5754"}],"wp:attachment":[{"href":"https:\/\/visionciudadana.com.mx\/oficial\/wp-json\/wp\/v2\/media?parent=14278"}],"wp:term":[{"taxonomy":"category","embeddable":true,"href":"https:\/\/visionciudadana.com.mx\/oficial\/wp-json\/wp\/v2\/categories?post=14278"},{"taxonomy":"post_tag","embeddable":true,"href":"https:\/\/visionciudadana.com.mx\/oficial\/wp-json\/wp\/v2\/tags?post=14278"},{"taxonomy":"author","embeddable":true,"href":"https:\/\/visionciudadana.com.mx\/oficial\/wp-json\/wp\/v2\/ppma_author?post=14278"}],"curies":[{"name":"wp","href":"https:\/\/api.w.org\/{rel}","templated":true}]}}