{"id":14277,"date":"2020-09-30T12:34:33","date_gmt":"2020-09-30T12:34:33","guid":{"rendered":"https:\/\/visionciudadana.com.mx\/prueba\/2020\/09\/30\/sedeso-presenta-programa-emergente-de-apoyo-alimentario-a-la-cepal\/"},"modified":"2020-09-30T12:34:33","modified_gmt":"2020-09-30T12:34:33","slug":"sedeso-presenta-programa-emergente-de-apoyo-alimentario-a-la-cepal","status":"publish","type":"post","link":"https:\/\/visionciudadana.com.mx\/oficial\/2020\/09\/30\/sedeso-presenta-programa-emergente-de-apoyo-alimentario-a-la-cepal\/","title":{"rendered":"SEDESO presenta programa Emergente de Apoyo alimentario a la CEPAL"},"content":{"rendered":"<p><img decoding=\"async\" src=\"images\/2020\/sept.20\/sedeso.PNG\" alt=\"sedeso\" style=\"display: block; margin-left: auto; margin-right: auto;\" \/><\/p>\n<p class=\"x_MsoNormal\" style=\"text-align: justify;\"><span style=\"font-size: 14pt; font-family: arial, helvetica, sans-serif;\">Con el objetivo de reforzar el programa Emergente de Apoyo Alimentario y que pueda ser replicado a nivel internacional, el secretario de Desarrollo Social, Ricardo Madrid P\u00e9rez, present\u00f3 a la Comisi\u00f3n Econ\u00f3mica para Am\u00e9rica Latina y el Caribe (CEPAL), el proyecto y las pol\u00edticas p\u00fablicas que se han implementado con este apoyo para combatir los rezagos econ\u00f3micos durante la pandemia de COVID-19.<\/span><\/p>\n<p style=\"text-align: justify;\">&nbsp;<\/p>\n<p class=\"x_MsoNormal\" style=\"text-align: justify;\"><span style=\"font-size: 14pt; font-family: arial, helvetica, sans-serif;\">Durante la reuni\u00f3n el secretario de Desarrollo Social expres\u00f3 que es de suma importancia trabajar en conjunto con la CEPAL ya que es un organismo internacional,&nbsp; reconocido por promover el desarrollo econ\u00f3mico y social en el mundo de una manera profesional y con apego a la legalidad.<\/span><\/p>\n<p style=\"text-align: justify;\">&nbsp;<\/p>\n<p class=\"x_MsoNormal\" style=\"text-align: justify;\"><span style=\"font-size: 14pt; font-family: arial, helvetica, sans-serif;\">\u201cA nosotros nos interesa mucho de todo el conocimiento y experiencia de CEPAL para ir estructurando la mejora continua del apoyo a las familias sinaloenses; qu\u00e9 observaciones generales pudieran tener ustedes, c\u00f3mo podemos fortalecer el crecimiento de n\u00famero de tarjetas del apoyo alimentario, c\u00f3mo podemos vincularnos para servir mejor a quienes sufren los efectos de la crisis; nos interesa mucho fortalecer metodol\u00f3gicamente este programa\u201d, dijo.<\/span><\/p>\n<p style=\"text-align: justify;\">&nbsp;<\/p>\n<p class=\"x_MsoNormal\" style=\"text-align: justify;\"><span style=\"font-size: 14pt; font-family: arial, helvetica, sans-serif;\">Por su parte quienes participaron por parte de la CEPAL mostraron toda su disposici\u00f3n para colaborar en conjunto con SEDESO en el fortalecimiento del Programa Emergente de Apoyo Alimentario, el cual ha sido de gran impacto econ\u00f3mico de una manera favorable para las familias&nbsp; sinaloenses, ante la presencia de esta pandemia.<\/span><\/p>\n<p style=\"text-align: justify;\">&nbsp;<\/p>\n<p class=\"x_MsoNormal\" style=\"text-align: justify;\"><span style=\"font-size: 14pt; font-family: arial, helvetica, sans-serif;\">En ese sentido, Ricardo Madrid destac\u00f3 que este proyecto es proveniente de un esfuerzo local por parte del Gobernador del Estado, Quirino Ordaz para apoyar la alimentaci\u00f3n, focalizando a los habitantes que viven en los pol\u00edgonos de pobreza y que determina el Consejo Nacional de Evaluaci\u00f3n de la Pol\u00edtica de Desarrollo Social (Coneval).<\/span><\/p>\n<p style=\"text-align: justify;\">&nbsp;<\/p>\n<p class=\"x_MsoNormal\" style=\"text-align: justify;\"><span style=\"font-size: 14pt; font-family: arial, helvetica, sans-serif;\">Destac\u00f3 el posicionamiento que realiz\u00f3 Alicia B\u00e1rcena, secretar\u00eda ejecutiva de la CEPAL meses atr\u00e1s, donde mencion\u00f3 que \u00aben el marco del 5\u00ba informe especial Covid-19, era necesario de manera urgente&nbsp; otorgar un bono alimentario, que garantice recursos m\u00ednimos para las familias en situaci\u00f3n de vulnerabilidad\u00bb.<\/span><\/p>\n<p class=\"x_MsoNormal\" style=\"text-align: justify;\">&nbsp;<\/p>\n<p style=\"text-align: justify;\"><span style=\"font-size: 14pt; font-family: arial, helvetica, sans-serif;\">REDACCI\u00d3N\/VISI\u00d3N CIUDADANA.<\/span><\/p>\n","protected":false},"excerpt":{"rendered":"<p>Con el objetivo de reforzar el programa Emergente de Apoyo Alimentario y que pueda ser replicado a nivel internacional, el secretario de Desarrollo Social, Ricardo Madrid P\u00e9rez, present\u00f3 a la Comisi\u00f3n Econ\u00f3mica para Am\u00e9rica Latina y el Caribe (CEPAL), el proyecto y las pol\u00edticas p\u00fablicas que se han implementado con este apoyo para combatir los [&hellip;]<\/p>\n","protected":false},"author":1,"featured_media":5752,"comment_status":"open","ping_status":"closed","sticky":false,"template":"","format":"standard","meta":{"footnotes":""},"categories":[24],"tags":[],"ppma_author":[31],"class_list":["post-14277","post","type-post","status-publish","format-standard","has-post-thumbnail","hentry","category-relevantes"],"aioseo_notices":[],"authors":[{"term_id":31,"user_id":1,"is_guest":0,"slug":"ivan3vino","display_name":"Iv\u00e1n Trevi\u00f1o","avatar_url":{"url":"https:\/\/visionciudadana.com.mx\/oficial\/wp-content\/uploads\/2025\/09\/columna-ivan-Trevino.png","url2x":"https:\/\/visionciudadana.com.mx\/oficial\/wp-content\/uploads\/2025\/09\/columna-ivan-Trevino.png"},"0":null,"1":"","2":"","3":"","4":"","5":"","6":"","7":"","8":""}],"_links":{"self":[{"href":"https:\/\/visionciudadana.com.mx\/oficial\/wp-json\/wp\/v2\/posts\/14277","targetHints":{"allow":["GET"]}}],"collection":[{"href":"https:\/\/visionciudadana.com.mx\/oficial\/wp-json\/wp\/v2\/posts"}],"about":[{"href":"https:\/\/visionciudadana.com.mx\/oficial\/wp-json\/wp\/v2\/types\/post"}],"author":[{"embeddable":true,"href":"https:\/\/visionciudadana.com.mx\/oficial\/wp-json\/wp\/v2\/users\/1"}],"replies":[{"embeddable":true,"href":"https:\/\/visionciudadana.com.mx\/oficial\/wp-json\/wp\/v2\/comments?post=14277"}],"version-history":[{"count":0,"href":"https:\/\/visionciudadana.com.mx\/oficial\/wp-json\/wp\/v2\/posts\/14277\/revisions"}],"wp:featuredmedia":[{"embeddable":true,"href":"https:\/\/visionciudadana.com.mx\/oficial\/wp-json\/wp\/v2\/posts\/5752"}],"wp:attachment":[{"href":"https:\/\/visionciudadana.com.mx\/oficial\/wp-json\/wp\/v2\/media?parent=14277"}],"wp:term":[{"taxonomy":"category","embeddable":true,"href":"https:\/\/visionciudadana.com.mx\/oficial\/wp-json\/wp\/v2\/categories?post=14277"},{"taxonomy":"post_tag","embeddable":true,"href":"https:\/\/visionciudadana.com.mx\/oficial\/wp-json\/wp\/v2\/tags?post=14277"},{"taxonomy":"author","embeddable":true,"href":"https:\/\/visionciudadana.com.mx\/oficial\/wp-json\/wp\/v2\/ppma_author?post=14277"}],"curies":[{"name":"wp","href":"https:\/\/api.w.org\/{rel}","templated":true}]}}