{"id":14276,"date":"2020-09-30T12:31:03","date_gmt":"2020-09-30T12:31:03","guid":{"rendered":"https:\/\/visionciudadana.com.mx\/prueba\/2020\/09\/30\/nuevo-centro-de-salud-en-culiacan-al-95-por-ciento-de-su-construccion\/"},"modified":"2020-09-30T12:31:03","modified_gmt":"2020-09-30T12:31:03","slug":"nuevo-centro-de-salud-en-culiacan-al-95-por-ciento-de-su-construccion","status":"publish","type":"post","link":"https:\/\/visionciudadana.com.mx\/oficial\/2020\/09\/30\/nuevo-centro-de-salud-en-culiacan-al-95-por-ciento-de-su-construccion\/","title":{"rendered":"Nuevo Centro de Salud en Culiac\u00e1n al 95 por ciento de su construcci\u00f3n"},"content":{"rendered":"<div>\n<p style=\"text-align: justify;\"><img decoding=\"async\" src=\"images\/2020\/sept.20\/casi_terminado.PNG\" alt=\"casi terminado\" style=\"display: block; margin-left: auto; margin-right: auto;\" \/><\/p>\n<p class=\"x_MsoNormal\" style=\"text-align: justify;\"><span style=\"font-size: 14pt; font-family: arial, helvetica, sans-serif;\">Una de las obras emblem\u00e1ticas en el actual gobierno de&nbsp;<b>Quirino Ordaz Coppel<\/b>, es la construcci\u00f3n del Nuevo Edificio del &nbsp;Centro de Salud Urbano de Culiac\u00e1n, el cual se encuentra a un&nbsp;<b>95 por ciento<\/b>&nbsp;de su construcci\u00f3n total y el cual est\u00e1 pr\u00f3ximo a concluir para brindar atenci\u00f3n de primer nivel a la poblaci\u00f3n de la capital Sinaloense.<\/span><\/p>\n<p style=\"text-align: justify;\">&nbsp;<\/p>\n<p class=\"x_MsoNormal\" style=\"text-align: justify;\"><span style=\"font-size: 14pt; font-family: arial, helvetica, sans-serif;\">El actual edificio se construye donde anteriormente se encontraba el antiguo Centro de Salud, el cual era disfuncional y obsoleto para las necesidades, tanto del personal como de los pacientes, por ello con esta nueva unidad M\u00e9dica de Primer nivel de Atenci\u00f3n M\u00e9dica, tanto personal como usuarios podr\u00e1n tener unas instalaciones c\u00f3modas funcionales y de primera generaci\u00f3n&nbsp;<\/span><\/p>\n<p style=\"text-align: justify;\">&nbsp;<\/p>\n<p class=\"x_MsoNormal\" style=\"text-align: justify;\"><span style=\"font-size: 14pt; font-family: arial, helvetica, sans-serif;\">Es por ello que la&nbsp;<b>Secretar\u00eda de Obras P\u00fablicas del Gobierno del Estado<\/b>, se encuentra trabajando a marchas forzadas para concluir este valioso proyecto, el cual ha sido minuciosamente supervisado por el titular de esta dependencia&nbsp;<b>Osbaldo L\u00f3pez Angulo.<\/b><\/span><\/p>\n<p class=\"x_MsoNormal\" style=\"text-align: justify;\"><span style=\"font-size: 14pt; font-family: arial, helvetica, sans-serif;\"><b>&nbsp;<\/b><\/span><\/p>\n<p class=\"x_MsoNormal\" style=\"text-align: justify;\"><span style=\"font-size: 14pt; font-family: arial, helvetica, sans-serif;\">Tras 60 a\u00f1os de existencia del anterior Centro de Salud, las condiciones e infraestructura ya no eran las \u00f3ptimas para brindar un servicio de calidad como la poblaci\u00f3n de Culiac\u00e1n y sus comunidades lo merecen.<\/span><\/p>\n<p style=\"text-align: justify;\">&nbsp;<\/p>\n<p class=\"x_MsoNormal\" style=\"text-align: justify;\"><span style=\"font-size: 14pt; font-family: arial, helvetica, sans-serif;\">Con la nueva Unidad M\u00e9dica tanto personal M\u00e9dico, Qu\u00edmicos, Especialistas, Dentistas y Enfermeras, podr\u00e1n brindar un mejor trabajo y a su vez los derechohabientes de la capital Sinaloense y sus alrededores recibir\u00e1n una atenci\u00f3n digna y de calidad, donde se podr\u00e1 tener la capacidad para atender a m\u00e1s&nbsp;<b>de 240 mil personas<\/b>, que no gozan de una prestaci\u00f3n social.<\/span><\/p>\n<p style=\"text-align: justify;\">&nbsp;<\/p>\n<p class=\"x_MsoNormal\" style=\"text-align: justify;\"><span style=\"font-size: 14pt; font-family: arial, helvetica, sans-serif;\">Ubicado por el Boulevard Francisco Zarco, esta anhelada obra tiene una&nbsp;<b>inversi\u00f3n aproximada de 164 millones de pesos<\/b>, se espera que dentro de unas semanas esta magna obra pueda estar culminada.<\/span><\/p>\n<p style=\"text-align: justify;\">&nbsp;<\/p>\n<p class=\"x_MsoNormal\" style=\"text-align: justify;\"><span style=\"font-size: 14pt; font-family: arial, helvetica, sans-serif;\">El inmueble tendr\u00e1 una superficie ampliada de 3 mil metros cuadrados, contar\u00e1 con m\u00e1s de 30 consultorios y equipamiento, continuar\u00e1n dando atenci\u00f3n preventiva y curativa en Medicina Interna, Ginecolog\u00eda, Pediatr\u00eda, Medicina Familiar, enfermedades Cr\u00f3nico-Degenerativas cirug\u00edas de primer nivel como Vasectom\u00edas, Radiolog\u00eda, Imagenolog\u00eda, detecci\u00f3n de C\u00e1ncer de Mama, entre otros servicios.<\/span><\/p>\n<p style=\"text-align: justify;\">&nbsp;<\/p>\n<p class=\"x_MsoNormal\" style=\"text-align: justify;\" align=\"center\"><span style=\"font-size: 14pt; font-family: arial, helvetica, sans-serif;\"><b>TRABAJOS EN ESTOS MOMENTOS<\/b>:<\/span><\/p>\n<p class=\"x_gmail-MsoListParagraphCxSpFirst\" style=\"text-align: justify;\"><span style=\"font-size: 14pt; font-family: arial, helvetica, sans-serif;\">\u00b7&nbsp;&nbsp;&nbsp;&nbsp;&nbsp;&nbsp;&nbsp;&nbsp;&nbsp;Estructuras de concreto<\/span><\/p>\n<p class=\"x_gmail-MsoListParagraphCxSpMiddle\" style=\"text-align: justify;\"><span style=\"font-size: 14pt; font-family: arial, helvetica, sans-serif;\">\u00b7&nbsp;&nbsp;&nbsp;&nbsp;&nbsp;&nbsp;&nbsp;&nbsp;&nbsp;Alba\u00f1iler\u00eda, acabados en muros, pisos y zoclos<\/span><\/p>\n<p class=\"x_gmail-MsoListParagraphCxSpMiddle\" style=\"text-align: justify;\"><span style=\"font-size: 14pt; font-family: arial, helvetica, sans-serif;\">\u00b7&nbsp;&nbsp;&nbsp;&nbsp;&nbsp;&nbsp;&nbsp;&nbsp;&nbsp;Trabajos de Carpinter\u00eda<\/span><\/p>\n<p class=\"x_gmail-MsoListParagraphCxSpMiddle\" style=\"text-align: justify;\"><span style=\"font-size: 14pt; font-family: arial, helvetica, sans-serif;\">\u00b7&nbsp;&nbsp;&nbsp;&nbsp;&nbsp;&nbsp;&nbsp;&nbsp;&nbsp;Herrer\u00eda, instalaciones Hidr\u00e1ulicas, Sanitarias y El\u00e9ctricas<\/span><\/p>\n<p style=\"text-align: justify;\">&nbsp;<\/p>\n<p class=\"x_gmail-MsoListParagraphCxSpMiddle\" style=\"text-align: justify;\"><span style=\"font-size: 14pt; font-family: arial, helvetica, sans-serif;\">\u00b7&nbsp;&nbsp;&nbsp;&nbsp;&nbsp;&nbsp;&nbsp;&nbsp;&nbsp;Adem\u00e1s de la colocaci\u00f3n de aires acondicionados y detecci\u00f3n de incendios, sistema de circuito cerrado de televisi\u00f3n y vigilancia. As\u00ed c\u00f3mo sistema de control de acceso, instalaci\u00f3n de gases medicinales y gas natural<\/span><\/p>\n<p style=\"text-align: justify;\">&nbsp;<\/p>\n<p class=\"x_gmail-MsoListParagraphCxSpLast\" style=\"text-align: justify;\"><span style=\"font-size: 14pt; font-family: arial, helvetica, sans-serif;\">\u00b7&nbsp;&nbsp;&nbsp;&nbsp;&nbsp;&nbsp;&nbsp;&nbsp;&nbsp;Elevadores y escaleras de emergencia, as\u00ed como obras exteriores, entre otras adecuaciones m\u00e1s.<\/span><\/p>\n<p style=\"text-align: justify;\">&nbsp;<\/p>\n<p class=\"x_MsoNormal\" style=\"text-align: justify;\"><span style=\"font-size: 14pt; font-family: arial, helvetica, sans-serif;\">Con esta obra la actual administraci\u00f3n de&nbsp;<b>Quirino Ordaz Coppel<\/b>, cumple un a\u00f1ejo compromiso a la sociedad Sinaloense, pues al Centro de Salud Urbano de Culiac\u00e1n por a\u00f1os, su infraestructura se hab\u00eda quedado estancada, deterioraba y representando un peligro tanto para personal, como usuarios.<\/span><\/p>\n<p style=\"text-align: justify;\">&nbsp;<\/p>\n<p class=\"x_MsoNormal\" style=\"text-align: justify;\"><span style=\"font-size: 14pt; font-family: arial, helvetica, sans-serif;\">Ahora se cumple con la palabra empe\u00f1ada del mandatario estatal d\u00e1ndole la seguridad social a miles de familias Sinaloenses con mejores instalaciones, para la atenci\u00f3n m\u00e9dica de primer nivel de atenci\u00f3n.<\/span><\/p>\n<p style=\"text-align: justify;\">&nbsp;<\/p>\n<p class=\"x_MsoNormal\" style=\"text-align: justify;\"><span style=\"font-size: 14pt; font-family: arial, helvetica, sans-serif;\">Una obra con sentido social y humano que marcara diferencia en la infraestructura hospitalaria del Estado, para el bienestar de todos los Sinaloenses.<\/span><\/p>\n<p class=\"x_MsoNormal\" style=\"text-align: justify;\"><span style=\"font-size: 14pt; font-family: arial, helvetica, sans-serif;\">El Gobernador una vez m\u00e1s en materia de Salud impone su distintivo de&nbsp;<b>\u201ccalidad Puro Sinaloa\u201d.<\/b><\/span><\/p>\n<p style=\"text-align: justify;\">&nbsp;<\/p>\n<p style=\"text-align: justify;\"><span style=\"font-size: 14pt; font-family: arial, helvetica, sans-serif;\">REDACCI\u00d3N\/VISI\u00d3N CIUDADANA.<\/span><\/p>\n<\/div>\n<div>&nbsp;<\/div>\n","protected":false},"excerpt":{"rendered":"<p>Una de las obras emblem\u00e1ticas en el actual gobierno de&nbsp;Quirino Ordaz Coppel, es la construcci\u00f3n del Nuevo Edificio del &nbsp;Centro de Salud Urbano de Culiac\u00e1n, el cual se encuentra a un&nbsp;95 por ciento&nbsp;de su construcci\u00f3n total y el cual est\u00e1 pr\u00f3ximo a concluir para brindar atenci\u00f3n de primer nivel a la poblaci\u00f3n de la capital [&hellip;]<\/p>\n","protected":false},"author":1,"featured_media":5750,"comment_status":"open","ping_status":"closed","sticky":false,"template":"","format":"standard","meta":{"footnotes":""},"categories":[24],"tags":[],"ppma_author":[31],"class_list":["post-14276","post","type-post","status-publish","format-standard","has-post-thumbnail","hentry","category-relevantes"],"aioseo_notices":[],"authors":[{"term_id":31,"user_id":1,"is_guest":0,"slug":"ivan3vino","display_name":"Iv\u00e1n Trevi\u00f1o","avatar_url":{"url":"https:\/\/visionciudadana.com.mx\/oficial\/wp-content\/uploads\/2025\/09\/columna-ivan-Trevino.png","url2x":"https:\/\/visionciudadana.com.mx\/oficial\/wp-content\/uploads\/2025\/09\/columna-ivan-Trevino.png"},"0":null,"1":"","2":"","3":"","4":"","5":"","6":"","7":"","8":""}],"_links":{"self":[{"href":"https:\/\/visionciudadana.com.mx\/oficial\/wp-json\/wp\/v2\/posts\/14276","targetHints":{"allow":["GET"]}}],"collection":[{"href":"https:\/\/visionciudadana.com.mx\/oficial\/wp-json\/wp\/v2\/posts"}],"about":[{"href":"https:\/\/visionciudadana.com.mx\/oficial\/wp-json\/wp\/v2\/types\/post"}],"author":[{"embeddable":true,"href":"https:\/\/visionciudadana.com.mx\/oficial\/wp-json\/wp\/v2\/users\/1"}],"replies":[{"embeddable":true,"href":"https:\/\/visionciudadana.com.mx\/oficial\/wp-json\/wp\/v2\/comments?post=14276"}],"version-history":[{"count":0,"href":"https:\/\/visionciudadana.com.mx\/oficial\/wp-json\/wp\/v2\/posts\/14276\/revisions"}],"wp:featuredmedia":[{"embeddable":true,"href":"https:\/\/visionciudadana.com.mx\/oficial\/wp-json\/wp\/v2\/posts\/5750"}],"wp:attachment":[{"href":"https:\/\/visionciudadana.com.mx\/oficial\/wp-json\/wp\/v2\/media?parent=14276"}],"wp:term":[{"taxonomy":"category","embeddable":true,"href":"https:\/\/visionciudadana.com.mx\/oficial\/wp-json\/wp\/v2\/categories?post=14276"},{"taxonomy":"post_tag","embeddable":true,"href":"https:\/\/visionciudadana.com.mx\/oficial\/wp-json\/wp\/v2\/tags?post=14276"},{"taxonomy":"author","embeddable":true,"href":"https:\/\/visionciudadana.com.mx\/oficial\/wp-json\/wp\/v2\/ppma_author?post=14276"}],"curies":[{"name":"wp","href":"https:\/\/api.w.org\/{rel}","templated":true}]}}