{"id":14269,"date":"2020-09-29T12:36:55","date_gmt":"2020-09-29T12:36:55","guid":{"rendered":"https:\/\/visionciudadana.com.mx\/prueba\/2020\/09\/29\/realizan-foro-estatal-de-centros-residenciales-de-adicciones\/"},"modified":"2020-09-29T12:36:55","modified_gmt":"2020-09-29T12:36:55","slug":"realizan-foro-estatal-de-centros-residenciales-de-adicciones","status":"publish","type":"post","link":"https:\/\/visionciudadana.com.mx\/oficial\/2020\/09\/29\/realizan-foro-estatal-de-centros-residenciales-de-adicciones\/","title":{"rendered":"Realizan foro estatal de Centros residenciales de adicciones"},"content":{"rendered":"<p style=\"text-align: justify;\"><img decoding=\"async\" src=\"images\/2020\/sept.20\/cepta.PNG\" alt=\"cepta\" style=\"display: block; margin-left: auto; margin-right: auto;\" \/><\/p>\n<p class=\"x_MsoNormal\" style=\"text-align: justify;\"><span lang=\"ES-MX\" style=\"font-size: 14pt; font-family: arial, helvetica, sans-serif;\"> La Secretar\u00eda de Salud de Sinaloa, a trav\u00e9s de la Comisi\u00f3n Estatal para la Prevenci\u00f3n, Tratamiento y Control de las Adicciones (CEPTCA), realizan el 14\u00b0 Foro Estatal de Centros Residenciales de Adicciones bajo el lema&nbsp;<i>\u201cResiliencia a la Nueva Normalidad\u201d,&nbsp;<\/i>enfocado a los directores de estas instituciones que trabajan en favor de usuarios, internos, personal y familiares de los establecimientos de atenci\u00f3n en adicciones en nuestro estado.<\/span><\/p>\n<p style=\"text-align: justify;\">&nbsp;<\/p>\n<p class=\"x_MsoNormal\" style=\"text-align: justify;\"><span lang=\"ES-MX\" style=\"font-size: 14pt; font-family: arial, helvetica, sans-serif;\">Con la representaci\u00f3n del Dr. Efr\u00e9n Encinas Torres, Secretario de Salud, acudi\u00f3 el Dr. V\u00edctor Hugo S\u00e1nchez Malof, subsecretario de Atenci\u00f3n M\u00e9dica, quien se\u00f1al\u00f3 sentirse honrado al participar en este encuentro ya que es motivo de orgullo y respeto el trabajo que realizan cada una de las personas y profesionistas que conforman cada uno de los Centros de Rehabilitaci\u00f3n de Sinaloa en favor de este sector de la poblaci\u00f3n que de verdad necesita este apoyo para salir delante de sus adicciones.<\/span><\/p>\n<p style=\"text-align: justify;\">&nbsp;<\/p>\n<p class=\"x_MsoNormal\" style=\"text-align: justify;\"><span lang=\"ES-MX\" style=\"font-size: 14pt; font-family: arial, helvetica, sans-serif;\">\u201cTodos ustedes son una parte importante en la prevenci\u00f3n de adicciones, el apoyo que se da no solamente es en la mente, es un trabajo es un trabajo arduo el que est\u00e1n ustedes realizando y realmente me siento honrado en venir a representar a nuestro Gobernador y a nuestro Secretario de Salud porque el trabajo que ustedes realizan debe ser honrado, debe ser respetado, debemos todos darles las gracias por ese esfuerzo tan grande que ustedes est\u00e1n haciendo\u201d, expres\u00f3.<\/span><\/p>\n<p style=\"text-align: justify;\">&nbsp;<\/p>\n<p class=\"x_MsoNormal\" style=\"text-align: justify;\"><span lang=\"ES-MX\" style=\"font-size: 14pt; font-family: arial, helvetica, sans-serif;\">Por su parte, el Dr. Cristhian Aldo Mu\u00f1oz Madrid, Comisionado Estatal de CEPTA, destac\u00f3 que tratar el tema de las adicciones permite que en Sinaloa se trabaje por disminuir los \u00edndices delictivos y de violencia intrafamiliar porque el trabajo en conjunto que se realiza involucra a familias enteras, el personal de los Centros de Rehabilitaci\u00f3n y se tiene como resultado un mejor panorama ante la sociedad.<\/span><\/p>\n<p style=\"text-align: justify;\">&nbsp;<\/p>\n<p class=\"x_MsoNormal\" style=\"text-align: justify;\"><span lang=\"ES-MX\" style=\"font-size: 14pt; font-family: arial, helvetica, sans-serif;\">\u201cPrincipalmente agradecer a todos los Centros de Rehabilitaci\u00f3n del Estado de Sinaloa, a todas esas personas que salvan vidas diariamente, que ayudan a que estas personas vuelvan con sus familias y sobre todo que siempre est\u00e1n enfocados al tratamiento del tema de las adicciones; cada uno de los j\u00f3venes en rehabilitaci\u00f3n es una oportunidad m\u00e1s para seguir adelante, es una oportunidad de ser y servir a nuestro bello Estado de Sinaloa, tratar el tema de adicciones no es tratar una simple gripa, es tratar a seres humanos que quieren salir adelante, es volver a renacer o volver a ayudar a renacer a las personas que realmente lo requieren\u201d, puntualiz\u00f3.<\/span><\/p>\n<p style=\"text-align: justify;\">&nbsp;<\/p>\n<p class=\"x_MsoNormal\" style=\"text-align: justify;\"><span lang=\"ES-MX\" style=\"font-size: 14pt; font-family: arial, helvetica, sans-serif;\">Es importante destacar que Sinaloa se posiciona en el primer lugar a nivel nacional en centros acreditados por la Comisi\u00f3n Nacional contra las Adicciones (CONADIC), por lo que en este 14\u00b0 Foro Estatal de Centros Residenciales se hizo entrega de 10 reconocimientos federales por parte de esta importante instituci\u00f3n a igual n\u00famero de Centros por mantener su calidad en los trabajos contra las adicciones.<\/span><\/p>\n<p style=\"text-align: justify;\">&nbsp;<\/p>\n<p class=\"x_MsoNormal\" style=\"text-align: justify;\"><span lang=\"ES-MX\" style=\"font-size: 14pt; font-family: arial, helvetica, sans-serif;\">Asimismo, se entregaron cinco apoyos econ\u00f3micos por medio de becas a Centros de Rehabilitaci\u00f3n para solventar los gastos de residencia de aquellos usuarios o internos que lo necesiten en su tratamiento.<\/span><\/p>\n<p style=\"text-align: justify;\">&nbsp;<\/p>\n<p class=\"x_MsoNormal\" style=\"text-align: justify;\"><span lang=\"ES-MX\" style=\"font-size: 14pt; font-family: arial, helvetica, sans-serif;\">Este Foro, que se realiza cada a\u00f1o en la entidad, ha cumplido con el compromiso de trabajar con mayor fuerza y en equipo el tratamiento contra las adicciones. En este a\u00f1o 2020, que se ha tornado un tanto dif\u00edcil, la salud de todos ha estado en riesgo, a\u00fan as\u00ed, con la frente en alto y con los protocolos y medidas sanitarias de protecci\u00f3n, es a trav\u00e9s de este tipo de encuentros que se da cumplimiento a las responsabilidades adquiridas para este a\u00f1o en torno al tema de las adicciones en Sinaloa.<\/span><\/p>\n<p style=\"text-align: justify;\">&nbsp;<\/p>\n<p style=\"text-align: justify;\"><span style=\"font-size: 14pt; font-family: arial, helvetica, sans-serif;\">REDACCI\u00d3N\/VISI\u00d3N CIUDADANA.<\/span><\/p>\n","protected":false},"excerpt":{"rendered":"<p>La Secretar\u00eda de Salud de Sinaloa, a trav\u00e9s de la Comisi\u00f3n Estatal para la Prevenci\u00f3n, Tratamiento y Control de las Adicciones (CEPTCA), realizan el 14\u00b0 Foro Estatal de Centros Residenciales de Adicciones bajo el lema&nbsp;\u201cResiliencia a la Nueva Normalidad\u201d,&nbsp;enfocado a los directores de estas instituciones que trabajan en favor de usuarios, internos, personal y familiares [&hellip;]<\/p>\n","protected":false},"author":1,"featured_media":5736,"comment_status":"open","ping_status":"closed","sticky":false,"template":"","format":"standard","meta":{"footnotes":""},"categories":[13],"tags":[],"ppma_author":[31],"class_list":["post-14269","post","type-post","status-publish","format-standard","has-post-thumbnail","hentry","category-locales"],"aioseo_notices":[],"authors":[{"term_id":31,"user_id":1,"is_guest":0,"slug":"ivan3vino","display_name":"Iv\u00e1n Trevi\u00f1o","avatar_url":{"url":"https:\/\/visionciudadana.com.mx\/oficial\/wp-content\/uploads\/2025\/09\/columna-ivan-Trevino.png","url2x":"https:\/\/visionciudadana.com.mx\/oficial\/wp-content\/uploads\/2025\/09\/columna-ivan-Trevino.png"},"0":null,"1":"","2":"","3":"","4":"","5":"","6":"","7":"","8":""}],"_links":{"self":[{"href":"https:\/\/visionciudadana.com.mx\/oficial\/wp-json\/wp\/v2\/posts\/14269","targetHints":{"allow":["GET"]}}],"collection":[{"href":"https:\/\/visionciudadana.com.mx\/oficial\/wp-json\/wp\/v2\/posts"}],"about":[{"href":"https:\/\/visionciudadana.com.mx\/oficial\/wp-json\/wp\/v2\/types\/post"}],"author":[{"embeddable":true,"href":"https:\/\/visionciudadana.com.mx\/oficial\/wp-json\/wp\/v2\/users\/1"}],"replies":[{"embeddable":true,"href":"https:\/\/visionciudadana.com.mx\/oficial\/wp-json\/wp\/v2\/comments?post=14269"}],"version-history":[{"count":0,"href":"https:\/\/visionciudadana.com.mx\/oficial\/wp-json\/wp\/v2\/posts\/14269\/revisions"}],"wp:featuredmedia":[{"embeddable":true,"href":"https:\/\/visionciudadana.com.mx\/oficial\/wp-json\/wp\/v2\/media\/5736"}],"wp:attachment":[{"href":"https:\/\/visionciudadana.com.mx\/oficial\/wp-json\/wp\/v2\/media?parent=14269"}],"wp:term":[{"taxonomy":"category","embeddable":true,"href":"https:\/\/visionciudadana.com.mx\/oficial\/wp-json\/wp\/v2\/categories?post=14269"},{"taxonomy":"post_tag","embeddable":true,"href":"https:\/\/visionciudadana.com.mx\/oficial\/wp-json\/wp\/v2\/tags?post=14269"},{"taxonomy":"author","embeddable":true,"href":"https:\/\/visionciudadana.com.mx\/oficial\/wp-json\/wp\/v2\/ppma_author?post=14269"}],"curies":[{"name":"wp","href":"https:\/\/api.w.org\/{rel}","templated":true}]}}