{"id":14268,"date":"2020-09-29T12:29:59","date_gmt":"2020-09-29T12:29:59","guid":{"rendered":"https:\/\/visionciudadana.com.mx\/prueba\/2020\/09\/29\/presidenta-de-jucopo-entrega-informe-de-actividades-en-su-segundo-ano-de-trabajo-legislativo\/"},"modified":"2020-09-29T12:29:59","modified_gmt":"2020-09-29T12:29:59","slug":"presidenta-de-jucopo-entrega-informe-de-actividades-en-su-segundo-ano-de-trabajo-legislativo","status":"publish","type":"post","link":"https:\/\/visionciudadana.com.mx\/oficial\/2020\/09\/29\/presidenta-de-jucopo-entrega-informe-de-actividades-en-su-segundo-ano-de-trabajo-legislativo\/","title":{"rendered":"Presidenta de JUCOPO entrega informe de actividades en su segundo a\u00f1o de trabajo legislativo"},"content":{"rendered":"<p style=\"text-align: justify;\"><img decoding=\"async\" src=\"images\/2020\/sept.20\/jucopos.PNG\" alt=\"jucopos\" style=\"display: block; margin-left: auto; margin-right: auto;\" \/><\/p>\n<p style=\"text-align: justify;\"><span style=\"font-size: 14pt; font-family: arial, helvetica, sans-serif;\">Un informe de las actividades que como presidenta de la Mesa Directiva del Congreso del Estado de Sinaloa realiz\u00f3 en el Segundo A\u00f1o de Ejercicio Constitucional de esta Sesenta y Tres Legislatura, entreg\u00f3 la diputada Gloria Himelda F\u00e9lix Niebla a la Junta de Coordinaci\u00f3n Pol\u00edtica.<\/span><\/p>\n<p>&nbsp;<\/p>\n<p style=\"text-align: justify;\"><span style=\"font-size: 14pt; font-family: arial, helvetica, sans-serif;\">La diputada Graciela Dom\u00ednguez Nava, presidenta de la Junta de Coordinaci\u00f3n Pol\u00edtica recibi\u00f3 de la diputada Gloria Himelda F\u00e9lix Niebla un documento titulado: Informe de la Presidencia Respecto de las Actividades Realizadas <\/span><\/p>\n<p style=\"text-align: justify;\">&nbsp;<\/p>\n<p style=\"text-align: justify;\"><span style=\"font-size: 14pt; font-family: arial, helvetica, sans-serif;\">Durante el Segundo A\u00f1o de Ejercicio Constitucional. F\u00e9lix Niebla explic\u00f3 que la Ley Org\u00e1nica del Congreso del Estado de Sinaloa no establece la disposici\u00f3n expresa mediante la cual obligue a la Mesa Directiva a la presentaci\u00f3n de un informe sobre las actividades realizadas durante el periodo ejercido. <\/span><\/p>\n<p style=\"text-align: justify;\">&nbsp;<\/p>\n<p style=\"text-align: justify;\"><span style=\"font-size: 14pt; font-family: arial, helvetica, sans-serif;\">Sin embargo, prosigui\u00f3 la presidenta de la Mesa Directiva, este instrumento hace las veces de un informe como un ejercicio proactivo de rendici\u00f3n de cuentas que espera sirva como paradigma hacia el futuro y sea replicado con \u00e9xito por integraciones posteriores. <\/span><\/p>\n<p style=\"text-align: justify;\">&nbsp;<\/p>\n<p style=\"text-align: justify;\"><span style=\"font-size: 14pt; font-family: arial, helvetica, sans-serif;\">\u00abEs testimonio de las acciones realizadas, pero tambi\u00e9n de los retos enfrentados y las medidas implementadas para garantizar la continuidad y ejecuci\u00f3n debida y ordenada de las atribuciones que nos se\u00f1alan tanto la Constituci\u00f3n Pol\u00edtica del Estado de Sinaloa como por la Ley Org\u00e1nica que regula el funcionamiento interno de este Congreso y el resto de las Leyes que integran nuestro orden jur\u00eddico\u00bb, explic\u00f3. <\/span><\/p>\n<p style=\"text-align: justify;\">&nbsp;<\/p>\n<p style=\"text-align: justify;\"><span style=\"font-size: 14pt; font-family: arial, helvetica, sans-serif;\">F\u00e9lix Niebla agradeci\u00f3 el respaldo y acompa\u00f1amiento dado a la integraci\u00f3n de la Mesa Directiva por todas las diputadas y diputados del Congreso y por las coordinaciones parlamentarias de los partidos pol\u00edticos.<\/span><\/p>\n<p style=\"text-align: justify;\">&nbsp;<\/p>\n<p style=\"text-align: justify;\"><span style=\"font-size: 14pt; font-family: arial, helvetica, sans-serif;\"> \u00abPero sobre todo por el voto de confianza depositado en nuestras personas para la realizaci\u00f3n de esta importante encomienda en este a\u00f1o de importantes retos, compromiso que hemos hecho palpables en todas y cada una de nuestras acciones, much\u00edsimas gracias\u00bb, manifest\u00f3.<\/span><\/p>\n<p style=\"text-align: justify;\">&nbsp;<\/p>\n<p style=\"text-align: justify;\"><span style=\"font-size: 14pt; font-family: arial, helvetica, sans-serif;\"> Despu\u00e9s de recibir el informe, Graciela Dom\u00ednguez Nava, presidenta de la Junta de Coordinaci\u00f3n Pol\u00edtica, destac\u00f3 el trabajo de la presidenta de la Mesa Directiva, Gloria Himelda F\u00e9lix Niebla. <\/span><\/p>\n<p style=\"text-align: justify;\">&nbsp;<\/p>\n<p style=\"text-align: justify;\"><span style=\"font-size: 14pt; font-family: arial, helvetica, sans-serif;\">Record\u00f3 que el acuerdo en 2019 para que F\u00e9lix Niebla presidiera la Mesa Directiva permiti\u00f3 que durante este segundo a\u00f1o trabajaran de manera coordinada, donde el di\u00e1logo siempre estuvo por delante.<\/span><\/p>\n<p style=\"text-align: justify;\">&nbsp;<\/p>\n<p style=\"text-align: justify;\"><span style=\"font-size: 14pt; font-family: arial, helvetica, sans-serif;\"> Dom\u00ednguez Nava dese\u00f3 a Gloria Himelda F\u00e9lix Niebla \u00e9xito en lo que viene en este tercer a\u00f1o de legislatura. \u00abSabemos que lo que t\u00fa aportaste en este segundo a\u00f1o, a todos nos coloc\u00f3 como una legislatura tambi\u00e9n con un buen desempe\u00f1o\u00bb, extern\u00f3 la presidenta de la JUCOPO. <\/span><\/p>\n<p style=\"text-align: justify;\">&nbsp;<\/p>\n<p style=\"text-align: justify;\"><span style=\"font-size: 14pt; font-family: arial, helvetica, sans-serif;\">Durante la entrega del informe, estuvieron los coordinadores, del PRI, Sergio Jacobo Guti\u00e9rrez y del PAN, Jorge Iv\u00e1n Villalobos Se\u00e1\u00f1ez, as\u00ed como la diputada del PAS, Jes\u00fas Ang\u00e9lica D\u00edaz Qui\u00f1\u00f3nez y la legisladora Karla de Lourdes Montero Alatorre. 2019, <\/span><\/p>\n<p style=\"text-align: justify;\">&nbsp;<\/p>\n<p style=\"text-align: justify;\">&nbsp;<\/p>\n<p style=\"text-align: justify;\"><span style=\"font-size: 14pt; font-family: arial, helvetica, sans-serif;\">REDACCI\u00d3N\/VIIS\u00d3N CIUDADANA.<\/span><\/p>\n","protected":false},"excerpt":{"rendered":"<p>Un informe de las actividades que como presidenta de la Mesa Directiva del Congreso del Estado de Sinaloa realiz\u00f3 en el Segundo A\u00f1o de Ejercicio Constitucional de esta Sesenta y Tres Legislatura, entreg\u00f3 la diputada Gloria Himelda F\u00e9lix Niebla a la Junta de Coordinaci\u00f3n Pol\u00edtica. &nbsp; La diputada Graciela Dom\u00ednguez Nava, presidenta de la Junta [&hellip;]<\/p>\n","protected":false},"author":1,"featured_media":5734,"comment_status":"open","ping_status":"closed","sticky":false,"template":"","format":"standard","meta":{"footnotes":""},"categories":[24],"tags":[],"ppma_author":[31],"class_list":["post-14268","post","type-post","status-publish","format-standard","has-post-thumbnail","hentry","category-relevantes"],"aioseo_notices":[],"authors":[{"term_id":31,"user_id":1,"is_guest":0,"slug":"ivan3vino","display_name":"Iv\u00e1n Trevi\u00f1o","avatar_url":{"url":"https:\/\/visionciudadana.com.mx\/oficial\/wp-content\/uploads\/2025\/09\/columna-ivan-Trevino.png","url2x":"https:\/\/visionciudadana.com.mx\/oficial\/wp-content\/uploads\/2025\/09\/columna-ivan-Trevino.png"},"0":null,"1":"","2":"","3":"","4":"","5":"","6":"","7":"","8":""}],"_links":{"self":[{"href":"https:\/\/visionciudadana.com.mx\/oficial\/wp-json\/wp\/v2\/posts\/14268","targetHints":{"allow":["GET"]}}],"collection":[{"href":"https:\/\/visionciudadana.com.mx\/oficial\/wp-json\/wp\/v2\/posts"}],"about":[{"href":"https:\/\/visionciudadana.com.mx\/oficial\/wp-json\/wp\/v2\/types\/post"}],"author":[{"embeddable":true,"href":"https:\/\/visionciudadana.com.mx\/oficial\/wp-json\/wp\/v2\/users\/1"}],"replies":[{"embeddable":true,"href":"https:\/\/visionciudadana.com.mx\/oficial\/wp-json\/wp\/v2\/comments?post=14268"}],"version-history":[{"count":0,"href":"https:\/\/visionciudadana.com.mx\/oficial\/wp-json\/wp\/v2\/posts\/14268\/revisions"}],"wp:featuredmedia":[{"embeddable":true,"href":"https:\/\/visionciudadana.com.mx\/oficial\/wp-json\/wp\/v2\/media\/5734"}],"wp:attachment":[{"href":"https:\/\/visionciudadana.com.mx\/oficial\/wp-json\/wp\/v2\/media?parent=14268"}],"wp:term":[{"taxonomy":"category","embeddable":true,"href":"https:\/\/visionciudadana.com.mx\/oficial\/wp-json\/wp\/v2\/categories?post=14268"},{"taxonomy":"post_tag","embeddable":true,"href":"https:\/\/visionciudadana.com.mx\/oficial\/wp-json\/wp\/v2\/tags?post=14268"},{"taxonomy":"author","embeddable":true,"href":"https:\/\/visionciudadana.com.mx\/oficial\/wp-json\/wp\/v2\/ppma_author?post=14268"}],"curies":[{"name":"wp","href":"https:\/\/api.w.org\/{rel}","templated":true}]}}