{"id":14267,"date":"2020-09-29T12:22:26","date_gmt":"2020-09-29T12:22:26","guid":{"rendered":"https:\/\/visionciudadana.com.mx\/prueba\/2020\/09\/29\/el-congreso-de-sinaloa-tendra-interpretes-de-lengua-de-senas-mexicana\/"},"modified":"2020-09-29T12:22:26","modified_gmt":"2020-09-29T12:22:26","slug":"el-congreso-de-sinaloa-tendra-interpretes-de-lengua-de-senas-mexicana","status":"publish","type":"post","link":"https:\/\/visionciudadana.com.mx\/oficial\/2020\/09\/29\/el-congreso-de-sinaloa-tendra-interpretes-de-lengua-de-senas-mexicana\/","title":{"rendered":"El Congreso de Sinaloa tendr\u00e1 int\u00e9rpretes de Lengua de Se\u00f1as Mexicana"},"content":{"rendered":"<p><img decoding=\"async\" src=\"images\/2020\/sept.20\/se\u00f1as.PNG\" alt=\"se\u00f1as\" style=\"display: block; margin-left: auto; margin-right: auto;\" \/><\/p>\n<p style=\"text-align: justify;\"><span style=\"font-size: 14pt; font-family: arial, helvetica, sans-serif;\">Las sesiones del Congreso del Estado de Sinaloa ser\u00e1n interpretadas en LSM para llevar la informaci\u00f3n a todas las personas con discapacidad auditiva.<\/span><\/p>\n<p style=\"text-align: justify;\">&nbsp;<\/p>\n<p style=\"text-align: justify;\"><span style=\"font-size: 14pt; font-family: arial, helvetica, sans-serif;\">Con esta acci\u00f3n la 63 Legislatura incluye a este sector a las sesiones llev\u00e1ndoles toda la informaci\u00f3n que generen las diputadas y diputados.<\/span><\/p>\n<p style=\"text-align: justify;\">&nbsp;<\/p>\n<p style=\"text-align: justify;\"><span style=\"font-size: 14pt; font-family: arial, helvetica, sans-serif;\">El Poder Legislativo sinaloense dispondr\u00e1 de un equipo de int\u00e9rpretes de Lengua de Se\u00f1as Mexicana, los cuales desde hace algunas semanas empezaron con su proceso de capacitaci\u00f3n. Los int\u00e9rpretes tienen todos los conocimientos y la experiencia para brindar este servicio profesional a la comunidad sorda que vive en Sinaloa y fuera del Estado. <\/span><\/p>\n<p style=\"text-align: justify;\">&nbsp;<\/p>\n<p style=\"text-align: justify;\"><span style=\"font-size: 14pt; font-family: arial, helvetica, sans-serif;\">El medio de comunicaci\u00f3n de la comunidad sorda, es la Lengua de Se\u00f1as Mexicana, una lengua viso gestual espacial reconocida como patrimonio ling\u00fc\u00edstico de la naci\u00f3n, publicado en el DOF en Junio de 2005. Mediante su lengua, las personas Sordas se comunican con el entorno social. <\/span><\/p>\n<p style=\"text-align: justify;\">&nbsp;<\/p>\n<p style=\"text-align: justify;\"><span style=\"font-size: 14pt; font-family: arial, helvetica, sans-serif;\">El equipo que interpretar\u00e1 en vivo las sesiones que el Congreso del Estado de Sinaloa realiza, tiene experiencia en la materia y ha participado en actividades locales y nacionales. <\/span><\/p>\n<p style=\"text-align: justify;\">&nbsp;<\/p>\n<p style=\"text-align: justify;\"><span style=\"font-size: 14pt; font-family: arial, helvetica, sans-serif;\">Los int\u00e9rpretes han estado prepar\u00e1ndose conociendo el proceso parlamentario, los protocolos que se siguen, as\u00ed como el discurso t\u00e9cnico que en cada sesi\u00f3n se utiliza. Dicha preparaci\u00f3n consiste en revisar c\u00f3mo hacer la equivalencia ling\u00fc\u00edstica a la Lengua de Se\u00f1as Mexicana, conceptos como Legislatura, votaciones, econ\u00f3micas, c\u00e9dula, nominal, entre otros.<\/span><\/p>\n<p style=\"text-align: justify;\">&nbsp;<\/p>\n<p style=\"text-align: justify;\">&nbsp;<\/p>\n<p style=\"text-align: justify;\"><span style=\"font-size: 14pt; font-family: arial, helvetica, sans-serif;\">REDACCI\u00d3N\/VISI\u00d3N CIUDADANA.<\/span><\/p>\n","protected":false},"excerpt":{"rendered":"<p>Las sesiones del Congreso del Estado de Sinaloa ser\u00e1n interpretadas en LSM para llevar la informaci\u00f3n a todas las personas con discapacidad auditiva. &nbsp; Con esta acci\u00f3n la 63 Legislatura incluye a este sector a las sesiones llev\u00e1ndoles toda la informaci\u00f3n que generen las diputadas y diputados. &nbsp; El Poder Legislativo sinaloense dispondr\u00e1 de un [&hellip;]<\/p>\n","protected":false},"author":1,"featured_media":5732,"comment_status":"open","ping_status":"closed","sticky":false,"template":"","format":"standard","meta":{"footnotes":""},"categories":[24],"tags":[],"ppma_author":[31],"class_list":["post-14267","post","type-post","status-publish","format-standard","has-post-thumbnail","hentry","category-relevantes"],"aioseo_notices":[],"authors":[{"term_id":31,"user_id":1,"is_guest":0,"slug":"ivan3vino","display_name":"Iv\u00e1n Trevi\u00f1o","avatar_url":{"url":"https:\/\/visionciudadana.com.mx\/oficial\/wp-content\/uploads\/2025\/09\/columna-ivan-Trevino.png","url2x":"https:\/\/visionciudadana.com.mx\/oficial\/wp-content\/uploads\/2025\/09\/columna-ivan-Trevino.png"},"0":null,"1":"","2":"","3":"","4":"","5":"","6":"","7":"","8":""}],"_links":{"self":[{"href":"https:\/\/visionciudadana.com.mx\/oficial\/wp-json\/wp\/v2\/posts\/14267","targetHints":{"allow":["GET"]}}],"collection":[{"href":"https:\/\/visionciudadana.com.mx\/oficial\/wp-json\/wp\/v2\/posts"}],"about":[{"href":"https:\/\/visionciudadana.com.mx\/oficial\/wp-json\/wp\/v2\/types\/post"}],"author":[{"embeddable":true,"href":"https:\/\/visionciudadana.com.mx\/oficial\/wp-json\/wp\/v2\/users\/1"}],"replies":[{"embeddable":true,"href":"https:\/\/visionciudadana.com.mx\/oficial\/wp-json\/wp\/v2\/comments?post=14267"}],"version-history":[{"count":0,"href":"https:\/\/visionciudadana.com.mx\/oficial\/wp-json\/wp\/v2\/posts\/14267\/revisions"}],"wp:featuredmedia":[{"embeddable":true,"href":"https:\/\/visionciudadana.com.mx\/oficial\/wp-json\/wp\/v2\/posts\/5732"}],"wp:attachment":[{"href":"https:\/\/visionciudadana.com.mx\/oficial\/wp-json\/wp\/v2\/media?parent=14267"}],"wp:term":[{"taxonomy":"category","embeddable":true,"href":"https:\/\/visionciudadana.com.mx\/oficial\/wp-json\/wp\/v2\/categories?post=14267"},{"taxonomy":"post_tag","embeddable":true,"href":"https:\/\/visionciudadana.com.mx\/oficial\/wp-json\/wp\/v2\/tags?post=14267"},{"taxonomy":"author","embeddable":true,"href":"https:\/\/visionciudadana.com.mx\/oficial\/wp-json\/wp\/v2\/ppma_author?post=14267"}],"curies":[{"name":"wp","href":"https:\/\/api.w.org\/{rel}","templated":true}]}}