{"id":14266,"date":"2020-09-28T18:25:40","date_gmt":"2020-09-28T18:25:40","guid":{"rendered":"https:\/\/visionciudadana.com.mx\/prueba\/2020\/09\/28\/llama-sss-llevar-una-vida-saludable-para-evitar-enfermedades-cardiovasculares\/"},"modified":"2020-09-28T18:25:40","modified_gmt":"2020-09-28T18:25:40","slug":"llama-sss-llevar-una-vida-saludable-para-evitar-enfermedades-cardiovasculares","status":"publish","type":"post","link":"https:\/\/visionciudadana.com.mx\/oficial\/2020\/09\/28\/llama-sss-llevar-una-vida-saludable-para-evitar-enfermedades-cardiovasculares\/","title":{"rendered":"Llama SSS llevar una vida saludable para evitar enfermedades cardiovasculares"},"content":{"rendered":"<p style=\"text-align: justify;\"><img decoding=\"async\" src=\"images\/2020\/sept.20\/Corazons.PNG\" alt=\"Corazons\" style=\"display: block; margin-left: auto; margin-right: auto;\" \/><\/p>\n<p style=\"text-align: justify;\"><span style=\"font-size: 14pt; font-family: arial, helvetica, sans-serif;\">En el marco del D\u00eda Mundial del Coraz\u00f3n a celebrarse el 29 de septiembre, la Secretar\u00eda de Salud de Sinaloa hace un llamado a la conciencia de la poblaci\u00f3n sinaloense para mejorar nuestros h\u00e1bitos a trav\u00e9s de buena alimentaci\u00f3n y rutinas de ejercicio para evitar enfermedades cardiovasculares, advirti\u00f3 el Dr. Manuel Od\u00edn de los R\u00edos, Jefe de Cardiolog\u00eda del Hospital General de Culiac\u00e1n.<\/span><\/p>\n<p style=\"text-align: justify;\">\n<p><span style=\"font-size: 14pt; font-family: arial, helvetica, sans-serif;\">Especific\u00f3 que, en estos tiempos donde nos enfrentamos a un problema de salud p\u00fablica por COVID &#8211; 19 es vital que las personas en general llevemos una vida saludable para prevenir enfermedades cardiovasculares lo que comprometer\u00eda la salud del paciente con coronavirus.<\/span><\/p>\n<p style=\"text-align: justify;\">\n<p><span style=\"font-size: 14pt; font-family: arial, helvetica, sans-serif;\">Explic\u00f3 que esta enfermedad puede prevenirse implementando acciones para disminuir la posibilidad de tener de eventos que con frecuencia son letales o dejan secuelas muy importantes.<\/span><\/p>\n<p style=\"text-align: justify;\">\n<p><span style=\"font-size: 14pt; font-family: arial, helvetica, sans-serif;\">\u201cLos niveles de colesterol debemos de checarlos sobre todo si rebasamos los 40 a\u00f1os, o existen antecedentes familiares de enfermedad cardiovascular, son evaluaciones que siempre debemos de hacer y tratar de con ejercicio y buena alimentaci\u00f3n mantener un peso \u00f3ptimo, estas acciones sin duda reducir\u00edan la posibilidad de padecer enfermedades del coraz\u00f3n y evitar\u00edan que seamos parte de esa estad\u00edstica tan lamentable\u201d, indic\u00f3.<\/span><\/p>\n<p style=\"text-align: justify;\">\n<p><span style=\"font-size: 14pt; font-family: arial, helvetica, sans-serif;\">El especialista, detall\u00f3 que las enfermedades cardiovasculares cobran m\u00e1s de 17 millones de vidas de manera anual en el mundo, y en M\u00e9xico y nuestro estado de Sinaloa las enfermedades del coraz\u00f3n significan tambi\u00e9n la primera causa de muerte, convirti\u00e9ndose en un grave problema de salud p\u00fablica.<\/span><\/p>\n<p style=\"text-align: justify;\"><span style=\"font-size: 14pt; font-family: arial, helvetica, sans-serif;\">Agreg\u00f3 que, los factores de riesgo m\u00e1s importante que son causa de enfermedad cardiovascular son los siguientes; la hipertensi\u00f3n arterial, diabetes mellitus, tabaquismo, elevaci\u00f3n de colesterol y la obesidad.<\/span><\/p>\n<p style=\"text-align: justify;\">\n<p><span style=\"font-size: 14pt; font-family: arial, helvetica, sans-serif;\">Inform\u00f3 que estos cinco padecimientos son prevenibles y se pueden controlar, es decir, podemos detectar la hipertensi\u00f3n oportunamente y controlarla, al igual que detectar la diabetes mellitus y hacer lo necesario con dieta y ejercicio para tenerla bajo control. Dejar de fumar usando diferentes t\u00e1cticas, t\u00e9cnicas de apoyo, es importante tener conciencia del da\u00f1o del tabaquismo.&nbsp;&nbsp;<\/span><\/p>\n<p style=\"text-align: justify;\">&nbsp;<\/p>\n<p style=\"text-align: justify;\"><span style=\"font-size: 14pt; font-family: arial, helvetica, sans-serif;\">REDACCI\u00d3N\/VISI\u00d3N CIUDADANA.<\/span><\/p>\n","protected":false},"excerpt":{"rendered":"<p>En el marco del D\u00eda Mundial del Coraz\u00f3n a celebrarse el 29 de septiembre, la Secretar\u00eda de Salud de Sinaloa hace un llamado a la conciencia de la poblaci\u00f3n sinaloense para mejorar nuestros h\u00e1bitos a trav\u00e9s de buena alimentaci\u00f3n y rutinas de ejercicio para evitar enfermedades cardiovasculares, advirti\u00f3 el Dr. Manuel Od\u00edn de los R\u00edos, [&hellip;]<\/p>\n","protected":false},"author":1,"featured_media":5730,"comment_status":"open","ping_status":"closed","sticky":false,"template":"","format":"standard","meta":{"footnotes":""},"categories":[24],"tags":[],"ppma_author":[31],"class_list":["post-14266","post","type-post","status-publish","format-standard","has-post-thumbnail","hentry","category-relevantes"],"aioseo_notices":[],"authors":[{"term_id":31,"user_id":1,"is_guest":0,"slug":"ivan3vino","display_name":"Iv\u00e1n Trevi\u00f1o","avatar_url":{"url":"https:\/\/visionciudadana.com.mx\/oficial\/wp-content\/uploads\/2025\/09\/columna-ivan-Trevino.png","url2x":"https:\/\/visionciudadana.com.mx\/oficial\/wp-content\/uploads\/2025\/09\/columna-ivan-Trevino.png"},"0":null,"1":"","2":"","3":"","4":"","5":"","6":"","7":"","8":""}],"_links":{"self":[{"href":"https:\/\/visionciudadana.com.mx\/oficial\/wp-json\/wp\/v2\/posts\/14266","targetHints":{"allow":["GET"]}}],"collection":[{"href":"https:\/\/visionciudadana.com.mx\/oficial\/wp-json\/wp\/v2\/posts"}],"about":[{"href":"https:\/\/visionciudadana.com.mx\/oficial\/wp-json\/wp\/v2\/types\/post"}],"author":[{"embeddable":true,"href":"https:\/\/visionciudadana.com.mx\/oficial\/wp-json\/wp\/v2\/users\/1"}],"replies":[{"embeddable":true,"href":"https:\/\/visionciudadana.com.mx\/oficial\/wp-json\/wp\/v2\/comments?post=14266"}],"version-history":[{"count":0,"href":"https:\/\/visionciudadana.com.mx\/oficial\/wp-json\/wp\/v2\/posts\/14266\/revisions"}],"wp:featuredmedia":[{"embeddable":true,"href":"https:\/\/visionciudadana.com.mx\/oficial\/wp-json\/wp\/v2\/posts\/5730"}],"wp:attachment":[{"href":"https:\/\/visionciudadana.com.mx\/oficial\/wp-json\/wp\/v2\/media?parent=14266"}],"wp:term":[{"taxonomy":"category","embeddable":true,"href":"https:\/\/visionciudadana.com.mx\/oficial\/wp-json\/wp\/v2\/categories?post=14266"},{"taxonomy":"post_tag","embeddable":true,"href":"https:\/\/visionciudadana.com.mx\/oficial\/wp-json\/wp\/v2\/tags?post=14266"},{"taxonomy":"author","embeddable":true,"href":"https:\/\/visionciudadana.com.mx\/oficial\/wp-json\/wp\/v2\/ppma_author?post=14266"}],"curies":[{"name":"wp","href":"https:\/\/api.w.org\/{rel}","templated":true}]}}