{"id":14265,"date":"2020-09-28T18:21:22","date_gmt":"2020-09-28T18:21:22","guid":{"rendered":"https:\/\/visionciudadana.com.mx\/prueba\/2020\/09\/28\/participa-ceprevsin-del-sesesp-en-rodada-por-la-paz\/"},"modified":"2020-09-28T18:21:22","modified_gmt":"2020-09-28T18:21:22","slug":"participa-ceprevsin-del-sesesp-en-rodada-por-la-paz","status":"publish","type":"post","link":"https:\/\/visionciudadana.com.mx\/oficial\/2020\/09\/28\/participa-ceprevsin-del-sesesp-en-rodada-por-la-paz\/","title":{"rendered":"Participa CEPREVSIN del SESESP en rodada por la paz"},"content":{"rendered":"<p style=\"text-align: justify;\"><img decoding=\"async\" src=\"images\/2020\/sept.20\/rodada.PNG\" alt=\"rodada\" style=\"display: block; margin-left: auto; margin-right: auto;\" \/><br \/><span style=\"font-size: 14pt; font-family: arial, helvetica, sans-serif;\">Dentro del Marco del D\u00eda Internacional de la Paz, el Sistema Estatal de Seguridad P\u00fablica, que preside el Ing. Renato Ocampo Alc\u00e1ntar, a trav\u00e9s del Centro de Prevenci\u00f3n Social de la Violencia con Participaci\u00f3n Ciudadana, en coordinaci\u00f3n con Construyendo Espacios para la Paz, participaron en la Rodada por la Paz, evento con el que concluyeron una semana de activismo Por La Paz en esta ciudad.<\/span><\/p>\n<p style=\"text-align: justify;\">\n<p><span style=\"font-size: 14pt; font-family: arial, helvetica, sans-serif;\">Entre los Bikers que se reunieron para la Rodada, estuvieron presentes el Club de Motociclistas Renegados, mismos que encabez\u00f3 &nbsp;la titular del &nbsp;Centro Estatal de Prevenci\u00f3n y Participaci\u00f3n Ciudadana, CEPREVSIN, M.C. Paola G\u00e1rate, quien &nbsp;se\u00f1al\u00f3 que estas acciones de paz se efect\u00faan a fin de fortalecer el n\u00facleo familiar y promover el deporte, pero sobre todo los ambientes de Paz, el Centro Estatal de Prevenci\u00f3n del Delito y Participaci\u00f3n Ciudadana logr\u00f3 reunir al Club de Motos Renegados a esta la actividad. &nbsp;\u201cQueremos que la sociedad, reflexione sobre la importancia de fomentar acciones positivas y as\u00ed lograr la paz que todos queremos\u201d, coment\u00f3 la Directora Estatal<\/span><\/p>\n<p style=\"text-align: justify;\">\n<p><span style=\"font-size: 14pt; font-family: arial, helvetica, sans-serif;\">G\u00e1rate Valenzuela, explic\u00f3 que la instituci\u00f3n a su cargo realiza acciones preventivas por un \u201cMejor Sinaloa\u201d a trav\u00e9s de los comit\u00e9s de vigilancias escolares y ciudadanos donde se mantiene un contacto directo con la poblaci\u00f3n teniendo como principal objetivo disminuir los \u00edndices delictivos.<\/span><\/p>\n<p style=\"text-align: justify;\">\n<p><span style=\"font-size: 14pt; font-family: arial, helvetica, sans-serif;\">&nbsp;\u201cLa paz se construye entre todas y todos, as\u00ed que tenemos que poner de nuestra parte y querer ese cambio, y con peque\u00f1as acciones desde CEPREVSIN, estamos trabajando para rescatar esos espacios y fortalecer el tejido social\u201d, argument\u00f3.<\/span><\/p>\n<p style=\"text-align: justify;\">\n<p><span style=\"font-size: 14pt; font-family: arial, helvetica, sans-serif;\">Esta fue sin duda una semana de grandes avances por la paz en Culiac\u00e1n, ya que durante 7 d\u00edas se realizaron grandes acciones que son fundamentales para tener ambientes libres de violencia, as\u00ed lo se\u00f1al\u00f3 el Ing. Javier Llaus\u00e1s.<\/span><\/p>\n<p style=\"text-align: justify;\">\n<p><span style=\"font-size: 14pt; font-family: arial, helvetica, sans-serif;\">Formaron parte de esta Rodada, la titular del Sem\u00e1foro Delictivo, Rosy Jacobo; Ing. Javier Llaus\u00e1s de Construyendo Espacios para la Paz, entre otras asociaciones civiles.<\/span><\/p>\n<p style=\"text-align: justify;\"><span style=\"font-size: 14pt; font-family: arial, helvetica, sans-serif;\">El recorrido inici\u00f3 en la Ley Abastos y se rod\u00f3 en caravana por todo el Fraccionamiento Alturas del Sur, para concluir en el parque principal de dicho sector.<\/span><\/p>\n<p style=\"text-align: justify;\">&nbsp;<\/p>\n<p style=\"text-align: justify;\">&nbsp;<\/p>\n<p style=\"text-align: justify;\"><span style=\"font-size: 14pt; font-family: arial, helvetica, sans-serif;\">REDACCI\u00d3N\/VISI\u00d3N CIUDADANA.<\/span><\/p>\n","protected":false},"excerpt":{"rendered":"<p>Dentro del Marco del D\u00eda Internacional de la Paz, el Sistema Estatal de Seguridad P\u00fablica, que preside el Ing. Renato Ocampo Alc\u00e1ntar, a trav\u00e9s del Centro de Prevenci\u00f3n Social de la Violencia con Participaci\u00f3n Ciudadana, en coordinaci\u00f3n con Construyendo Espacios para la Paz, participaron en la Rodada por la Paz, evento con el que concluyeron [&hellip;]<\/p>\n","protected":false},"author":1,"featured_media":5728,"comment_status":"open","ping_status":"closed","sticky":false,"template":"","format":"standard","meta":{"footnotes":""},"categories":[24],"tags":[],"ppma_author":[31],"class_list":["post-14265","post","type-post","status-publish","format-standard","has-post-thumbnail","hentry","category-relevantes"],"aioseo_notices":[],"authors":[{"term_id":31,"user_id":1,"is_guest":0,"slug":"ivan3vino","display_name":"Iv\u00e1n Trevi\u00f1o","avatar_url":{"url":"https:\/\/visionciudadana.com.mx\/oficial\/wp-content\/uploads\/2025\/09\/columna-ivan-Trevino.png","url2x":"https:\/\/visionciudadana.com.mx\/oficial\/wp-content\/uploads\/2025\/09\/columna-ivan-Trevino.png"},"0":null,"1":"","2":"","3":"","4":"","5":"","6":"","7":"","8":""}],"_links":{"self":[{"href":"https:\/\/visionciudadana.com.mx\/oficial\/wp-json\/wp\/v2\/posts\/14265","targetHints":{"allow":["GET"]}}],"collection":[{"href":"https:\/\/visionciudadana.com.mx\/oficial\/wp-json\/wp\/v2\/posts"}],"about":[{"href":"https:\/\/visionciudadana.com.mx\/oficial\/wp-json\/wp\/v2\/types\/post"}],"author":[{"embeddable":true,"href":"https:\/\/visionciudadana.com.mx\/oficial\/wp-json\/wp\/v2\/users\/1"}],"replies":[{"embeddable":true,"href":"https:\/\/visionciudadana.com.mx\/oficial\/wp-json\/wp\/v2\/comments?post=14265"}],"version-history":[{"count":0,"href":"https:\/\/visionciudadana.com.mx\/oficial\/wp-json\/wp\/v2\/posts\/14265\/revisions"}],"wp:featuredmedia":[{"embeddable":true,"href":"https:\/\/visionciudadana.com.mx\/oficial\/wp-json\/wp\/v2\/posts\/5728"}],"wp:attachment":[{"href":"https:\/\/visionciudadana.com.mx\/oficial\/wp-json\/wp\/v2\/media?parent=14265"}],"wp:term":[{"taxonomy":"category","embeddable":true,"href":"https:\/\/visionciudadana.com.mx\/oficial\/wp-json\/wp\/v2\/categories?post=14265"},{"taxonomy":"post_tag","embeddable":true,"href":"https:\/\/visionciudadana.com.mx\/oficial\/wp-json\/wp\/v2\/tags?post=14265"},{"taxonomy":"author","embeddable":true,"href":"https:\/\/visionciudadana.com.mx\/oficial\/wp-json\/wp\/v2\/ppma_author?post=14265"}],"curies":[{"name":"wp","href":"https:\/\/api.w.org\/{rel}","templated":true}]}}