{"id":14264,"date":"2020-09-28T18:17:46","date_gmt":"2020-09-28T18:17:46","guid":{"rendered":"https:\/\/visionciudadana.com.mx\/prueba\/2020\/09\/28\/inicia-flexibilizacion-de-tramos-en-el-primer-cuadro\/"},"modified":"2020-09-28T18:17:46","modified_gmt":"2020-09-28T18:17:46","slug":"inicia-flexibilizacion-de-tramos-en-el-primer-cuadro","status":"publish","type":"post","link":"https:\/\/visionciudadana.com.mx\/oficial\/2020\/09\/28\/inicia-flexibilizacion-de-tramos-en-el-primer-cuadro\/","title":{"rendered":"Inicia flexibilizaci\u00f3n de tramos en el primer cuadro"},"content":{"rendered":"<p><img decoding=\"async\" src=\"images\/2020\/sept.20\/flexibiliza.PNG\" alt=\"flexibiliza\" style=\"display: block; margin-left: auto; margin-right: auto;\" \/><\/p>\n<p style=\"text-align: justify;\"><span style=\"font-size: 14pt; font-family: arial, helvetica, sans-serif;\">La flexibilizaci\u00f3n de tramos en el primer cuadro de la ciudad se extendi\u00f3 a cuatro tramos m\u00e1s por los que ahora pueden circular adem\u00e1s del transporte p\u00fablico, veh\u00edculos particulares, pero con un carril exclusivamente para los peatones.<\/span><\/p>\n<p style=\"text-align: justify;\">&nbsp;<\/p>\n<p style=\"text-align: justify;\"><span style=\"font-size: 14pt; font-family: arial, helvetica, sans-serif;\">Dichos tramos son los ubicados en:<\/span><\/p>\n<p style=\"text-align: justify;\"><span style=\"font-size: 14pt; font-family: arial, helvetica, sans-serif;\">Avenida General Juan Carrasco y calle Benito Ju\u00e1rez<\/span><\/p>\n<p style=\"text-align: justify;\"><span style=\"font-size: 14pt; font-family: arial, helvetica, sans-serif;\">Calle Miguel Hidalgo y avenida General Juan Carrasco<\/span><\/p>\n<p style=\"text-align: justify;\"><span style=\"font-size: 14pt; font-family: arial, helvetica, sans-serif;\">Calle General \u00c1ngel Flores y avenida \u00c1lvaro Obreg\u00f3n<\/span><\/p>\n<p style=\"text-align: justify;\"><span style=\"font-size: 14pt; font-family: arial, helvetica, sans-serif;\">Calle General Juan Carrasco y General \u00c1ngel Flores<\/span><\/p>\n<p>&nbsp;<\/p>\n<p style=\"text-align: justify;\"><span style=\"font-size: 14pt; font-family: arial, helvetica, sans-serif;\">Dicha apertura se da luego del an\u00e1lisis realizado por el Instituto Municipal de Planeaci\u00f3n Urbana (IMPLAN) y la Direcci\u00f3n de Movilidad del municipio, quien delimita las franjas exclusivas para el peat\u00f3n con se\u00f1alizaci\u00f3n vial con pintura de tr\u00e1fico; adem\u00e1s de maceteras.<\/span><\/p>\n<p style=\"text-align: justify;\">&nbsp;<\/p>\n<p style=\"text-align: justify;\"><span style=\"font-size: 14pt; font-family: arial, helvetica, sans-serif;\">La Unidad de Vialidad y Tr\u00e1nsito estar\u00e1 en operativo permanente para que se respeten los espacios destinados al peat\u00f3n, adem\u00e1s de vigilar que tanto unidades del transporte p\u00fablico, como automovilistas circulen a la velocidad permitida de 20 kil\u00f3metros por hora, todo ello para evitar accidentes y para que el tr\u00e1fico vehicular fluya adecuadamente.<\/span><\/p>\n<p style=\"text-align: justify;\">&nbsp;<\/p>\n<p style=\"text-align: justify;\"><span style=\"font-size: 14pt; font-family: arial, helvetica, sans-serif;\">Esta flexibilizaci\u00f3n es en respuesta a la necesidad de reactivar la movilidad en este sector de la ciudad, pero con las debidas precauciones y priorizando al peat\u00f3n, es por ello que se reitera el llamado a seguir las indicaciones de los elementos de vialidad.<\/span><\/p>\n<p style=\"text-align: justify;\">&nbsp;<\/p>\n<p style=\"text-align: justify;\">&nbsp;<\/p>\n<p style=\"text-align: justify;\"><span style=\"font-size: 14pt; font-family: arial, helvetica, sans-serif;\">REDACCI\u00d3N\/VISI\u00d3N CIUDADANA.<\/span><\/p>\n","protected":false},"excerpt":{"rendered":"<p>La flexibilizaci\u00f3n de tramos en el primer cuadro de la ciudad se extendi\u00f3 a cuatro tramos m\u00e1s por los que ahora pueden circular adem\u00e1s del transporte p\u00fablico, veh\u00edculos particulares, pero con un carril exclusivamente para los peatones. &nbsp; Dichos tramos son los ubicados en: Avenida General Juan Carrasco y calle Benito Ju\u00e1rez Calle Miguel Hidalgo [&hellip;]<\/p>\n","protected":false},"author":1,"featured_media":5726,"comment_status":"open","ping_status":"closed","sticky":false,"template":"","format":"standard","meta":{"footnotes":""},"categories":[24],"tags":[],"ppma_author":[31],"class_list":["post-14264","post","type-post","status-publish","format-standard","has-post-thumbnail","hentry","category-relevantes"],"aioseo_notices":[],"authors":[{"term_id":31,"user_id":1,"is_guest":0,"slug":"ivan3vino","display_name":"Iv\u00e1n Trevi\u00f1o","avatar_url":{"url":"https:\/\/visionciudadana.com.mx\/oficial\/wp-content\/uploads\/2025\/09\/columna-ivan-Trevino.png","url2x":"https:\/\/visionciudadana.com.mx\/oficial\/wp-content\/uploads\/2025\/09\/columna-ivan-Trevino.png"},"0":null,"1":"","2":"","3":"","4":"","5":"","6":"","7":"","8":""}],"_links":{"self":[{"href":"https:\/\/visionciudadana.com.mx\/oficial\/wp-json\/wp\/v2\/posts\/14264","targetHints":{"allow":["GET"]}}],"collection":[{"href":"https:\/\/visionciudadana.com.mx\/oficial\/wp-json\/wp\/v2\/posts"}],"about":[{"href":"https:\/\/visionciudadana.com.mx\/oficial\/wp-json\/wp\/v2\/types\/post"}],"author":[{"embeddable":true,"href":"https:\/\/visionciudadana.com.mx\/oficial\/wp-json\/wp\/v2\/users\/1"}],"replies":[{"embeddable":true,"href":"https:\/\/visionciudadana.com.mx\/oficial\/wp-json\/wp\/v2\/comments?post=14264"}],"version-history":[{"count":0,"href":"https:\/\/visionciudadana.com.mx\/oficial\/wp-json\/wp\/v2\/posts\/14264\/revisions"}],"wp:featuredmedia":[{"embeddable":true,"href":"https:\/\/visionciudadana.com.mx\/oficial\/wp-json\/wp\/v2\/posts\/5726"}],"wp:attachment":[{"href":"https:\/\/visionciudadana.com.mx\/oficial\/wp-json\/wp\/v2\/media?parent=14264"}],"wp:term":[{"taxonomy":"category","embeddable":true,"href":"https:\/\/visionciudadana.com.mx\/oficial\/wp-json\/wp\/v2\/categories?post=14264"},{"taxonomy":"post_tag","embeddable":true,"href":"https:\/\/visionciudadana.com.mx\/oficial\/wp-json\/wp\/v2\/tags?post=14264"},{"taxonomy":"author","embeddable":true,"href":"https:\/\/visionciudadana.com.mx\/oficial\/wp-json\/wp\/v2\/ppma_author?post=14264"}],"curies":[{"name":"wp","href":"https:\/\/api.w.org\/{rel}","templated":true}]}}