{"id":14263,"date":"2020-09-28T18:13:53","date_gmt":"2020-09-28T18:13:53","guid":{"rendered":"https:\/\/visionciudadana.com.mx\/prueba\/2020\/09\/28\/las-medidas-de-prevencion-sanitaria-deben-mantenerse-en-color-amarillo\/"},"modified":"2020-09-28T18:13:53","modified_gmt":"2020-09-28T18:13:53","slug":"las-medidas-de-prevencion-sanitaria-deben-mantenerse-en-color-amarillo","status":"publish","type":"post","link":"https:\/\/visionciudadana.com.mx\/oficial\/2020\/09\/28\/las-medidas-de-prevencion-sanitaria-deben-mantenerse-en-color-amarillo\/","title":{"rendered":"Las medidas de prevenci\u00f3n sanitaria deben mantenerse en color amarillo"},"content":{"rendered":"<p><img decoding=\"async\" src=\"images\/2020\/sept.20\/gel.PNG\" alt=\"gel\" style=\"display: block; margin-left: auto; margin-right: auto;\" \/><\/p>\n<div>\n<p class=\"x_MsoNormal\" style=\"text-align: justify;\"><span style=\"font-size: 14pt; font-family: arial, helvetica, sans-serif;\">Independientemente del color que refleje el sem\u00e1foro de riesgo epidemiol\u00f3gico para transitar hacia la \u201cnueva normalidad\u201d se deben mantener las medidas b\u00e1sicas de prevenci\u00f3n y precauci\u00f3n sanitaria como c\u00f3digos de conducta para cuidar la salud y el bienestar de cada persona, advirti\u00f3 Jorge Alan Urbina Vidales.<\/span><\/p>\n<p style=\"text-align: justify;\">&nbsp;<\/p>\n<p class=\"x_MsoNormal\" style=\"text-align: justify;\"><span style=\"font-size: 14pt; font-family: arial, helvetica, sans-serif;\">El Comisionado Estatal para la Protecci\u00f3n contra Riesgos Sanitarios de Sinaloa (Coepriss) precis\u00f3 que incluso en el color verde el peligro no desaparece sino que se considera el nivel m\u00e1s bajo de riesgo de contagio de Covid-19 en este sistema de monitoreo para la regulaci\u00f3n del uso del espacio p\u00fablico. \u201cAl llegar a la fase de color verde, como se desea, nos debemos seguir cuidando y actuar con prudencia\u201d, dijo.<\/span><\/p>\n<p style=\"text-align: justify;\">&nbsp;<\/p>\n<p class=\"x_MsoNormal\" style=\"text-align: justify;\"><span style=\"font-size: 14pt; font-family: arial, helvetica, sans-serif;\">Explic\u00f3 que el sem\u00e1foro epidemiol\u00f3gico es la herramienta para transitar hacia la \u201cnueva normalidad\u201d, proceso que inici\u00f3 formalmente el 1 de junio de 2020.<\/span><\/p>\n<p class=\"x_MsoNormal\" style=\"text-align: justify;\"><span style=\"font-size: 14pt; font-family: arial, helvetica, sans-serif;\">\u201cLas actividades de seguridad sanitaria y de control permanecer\u00e1n, lo que cambiar\u00e1n son los criterios sociales para la apertura de actividades en relaci\u00f3n con los niveles de riesgo y la cantidad de personas permitidas en los espacios p\u00fablicos, pensar que el riesgo desaparece por completo ser\u00eda un error y debemos adaptarnos para aprender a vivir y conservar la salud en esta nueva realidad\u201d, coment\u00f3.<\/span><\/p>\n<p style=\"text-align: justify;\">&nbsp;<\/p>\n<p class=\"x_MsoNormal\" style=\"text-align: justify;\"><span style=\"font-size: 14pt; font-family: arial, helvetica, sans-serif;\">El sem\u00e1foro epidemiol\u00f3gico tiene cuatro colores: rojo, naranja, amarillo y verde, y cada uno de estos colores implica diferentes restricciones de movilidad para la poblaci\u00f3n.<\/span><\/p>\n<p style=\"text-align: justify;\">&nbsp;<\/p>\n<p class=\"x_MsoNormal\" style=\"text-align: justify;\"><span style=\"font-size: 14pt; font-family: arial, helvetica, sans-serif;\">Sostuvo que en las diferentes etapas se regulan principalmente las actividades econ\u00f3micas y la movilidad de las personas aplicando medidas restrictivas primero y permitiendo posteriormente de manera gradual la apertura pero en cualquier color se mantienen las medidas b\u00e1sicas de prevenci\u00f3n, los protocolos sanitarios y se recomienda actuar con prudencia.<\/span><\/p>\n<p style=\"text-align: justify;\">&nbsp;<\/p>\n<p class=\"x_MsoNormal\" style=\"text-align: justify;\"><span style=\"font-size: 14pt; font-family: arial, helvetica, sans-serif;\">Asever\u00f3 que el coronavirus SARS-CoV-2, causante de la enfermedad pand\u00e9mica del Covid-19, no desaparece en el color verde del sem\u00e1foro epidemiol\u00f3gico sino que el sistema de monitoreo considera que el riesgo de contagio ya es bajo y por lo tanto desaparecen las restricciones para las actividades econ\u00f3micas y la movilidad de las personas.<\/span><\/p>\n<p class=\"x_MsoNormal\" style=\"text-align: justify;\"><span style=\"font-size: 14pt; font-family: arial, helvetica, sans-serif;\">Sin embargo, subray\u00f3 que el peor error es el \u201crelajamiento social\u201d por lo que recomend\u00f3 actuar responsablemente. \u201cAlgunos estados que eran color naranja tuvieron que retroceder a color rojo y una de las principales causas fue el relajamiento de la poblaci\u00f3n que se olvid\u00f3 de las medidas de prevenci\u00f3n\u201d, lament\u00f3.<\/span><\/p>\n<p style=\"text-align: justify;\">&nbsp;<\/p>\n<p class=\"x_MsoNormal\" style=\"text-align: justify;\"><span style=\"font-size: 14pt; font-family: arial, helvetica, sans-serif;\">\u201cHe escuchado que algunas personas opinan que cuando el sem\u00e1foro se ponga en verde ser\u00e1 cuando todos podamos regresar sin peligro a nuestra vida cotidiana: esa afirmaci\u00f3n es falsa. Debemos seguirnos cuidando aunque las restricciones desaparezcan. El color verde significa que el riesgo ha disminuido y es bajo, no que ha desaparecido por completo. Como sabemos todav\u00eda no existe una soluci\u00f3n efectiva contra esta enfermedad y nos debemos cuidar\u201d, asever\u00f3.<\/span><\/p>\n<p style=\"text-align: justify;\">&nbsp;<\/p>\n<p class=\"x_MsoNormal\" style=\"text-align: justify;\"><span style=\"font-size: 14pt; font-family: arial, helvetica, sans-serif;\">Por tal motivo, Jorge Alan Urbina Vidales insisti\u00f3 en recomendar que las medidas b\u00e1sicas de prevenci\u00f3n se mantengan en todos los niveles de riesgo epidemiol\u00f3gico, incluyendo el color verde, aunque se quiten las medidas restrictivas a la vida p\u00fablica y la econom\u00eda.<\/span><\/p>\n<p class=\"x_MsoNormal\" style=\"text-align: justify;\"><span style=\"font-size: 14pt; font-family: arial, helvetica, sans-serif;\">\u201cDe cualquier manera, sea cual sea el nivel de riesgo, debemos mantener los protocolos de prevenci\u00f3n, la sana distancia, uso de gafas protectoras o careta facial y cubrebocas, lavarnos las manos durante al menos 20 segundos con agua y jab\u00f3n, usar gel antibacterial con alcohol, y estornudar cubri\u00e9ndonos con el antebrazo o un pa\u00f1uelo desechable, y desinfectar superficies que pudieran contaminarse, as\u00ed como cuidar y vigilar a la poblaci\u00f3n vulnerable\u201d, recomend\u00f3.<\/span><\/p>\n<p style=\"text-align: justify;\">&nbsp;<\/p>\n<p class=\"x_MsoNormal\" style=\"text-align: justify;\"><span style=\"font-size: 14pt; font-family: arial, helvetica, sans-serif;\">Finalmente, sostuvo que se trata de normas de cuidado e higiene personal que debe considerar el respeto a nuestros semejantes. \u201cTodos debemos actuar con cortes\u00eda y mucha prudencia, si nos conducimos de esta manera sin duda podremos romper la cadena de transmisi\u00f3n del virus y conservar nuestra salud y la de nuestros seres queridos\u201d, concluy\u00f3.<\/span><\/p>\n<p style=\"text-align: justify;\">&nbsp;<\/p>\n<p style=\"text-align: justify;\">&nbsp;<\/p>\n<p style=\"text-align: justify;\"><span style=\"font-size: 14pt; font-family: arial, helvetica, sans-serif;\">REDACCI\u00d3N\/VISI\u00d3N CIUDADANA.<\/span><\/p>\n<\/div>\n<div style=\"text-align: justify;\"><span style=\"font-size: 14pt; font-family: arial, helvetica, sans-serif;\"><\/span><\/div>\n","protected":false},"excerpt":{"rendered":"<p>Independientemente del color que refleje el sem\u00e1foro de riesgo epidemiol\u00f3gico para transitar hacia la \u201cnueva normalidad\u201d se deben mantener las medidas b\u00e1sicas de prevenci\u00f3n y precauci\u00f3n sanitaria como c\u00f3digos de conducta para cuidar la salud y el bienestar de cada persona, advirti\u00f3 Jorge Alan Urbina Vidales. &nbsp; El Comisionado Estatal para la Protecci\u00f3n contra Riesgos [&hellip;]<\/p>\n","protected":false},"author":1,"featured_media":5724,"comment_status":"open","ping_status":"closed","sticky":false,"template":"","format":"standard","meta":{"footnotes":""},"categories":[24],"tags":[],"ppma_author":[31],"class_list":["post-14263","post","type-post","status-publish","format-standard","has-post-thumbnail","hentry","category-relevantes"],"aioseo_notices":[],"authors":[{"term_id":31,"user_id":1,"is_guest":0,"slug":"ivan3vino","display_name":"Iv\u00e1n Trevi\u00f1o","avatar_url":{"url":"https:\/\/visionciudadana.com.mx\/oficial\/wp-content\/uploads\/2025\/09\/columna-ivan-Trevino.png","url2x":"https:\/\/visionciudadana.com.mx\/oficial\/wp-content\/uploads\/2025\/09\/columna-ivan-Trevino.png"},"0":null,"1":"","2":"","3":"","4":"","5":"","6":"","7":"","8":""}],"_links":{"self":[{"href":"https:\/\/visionciudadana.com.mx\/oficial\/wp-json\/wp\/v2\/posts\/14263","targetHints":{"allow":["GET"]}}],"collection":[{"href":"https:\/\/visionciudadana.com.mx\/oficial\/wp-json\/wp\/v2\/posts"}],"about":[{"href":"https:\/\/visionciudadana.com.mx\/oficial\/wp-json\/wp\/v2\/types\/post"}],"author":[{"embeddable":true,"href":"https:\/\/visionciudadana.com.mx\/oficial\/wp-json\/wp\/v2\/users\/1"}],"replies":[{"embeddable":true,"href":"https:\/\/visionciudadana.com.mx\/oficial\/wp-json\/wp\/v2\/comments?post=14263"}],"version-history":[{"count":0,"href":"https:\/\/visionciudadana.com.mx\/oficial\/wp-json\/wp\/v2\/posts\/14263\/revisions"}],"wp:featuredmedia":[{"embeddable":true,"href":"https:\/\/visionciudadana.com.mx\/oficial\/wp-json\/wp\/v2\/posts\/5724"}],"wp:attachment":[{"href":"https:\/\/visionciudadana.com.mx\/oficial\/wp-json\/wp\/v2\/media?parent=14263"}],"wp:term":[{"taxonomy":"category","embeddable":true,"href":"https:\/\/visionciudadana.com.mx\/oficial\/wp-json\/wp\/v2\/categories?post=14263"},{"taxonomy":"post_tag","embeddable":true,"href":"https:\/\/visionciudadana.com.mx\/oficial\/wp-json\/wp\/v2\/tags?post=14263"},{"taxonomy":"author","embeddable":true,"href":"https:\/\/visionciudadana.com.mx\/oficial\/wp-json\/wp\/v2\/ppma_author?post=14263"}],"curies":[{"name":"wp","href":"https:\/\/api.w.org\/{rel}","templated":true}]}}