{"id":14262,"date":"2020-09-28T18:07:55","date_gmt":"2020-09-28T18:07:55","guid":{"rendered":"https:\/\/visionciudadana.com.mx\/prueba\/2020\/09\/28\/el-turismo-gran-complemento-para-los-grandes-destinos\/"},"modified":"2020-09-28T18:07:55","modified_gmt":"2020-09-28T18:07:55","slug":"el-turismo-gran-complemento-para-los-grandes-destinos","status":"publish","type":"post","link":"https:\/\/visionciudadana.com.mx\/oficial\/2020\/09\/28\/el-turismo-gran-complemento-para-los-grandes-destinos\/","title":{"rendered":"El turismo,  gran complemento para los grandes destinos"},"content":{"rendered":"<p style=\"text-align: justify;\"><b><span lang=\"ES\"><img decoding=\"async\" src=\"images\/2020\/sept.20\/turismo.PNG\" alt=\"turismo\" style=\"display: block; margin-left: auto; margin-right: auto;\" \/><br \/><span style=\"font-size: 14pt; font-family: arial, helvetica, sans-serif;\"><\/span><\/span><\/b><\/p>\n<div>\n<p class=\"x_MsoNormal\" style=\"text-align: justify;\"><span style=\"font-size: 14pt; font-family: arial, helvetica, sans-serif;\"><span lang=\"ES\">Tras los problemas suscitados por la pandemia del coronavirus a nivel mundial, en Sinaloa se logr\u00f3 una reactivaci\u00f3n escalonada y ordenada en el sector tur\u00edstico, destac\u00f3 el Secretario de Turismo \u00d3scar P\u00e9rez Barros, al inaugurar el ciclo de conferencias por la celebraci\u00f3n del d\u00eda mundial del turismo 2020 \u201cTurismo y Desarrollo Rural\u201d.<\/span><\/span><\/p>\n<p class=\"x_MsoNormal\" style=\"text-align: justify;\"><span lang=\"ES\" style=\"font-size: 14pt; font-family: arial, helvetica, sans-serif;\"><\/span><\/p>\n<p class=\"x_MsoNormal\" style=\"text-align: justify;\"><span lang=\"ES\" style=\"font-size: 14pt; font-family: arial, helvetica, sans-serif;\">En un evento virtual, organizado por la Universidad Aut\u00f3noma Ind\u00edgena de M\u00e9xico, con sede en Mochicahui, El Fuerte; el titular de la Sectur agreg\u00f3 que, para la recuperaci\u00f3n, se lanzaron nueve distintivos de sanidad con el fin de estandarizar los protocolos de sanidad en toda la cadena tur\u00edstica, y recibir a los turistas sin riesgo de cualquier contagio.<\/span><\/p>\n<p class=\"x_MsoNormal\" style=\"text-align: justify;\"><span lang=\"ES\" style=\"font-size: 14pt; font-family: arial, helvetica, sans-serif;\"><\/span><\/p>\n<p class=\"x_MsoNormal\" style=\"text-align: justify;\"><span lang=\"ES\" style=\"font-size: 14pt; font-family: arial, helvetica, sans-serif;\">P\u00e9rez Barros dijo que en el gobierno de Quirino Ordaz Coppel el turismo rural es el gran complemento con el prop\u00f3sito de tener una oferta a integral para las preferencias de este nuevo turista que viaja.<\/span><\/p>\n<p class=\"x_MsoNormal\" style=\"text-align: justify;\"><span lang=\"ES\" style=\"font-size: 14pt; font-family: arial, helvetica, sans-serif;\"><\/span><\/p>\n<p class=\"x_MsoNormal\" style=\"text-align: justify;\"><span lang=\"ES\" style=\"font-size: 14pt; font-family: arial, helvetica, sans-serif;\">El turismo, a\u00f1adi\u00f3, es una actividad econ\u00f3mica transversal, por eso, como parte de las estrategias de recuperaci\u00f3n para el sector, se lanz\u00f3 la segunda etapa del programa Viajando Puro Sinaloa, y en dos fines de semana se han tocado, con diferentes rutas, 10 de 18 municipios de la entidad.<\/span><\/p>\n<p class=\"x_MsoNormal\" style=\"text-align: justify;\"><span lang=\"ES\" style=\"font-size: 14pt; font-family: arial, helvetica, sans-serif;\"><\/span><\/p>\n<p class=\"x_MsoNormal\" style=\"text-align: justify;\"><span lang=\"ES\" style=\"font-size: 14pt; font-family: arial, helvetica, sans-serif;\">Consider\u00f3 importante que el sinaloense conozca todo lo que tenemos en el Estado y este programa se dise\u00f1\u00f3 precisamente para eso: en un fin de semana se pueden visitar tres destinos con diferentes actividades, todo a un bajo costo, y por supuesto cuidando todos los protocolos sanitarios que marca la nueva normalidad.<\/span><\/p>\n<p class=\"x_MsoNormal\" style=\"text-align: justify;\"><span lang=\"ES\" style=\"font-size: 14pt; font-family: arial, helvetica, sans-serif;\"><\/span><\/p>\n<p class=\"x_MsoNormal\" style=\"text-align: justify;\"><span lang=\"ES\" style=\"font-size: 14pt; font-family: arial, helvetica, sans-serif;\">Es una clara muestra de que el turismo se trata de experiencias, de c\u00f3mo podemos hacer que las peque\u00f1as comunidades encuentren su potencial tur\u00edstico y tengan un beneficio econ\u00f3mico, que se traduce en bienestar para sus habitantes, extern\u00f3.<\/span><\/p>\n<p class=\"x_MsoNormal\" style=\"text-align: justify;\"><span lang=\"ES\" style=\"font-size: 14pt; font-family: arial, helvetica, sans-serif;\"><\/span><\/p>\n<p class=\"x_MsoNormal\" style=\"text-align: justify;\"><span lang=\"ES\" style=\"font-size: 14pt; font-family: arial, helvetica, sans-serif;\">Un ejemplo de que el lema de este D\u00eda Mundial del Turismo \u201cTurismo y Desarrollo Rural\u201d se ejecuta en cada comunidad de nuestro Estado, es el caso de la Laguna de Canachi, enfatiz\u00f3, y aprovech\u00f3 para invitarlos a que conozcamos y disfrutemos nuestro estado.<\/span><\/p>\n<p class=\"x_MsoNormal\" style=\"text-align: justify;\"><span lang=\"ES\" style=\"font-size: 14pt; font-family: arial, helvetica, sans-serif;\"><\/span><\/p>\n<p class=\"x_MsoNormal\" style=\"text-align: justify;\"><span lang=\"ES\" style=\"font-size: 14pt; font-family: arial, helvetica, sans-serif;\">Reiter\u00f3 que tuvimos un verano catalogado como exitoso a nivel nacional, en el que el destino m\u00e1s visitado fue Mazatl\u00e1n con ocupaciones promedio en julio del 40 por ciento, mientras que en agosto llegamos a una ocupaci\u00f3n promedio en el destino del 56 por ciento, con sitios como Surutato, Cosal\u00e1, y Celestino Gasca, que reportaron ocupaciones muy importantes, los fines de semana.<\/span><\/p>\n<p class=\"x_MsoNormal\" style=\"text-align: justify;\"><span lang=\"ES\" style=\"font-size: 14pt; font-family: arial, helvetica, sans-serif;\"><\/span><\/p>\n<p class=\"x_MsoNormal\" style=\"text-align: justify;\"><span lang=\"ES\" style=\"font-size: 14pt; font-family: arial, helvetica, sans-serif;\">Estuvieron presentes la rectora Dra. Mar\u00eda Guadalupe Ibarra Cece\u00f1a; Coordinadora General Educativa M.C. Anet Yuriria de Jes\u00fas L\u00f3pez Corrales; Ma. Sagrario Mata Jim\u00e9nez, Directora Mochicahui; Silvia Nereyda Mendivil Ceballos, Directora General Unidad Mochicahui; Dra. Claudia C. Olivas Olivo, Coordinadora de la Licenciatura en Turismo Empresarial.<\/span><\/p>\n<p style=\"text-align: justify;\">&nbsp;<\/p>\n<p style=\"text-align: justify;\"><span style=\"font-size: 14pt; font-family: arial, helvetica, sans-serif;\">REDACCI\u00d3N\/VISI\u00d3N CIUDADANA.<\/span><\/p>\n<\/div>\n<div>&nbsp;<\/div>\n","protected":false},"excerpt":{"rendered":"<p>Tras los problemas suscitados por la pandemia del coronavirus a nivel mundial, en Sinaloa se logr\u00f3 una reactivaci\u00f3n escalonada y ordenada en el sector tur\u00edstico, destac\u00f3 el Secretario de Turismo \u00d3scar P\u00e9rez Barros, al inaugurar el ciclo de conferencias por la celebraci\u00f3n del d\u00eda mundial del turismo 2020 \u201cTurismo y Desarrollo Rural\u201d. En un evento [&hellip;]<\/p>\n","protected":false},"author":1,"featured_media":5722,"comment_status":"open","ping_status":"closed","sticky":false,"template":"","format":"standard","meta":{"footnotes":""},"categories":[24],"tags":[],"ppma_author":[31],"class_list":["post-14262","post","type-post","status-publish","format-standard","has-post-thumbnail","hentry","category-relevantes"],"aioseo_notices":[],"authors":[{"term_id":31,"user_id":1,"is_guest":0,"slug":"ivan3vino","display_name":"Iv\u00e1n Trevi\u00f1o","avatar_url":{"url":"https:\/\/visionciudadana.com.mx\/oficial\/wp-content\/uploads\/2025\/09\/columna-ivan-Trevino.png","url2x":"https:\/\/visionciudadana.com.mx\/oficial\/wp-content\/uploads\/2025\/09\/columna-ivan-Trevino.png"},"0":null,"1":"","2":"","3":"","4":"","5":"","6":"","7":"","8":""}],"_links":{"self":[{"href":"https:\/\/visionciudadana.com.mx\/oficial\/wp-json\/wp\/v2\/posts\/14262","targetHints":{"allow":["GET"]}}],"collection":[{"href":"https:\/\/visionciudadana.com.mx\/oficial\/wp-json\/wp\/v2\/posts"}],"about":[{"href":"https:\/\/visionciudadana.com.mx\/oficial\/wp-json\/wp\/v2\/types\/post"}],"author":[{"embeddable":true,"href":"https:\/\/visionciudadana.com.mx\/oficial\/wp-json\/wp\/v2\/users\/1"}],"replies":[{"embeddable":true,"href":"https:\/\/visionciudadana.com.mx\/oficial\/wp-json\/wp\/v2\/comments?post=14262"}],"version-history":[{"count":0,"href":"https:\/\/visionciudadana.com.mx\/oficial\/wp-json\/wp\/v2\/posts\/14262\/revisions"}],"wp:featuredmedia":[{"embeddable":true,"href":"https:\/\/visionciudadana.com.mx\/oficial\/wp-json\/wp\/v2\/posts\/5722"}],"wp:attachment":[{"href":"https:\/\/visionciudadana.com.mx\/oficial\/wp-json\/wp\/v2\/media?parent=14262"}],"wp:term":[{"taxonomy":"category","embeddable":true,"href":"https:\/\/visionciudadana.com.mx\/oficial\/wp-json\/wp\/v2\/categories?post=14262"},{"taxonomy":"post_tag","embeddable":true,"href":"https:\/\/visionciudadana.com.mx\/oficial\/wp-json\/wp\/v2\/tags?post=14262"},{"taxonomy":"author","embeddable":true,"href":"https:\/\/visionciudadana.com.mx\/oficial\/wp-json\/wp\/v2\/ppma_author?post=14262"}],"curies":[{"name":"wp","href":"https:\/\/api.w.org\/{rel}","templated":true}]}}