{"id":14251,"date":"2020-09-25T12:39:38","date_gmt":"2020-09-25T12:39:38","guid":{"rendered":"https:\/\/visionciudadana.com.mx\/prueba\/2020\/09\/25\/estudiante-de-la-uas-es-distinguido-con-el-reconocimiento-a-la-excelencia-academica-de-medicina-2020\/"},"modified":"2020-09-25T12:39:38","modified_gmt":"2020-09-25T12:39:38","slug":"estudiante-de-la-uas-es-distinguido-con-el-reconocimiento-a-la-excelencia-academica-de-medicina-2020","status":"publish","type":"post","link":"https:\/\/visionciudadana.com.mx\/oficial\/2020\/09\/25\/estudiante-de-la-uas-es-distinguido-con-el-reconocimiento-a-la-excelencia-academica-de-medicina-2020\/","title":{"rendered":"Estudiante de la UAS es distinguido con el reconocimiento a la excelencia acad\u00e9mica de Medicina 2020"},"content":{"rendered":"<p><img decoding=\"async\" src=\"images\/2020\/sept.20\/reconocen_a_joven_medicina.PNG\" alt=\"reconocen a joven medicina\" style=\"display: block; margin-left: auto; margin-right: auto;\" \/><\/p>\n<p class=\"x_MsoNormal\" style=\"text-align: justify;\" align=\"right\"><span style=\"font-size: 14pt; font-family: arial, helvetica, sans-serif;\"><span lang=\"ES\">El estudiante de la Facultad de Medicina de la Universidad Aut\u00f3noma de Sinaloa (UAS), Luis David Nieblas Beltr\u00e1n, fue distinguido en la Ceremonia&nbsp;<\/span>de Reconocimiento a la Excelencia Acad\u00e9mica en Medicina 2020 que otorga el Instituto Cient\u00edfico Pfizer, la Academia Nacional de Medicina en M\u00e9xico, y la Asociaci\u00f3n Mexicana de Facultades y Escuelas de Medicina (AMFEM).<\/span><\/p>\n<p style=\"text-align: justify;\">&nbsp;<\/p>\n<p class=\"x_MsoNormal\" style=\"text-align: justify;\"><span style=\"font-size: 14pt; font-family: arial, helvetica, sans-serif;\">Este evento se realiz\u00f3 de manera virtual y fue presenciado por el Rector de la Casa Rosalina, doctor Juan Eulogio Guerra Liera, quien hace unas semanas anunci\u00f3 que por tercer a\u00f1o consecutivo la UAS, a trav\u00e9s de su Facultad de Medicina, destaca a nivel nacional al recibir uno de sus alumnos el Premio Nacional a la Excelencia Acad\u00e9mica en Medicina.<\/span><\/p>\n<p style=\"text-align: justify;\">&nbsp;<\/p>\n<p class=\"x_MsoNormal\" style=\"text-align: justify;\"><span style=\"font-size: 14pt; font-family: arial, helvetica, sans-serif;\">La ceremonia fue conducida por el Gerente de Pfizer, doctor Juan Carlos Molina, quien enfatiz\u00f3 que este es el \u00fanico evento en el pa\u00eds que reconoce la excelencia acad\u00e9mica en el ramo de la Medicina y este a\u00f1o es r\u00e9cord en cuanto al n\u00famero de homenajeados ya que son 78 los m\u00e9dicos reci\u00e9n egresados quienes reciben la distinci\u00f3n de este premio, que fue creado en 2008 y a la fecha ha honrado a 700 estudiantes de escuelas y facultades de Medicina.<\/span><\/p>\n<p class=\"x_MsoNormal\" style=\"text-align: justify;\"><span lang=\"ES\" style=\"font-size: 14pt; font-family: arial, helvetica, sans-serif;\"><\/span><\/p>\n<p class=\"x_MsoNormal\" style=\"text-align: justify;\"><span lang=\"ES\" style=\"font-size: 14pt; font-family: arial, helvetica, sans-serif;\">V\u00eda telef\u00f3nica el estudiante de la UAS, Luis David Nieblas Beltr\u00e1n, se mostr\u00f3 emocionado por recibir esta distinci\u00f3n que reconoce su esfuerzo en los estudios y opin\u00f3 que es un reconocimiento a su Alma M\u00e1ter y a sus compa\u00f1eros tambi\u00e9n, as\u00ed como a su familia que lo han apoyado siempre y hoy ese apoyo rinde frutos.<\/span><\/p>\n<p class=\"x_MsoNormal\" style=\"text-align: justify;\"><span lang=\"ES\" style=\"font-size: 14pt; font-family: arial, helvetica, sans-serif;\"><\/span><\/p>\n<p class=\"x_MsoNormal\" style=\"text-align: justify;\"><span lang=\"ES\" style=\"font-size: 14pt; font-family: arial, helvetica, sans-serif;\">\u201cTodo ha valido la pena, no lo podemos tomar como un sacrificio (\u2026) voy a estar eternamente agradecido con la Universidad Aut\u00f3noma de Sinaloa porque, desde que hice el bachillerato lo hice aqu\u00ed y siempre nos han brindado todas las herramientas posibles para mejorar nuestro aprendizaje (\u2026) en la Universidad los profesores que hemos tenido nos han hecho evolucionar en gran medida no s\u00f3lo como profesionales, sino tambi\u00e9n como personas (\u2026) agradecer al Rector por el apoyo y las atenciones que nos ha brindado y al director de la Facultad porque han estado apoyando siempre\u201d, dijo Nieblas Beltr\u00e1n.<\/span><\/p>\n<p class=\"x_MsoNormal\" style=\"text-align: justify;\"><span lang=\"ES\" style=\"font-size: 14pt; font-family: arial, helvetica, sans-serif;\"><\/span><\/p>\n<p class=\"x_MsoNormal\" style=\"text-align: justify;\"><span style=\"font-size: 14pt; font-family: arial, helvetica, sans-serif;\">Durante la ceremonia virtual el Vicepresidente de la Academia Mexicana de Medicina, doctor Jos\u00e9 Halabe Cherem, expres\u00f3 que otorgar este reconocimiento estimula al resto de los estudiantes de Medicina a ser mejores, lo cual impactar\u00e1 en una mejor\u00eda en la atenci\u00f3n a los pacientes y en tener una mejor Medicina, pues plante\u00f3 que \u201cpremiar a la excelencia es premiar a la pulcritud en el quehacer cotidiano y eso en Medicina es muy importante\u201d.<\/span><\/p>\n<p class=\"x_MsoNormal\" style=\"text-align: justify;\"><span style=\"font-size: 14pt; font-family: arial, helvetica, sans-serif;\"><b>&nbsp;<\/b><\/span><\/p>\n<p class=\"x_MsoNormal\" style=\"text-align: justify;\"><span style=\"font-size: 14pt; font-family: arial, helvetica, sans-serif;\">Tambi\u00e9n dio unas palabras desde Buenos Aires la Gerente de Pfizer M\u00e9xico, Connie Losada,<b>&nbsp;<\/b>para se\u00f1alar que esta ceremonia pone en el ojo a los egresados m\u00e1s destacados en Medicina y al enfatizar que la excelencia, palabra que define a Pfizer, los llevar\u00e1 muy lejos en su profesi\u00f3n en la cual salvar\u00e1n vidas, reconoci\u00f3 la labor de los institutos, escuelas y facultades de Medicina, as\u00ed como a los docentes y directores porque gracias a su labor cada a\u00f1o egresan miles de estudiantes y felicit\u00f3 a los alumnos homenajeados.<\/span><\/p>\n<p style=\"text-align: justify;\">&nbsp;<\/p>\n<p class=\"x_MsoNormal\" style=\"text-align: justify;\"><span style=\"font-size: 14pt; font-family: arial, helvetica, sans-serif;\">Por su parte el Vicepresidente de la AMFEM, doctor Jorge Eugenio Valdez Garc\u00eda,<b>&nbsp;<\/b>expuso que la excelencia acad\u00e9mica del alumno es el cimiento de su \u00e9xito en el \u00e1mbito profesional y resulta de la combinaci\u00f3n de valores y &nbsp;principios, y por ello hoy se celebra esta fortaleza, y las universidades hoy buscan esa excelencia, tambi\u00e9n ponder\u00f3 la relaci\u00f3n entre la medicina acad\u00e9mica, la salud de la poblaci\u00f3n y los valores sociales que se nutren rec\u00edprocamente y se refiri\u00f3 al trabajo de las universidades por buscar egresados que sean l\u00edderes y agentes de cambio que modifiquen su entorno.<\/span><\/p>\n<p style=\"text-align: justify;\">&nbsp;<\/p>\n<p class=\"x_MsoNormal\" style=\"text-align: justify;\"><span style=\"font-size: 14pt; font-family: arial, helvetica, sans-serif;\">Correspondi\u00f3 a la alumna Alejandra Hern\u00e1ndez Galicia, estudiante de la Universidad Aut\u00f3noma de Tabasco dar el mensaje a nombre de sus compa\u00f1eros premiados y particip\u00f3 tambi\u00e9n con un mensaje a los j\u00f3venes el Director General del Instituto Nacional de Ciencias M\u00e9dicas y Nutrici\u00f3n Salvador Zubir\u00e1n, doctor David Kershenobich, quien los exhort\u00f3 a mantenerse a la vanguardia en sus estudios porque la Medicina no es est\u00e1tica, y seguro de que ser\u00e1n los l\u00edderes de la medicina del futuro plante\u00f3 que la actual pandemia es una gran oportunidad de explorar nuevos horizontes, retos y es momento de desarrollar nuevas habilidades cl\u00ednicas, m\u00e9todos y nuevos conocimientos.<\/span><\/p>\n<p style=\"text-align: justify;\">&nbsp;<\/p>\n<p class=\"x_MsoNormal\" style=\"text-align: justify;\"><span style=\"font-size: 14pt; font-family: arial, helvetica, sans-serif;\">Por \u00faltimo tom\u00f3 la palabra la Directora M\u00e9dica de Pfizer M\u00e9xico, Y\u00e9ssika Moreno, que al igual que los dem\u00e1s oradores felicit\u00f3 a los j\u00f3venes y a sus familias por este \u00e9xito, calific\u00f3 de h\u00e9roes a los profesionales de la salud y opin\u00f3 que hoy m\u00e1s que nunca la comunidad m\u00e9dica se enfrenta a retos sin precedentes por lo que llam\u00f3 a que todos desde sus diferentes trincheras apoyen a los profesionales de la salud para combatir juntos la batalla contra el COVID-19, y reiter\u00f3 el compromiso de Pfizer de seguir fomentando la investigaci\u00f3n cient\u00edfica en el pa\u00eds y la excelencia acad\u00e9mica en Medicina en M\u00e9xico.<\/span><\/p>\n<p class=\"x_MsoNormal\" style=\"text-align: justify;\"><span lang=\"ES\" style=\"font-size: 14pt; font-family: arial, helvetica, sans-serif;\"><\/span><\/p>\n<p style=\"text-align: justify;\">&nbsp;<\/p>\n<p style=\"text-align: justify;\"><span style=\"font-size: 14pt; font-family: arial, helvetica, sans-serif;\">REDACCI\u00d3N\/VISI\u00d3N CIUDADANA.<\/span><\/p>\n","protected":false},"excerpt":{"rendered":"<p>El estudiante de la Facultad de Medicina de la Universidad Aut\u00f3noma de Sinaloa (UAS), Luis David Nieblas Beltr\u00e1n, fue distinguido en la Ceremonia&nbsp;de Reconocimiento a la Excelencia Acad\u00e9mica en Medicina 2020 que otorga el Instituto Cient\u00edfico Pfizer, la Academia Nacional de Medicina en M\u00e9xico, y la Asociaci\u00f3n Mexicana de Facultades y Escuelas de Medicina (AMFEM). [&hellip;]<\/p>\n","protected":false},"author":1,"featured_media":5709,"comment_status":"open","ping_status":"closed","sticky":false,"template":"","format":"standard","meta":{"footnotes":""},"categories":[24],"tags":[],"ppma_author":[31],"class_list":["post-14251","post","type-post","status-publish","format-standard","has-post-thumbnail","hentry","category-relevantes"],"aioseo_notices":[],"authors":[{"term_id":31,"user_id":1,"is_guest":0,"slug":"ivan3vino","display_name":"Iv\u00e1n Trevi\u00f1o","avatar_url":{"url":"https:\/\/visionciudadana.com.mx\/oficial\/wp-content\/uploads\/2025\/09\/columna-ivan-Trevino.png","url2x":"https:\/\/visionciudadana.com.mx\/oficial\/wp-content\/uploads\/2025\/09\/columna-ivan-Trevino.png"},"0":null,"1":"","2":"","3":"","4":"","5":"","6":"","7":"","8":""}],"_links":{"self":[{"href":"https:\/\/visionciudadana.com.mx\/oficial\/wp-json\/wp\/v2\/posts\/14251","targetHints":{"allow":["GET"]}}],"collection":[{"href":"https:\/\/visionciudadana.com.mx\/oficial\/wp-json\/wp\/v2\/posts"}],"about":[{"href":"https:\/\/visionciudadana.com.mx\/oficial\/wp-json\/wp\/v2\/types\/post"}],"author":[{"embeddable":true,"href":"https:\/\/visionciudadana.com.mx\/oficial\/wp-json\/wp\/v2\/users\/1"}],"replies":[{"embeddable":true,"href":"https:\/\/visionciudadana.com.mx\/oficial\/wp-json\/wp\/v2\/comments?post=14251"}],"version-history":[{"count":0,"href":"https:\/\/visionciudadana.com.mx\/oficial\/wp-json\/wp\/v2\/posts\/14251\/revisions"}],"wp:featuredmedia":[{"embeddable":true,"href":"https:\/\/visionciudadana.com.mx\/oficial\/wp-json\/wp\/v2\/media\/5709"}],"wp:attachment":[{"href":"https:\/\/visionciudadana.com.mx\/oficial\/wp-json\/wp\/v2\/media?parent=14251"}],"wp:term":[{"taxonomy":"category","embeddable":true,"href":"https:\/\/visionciudadana.com.mx\/oficial\/wp-json\/wp\/v2\/categories?post=14251"},{"taxonomy":"post_tag","embeddable":true,"href":"https:\/\/visionciudadana.com.mx\/oficial\/wp-json\/wp\/v2\/tags?post=14251"},{"taxonomy":"author","embeddable":true,"href":"https:\/\/visionciudadana.com.mx\/oficial\/wp-json\/wp\/v2\/ppma_author?post=14251"}],"curies":[{"name":"wp","href":"https:\/\/api.w.org\/{rel}","templated":true}]}}