{"id":14250,"date":"2020-09-24T13:04:57","date_gmt":"2020-09-24T13:04:57","guid":{"rendered":"https:\/\/visionciudadana.com.mx\/prueba\/2020\/09\/24\/buscaran-organizaciones-agricolas-acercamiento-con-diputados-federales\/"},"modified":"2020-09-24T13:04:57","modified_gmt":"2020-09-24T13:04:57","slug":"buscaran-organizaciones-agricolas-acercamiento-con-diputados-federales","status":"publish","type":"post","link":"https:\/\/visionciudadana.com.mx\/oficial\/2020\/09\/24\/buscaran-organizaciones-agricolas-acercamiento-con-diputados-federales\/","title":{"rendered":"Buscar\u00e1n organizaciones agr\u00edcolas acercamiento con diputados federales"},"content":{"rendered":"<p style=\"text-align: justify;\"><img decoding=\"async\" style=\"display: block; margin-left: auto; margin-right: auto;\" src=\"images\/2020\/sept.20\/faustinis.PNG\" alt=\"faustinis\" \/><\/p>\n<p class=\"x_MsoNormal\" style=\"text-align: justify;\"><span style=\"font-size: 14pt; font-family: arial, helvetica, sans-serif;\">El Proyecto de Presupuesto de Egresos de la Federaci\u00f3n para el 2021 contin\u00faa lejos de la realidad que atraviesa el campo sinaloense, por ello se gestionar\u00e1 una reuni\u00f3n con los legisladores federales de la entidad con el objetivo de presentar un an\u00e1lisis de dicho documento inform\u00f3 el diputado Faustino Hern\u00e1ndez.<\/span><\/p>\n<p style=\"text-align: justify;\">&nbsp;<\/p>\n<p class=\"x_MsoNormal\" style=\"text-align: justify;\"><span style=\"font-size: 14pt; font-family: arial, helvetica, sans-serif;\">Luego de una reuni\u00f3n con organizaciones, donde particip\u00f3 el Secretario de Agricultura y Ganader\u00eda Manuel Tarriba, el tambi\u00e9n l\u00edder de la CNC en Sinaloa explic\u00f3 que uno de los puntos de mayor importancia para los productores es el rubro de la comercializaci\u00f3n, pero tambi\u00e9n se buscar\u00e1 que se retomen programas de Desarrollo Rural, Seguro Catastr\u00f3fico y de Concurrencia.<\/span><\/p>\n<p style=\"text-align: justify;\">&nbsp;<\/p>\n<p class=\"x_MsoNormal\" style=\"text-align: justify;\"><span style=\"font-size: 14pt; font-family: arial, helvetica, sans-serif;\">El dirigente agr\u00edcola dijo que se buscar\u00e1 el acercamiento con legisladores de todas las fracciones parlamentarias, pues el campo no tiene colores; \u201cvamos por el di\u00e1logo, el acercamiento y la exigencia real de un presupuesto digno para el campo de M\u00e9xico y particularmente para los productores de Sinaloa\u201d.<\/span><\/p>\n<p style=\"text-align: justify;\">&nbsp;<\/p>\n<p class=\"x_MsoNormal\" style=\"text-align: justify;\"><span style=\"font-size: 14pt; font-family: arial, helvetica, sans-serif;\">Hern\u00e1ndez \u00c1lvarez indic\u00f3 que el campo en Sinaloa tiene dos rostros; el temporal y el de riego, por un lado, al primero se le ha privado de programas como el PRODETER y el de Seguro Catastr\u00f3fico, y por otro lado se le ha afectado en el presupuesto para la comercializaci\u00f3n.<\/span><\/p>\n<p style=\"text-align: justify;\">&nbsp;<\/p>\n<p class=\"x_MsoNormal\" style=\"text-align: justify;\"><span style=\"font-size: 14pt; font-family: arial, helvetica, sans-serif;\">\u201cSon diputados federales que son de Sinaloa, que viven en Sinaloa y que tienen que ayudar a los sinaloenses\u201d, explic\u00f3.<\/span><\/p>\n<p style=\"text-align: justify;\">&nbsp;<\/p>\n<p class=\"x_MsoNormal\" style=\"text-align: justify;\"><span style=\"font-size: 14pt; font-family: arial, helvetica, sans-serif;\">Por \u00faltimo, el diputado local consider\u00f3 al 2020 como un a\u00f1o malo para los productores pues m\u00e1s all\u00e1 de lograr un precio de garant\u00eda de 4,150 pesos por tonelada para los maiceros, estos apoyos y complementos se han retrasado m\u00e1s all\u00e1 de lo comprometido.<\/span><\/p>\n<p style=\"text-align: justify;\">&nbsp;<\/p>\n<p style=\"text-align: justify;\">&nbsp;<\/p>\n<p style=\"text-align: justify;\"><span style=\"font-size: 14pt; font-family: arial, helvetica, sans-serif;\">REDACCI\u00d3N\/VISI\u00d3N CIUDADANA.<\/span><\/p>\n","protected":false},"excerpt":{"rendered":"<p>El Proyecto de Presupuesto de Egresos de la Federaci\u00f3n para el 2021 contin\u00faa lejos de la realidad que atraviesa el campo sinaloense, por ello se gestionar\u00e1 una reuni\u00f3n con los legisladores federales de la entidad con el objetivo de presentar un an\u00e1lisis de dicho documento inform\u00f3 el diputado Faustino Hern\u00e1ndez. &nbsp; Luego de una reuni\u00f3n [&hellip;]<\/p>\n","protected":false},"author":1,"featured_media":5707,"comment_status":"open","ping_status":"closed","sticky":false,"template":"","format":"standard","meta":{"footnotes":""},"categories":[24],"tags":[],"ppma_author":[31],"class_list":["post-14250","post","type-post","status-publish","format-standard","has-post-thumbnail","hentry","category-relevantes"],"aioseo_notices":[],"authors":[{"term_id":31,"user_id":1,"is_guest":0,"slug":"ivan3vino","display_name":"Iv\u00e1n Trevi\u00f1o","avatar_url":{"url":"https:\/\/visionciudadana.com.mx\/oficial\/wp-content\/uploads\/2025\/09\/columna-ivan-Trevino.png","url2x":"https:\/\/visionciudadana.com.mx\/oficial\/wp-content\/uploads\/2025\/09\/columna-ivan-Trevino.png"},"0":null,"1":"","2":"","3":"","4":"","5":"","6":"","7":"","8":""}],"_links":{"self":[{"href":"https:\/\/visionciudadana.com.mx\/oficial\/wp-json\/wp\/v2\/posts\/14250","targetHints":{"allow":["GET"]}}],"collection":[{"href":"https:\/\/visionciudadana.com.mx\/oficial\/wp-json\/wp\/v2\/posts"}],"about":[{"href":"https:\/\/visionciudadana.com.mx\/oficial\/wp-json\/wp\/v2\/types\/post"}],"author":[{"embeddable":true,"href":"https:\/\/visionciudadana.com.mx\/oficial\/wp-json\/wp\/v2\/users\/1"}],"replies":[{"embeddable":true,"href":"https:\/\/visionciudadana.com.mx\/oficial\/wp-json\/wp\/v2\/comments?post=14250"}],"version-history":[{"count":0,"href":"https:\/\/visionciudadana.com.mx\/oficial\/wp-json\/wp\/v2\/posts\/14250\/revisions"}],"wp:featuredmedia":[{"embeddable":true,"href":"https:\/\/visionciudadana.com.mx\/oficial\/wp-json\/wp\/v2\/media\/5707"}],"wp:attachment":[{"href":"https:\/\/visionciudadana.com.mx\/oficial\/wp-json\/wp\/v2\/media?parent=14250"}],"wp:term":[{"taxonomy":"category","embeddable":true,"href":"https:\/\/visionciudadana.com.mx\/oficial\/wp-json\/wp\/v2\/categories?post=14250"},{"taxonomy":"post_tag","embeddable":true,"href":"https:\/\/visionciudadana.com.mx\/oficial\/wp-json\/wp\/v2\/tags?post=14250"},{"taxonomy":"author","embeddable":true,"href":"https:\/\/visionciudadana.com.mx\/oficial\/wp-json\/wp\/v2\/ppma_author?post=14250"}],"curies":[{"name":"wp","href":"https:\/\/api.w.org\/{rel}","templated":true}]}}