{"id":14249,"date":"2020-09-24T13:01:59","date_gmt":"2020-09-24T13:01:59","guid":{"rendered":"https:\/\/visionciudadana.com.mx\/prueba\/2020\/09\/24\/sinaloa-presente-en-el-tianguis-turistico-digital-2020\/"},"modified":"2020-09-24T13:01:59","modified_gmt":"2020-09-24T13:01:59","slug":"sinaloa-presente-en-el-tianguis-turistico-digital-2020","status":"publish","type":"post","link":"https:\/\/visionciudadana.com.mx\/oficial\/2020\/09\/24\/sinaloa-presente-en-el-tianguis-turistico-digital-2020\/","title":{"rendered":"Sinaloa presente en el Tianguis Tur\u00edstico digital 2020"},"content":{"rendered":"<p><img decoding=\"async\" style=\"display: block; margin-left: auto; margin-right: auto;\" src=\"images\/2020\/sept.20\/presentes_en_tianguis.PNG\" alt=\"presentes en tianguis\" \/><\/p>\n<div>\n<p class=\"x_MsoNormal\" style=\"text-align: justify;\"><span style=\"font-size: 14pt; font-family: arial, helvetica, sans-serif;\">El sector tur\u00edstico de Sinaloa inici\u00f3 esta ma\u00f1ana su participaci\u00f3n en el primer \u201cTianguis Tur\u00edstico Digital 2020\u201d, el foro m\u00e1s importante de negocios en este sentido en M\u00e9xico, en el que estar\u00e1n m\u00e1s de 1,720 compradores de 45 pa\u00edses y m\u00e1s de 220 expositores, detall\u00f3 el Secretario de Turismo de Sinaloa \u00d3scar P\u00e9rez Barros.<\/span><\/p>\n<p style=\"text-align: justify;\">&nbsp;<\/p>\n<p class=\"x_MsoNormal\" style=\"text-align: justify;\"><span style=\"font-size: 14pt; font-family: arial, helvetica, sans-serif;\">Agreg\u00f3 que estar\u00e1n los 32 estados del pa\u00eds, en el que Sinaloa participa con su stand para promover, todos sus atractivos, como Pueblos M\u00e1gicos, Pueblos Se\u00f1oriales, playas, gastronom\u00eda, historia, cultura y dem\u00e1s.<\/span><\/p>\n<p style=\"text-align: justify;\">&nbsp;<\/p>\n<p class=\"x_MsoNormal\" style=\"text-align: justify;\"><span style=\"font-size: 14pt; font-family: arial, helvetica, sans-serif;\">Para este evento se esperan alrededor de 660 citas, con los objetivos de:<\/span><\/p>\n<p style=\"text-align: justify;\">&nbsp;<\/p>\n<p class=\"x_MsoNormal\" style=\"text-align: justify;\"><span style=\"font-size: 14pt; font-family: arial, helvetica, sans-serif;\">Promover nuestros protocolos de sanidad, es de mucho inter\u00e9s para agentes de viajes, l\u00edneas a\u00e9reas y operadores tur\u00edsticos recuperar nuestros promotores y captar nuevos operadores tur\u00edsticos para incrementar la venta en el mercado nacional, adem\u00e1s de nuevas rutas, nuevos vuelos, m\u00e1s frecuencias y recuperaci\u00f3n del mercado nacional y de Norteam\u00e9rica, a\u00f1adi\u00f3 el titular de la Sectur.<\/span><\/p>\n<p style=\"text-align: justify;\">&nbsp;<\/p>\n<p class=\"x_MsoNormal\" style=\"text-align: justify;\"><span style=\"font-size: 14pt; font-family: arial, helvetica, sans-serif;\">Tambi\u00e9n inform\u00f3 que adem\u00e1s de hoteles independientes, cadenas hoteleras, aerol\u00edneas, y tour operadores, las representaciones de Turismo de las entidades de la Rep\u00fablica Mexicana, por Sinaloa est\u00e1 la Asociaci\u00f3n de Hoteles de Mazatl\u00e1n; Asociaci\u00f3n de Hoteles 3 Islas, de Mazatl\u00e1n; Asociaci\u00f3n de Hoteles de Culiac\u00e1n y Asociaci\u00f3n de Hoteles del Norte de Sinaloa.<\/span><\/p>\n<p style=\"text-align: justify;\">&nbsp;<\/p>\n<p class=\"x_MsoNormal\" style=\"text-align: justify;\"><span style=\"font-size: 14pt; font-family: arial, helvetica, sans-serif;\">La inauguraci\u00f3n estuvo encabezada por el Secretario de Turismo Federal Miguel Torruco Marqu\u00e9s, el Secretario General de la OMT, Zurab Pololikashvili, el Presidente de Asetur Luis Araiza, Secretarios estatales e integrantes del sector.<\/span><\/p>\n<p style=\"text-align: justify;\">&nbsp;<\/p>\n<p class=\"x_MsoNormal\" style=\"text-align: justify;\"><span style=\"font-size: 14pt; font-family: arial, helvetica, sans-serif;\">Por su parte agradeci\u00f3 el comentario que hizo el Presidente de la Rep\u00fablica, Andres Manuel L\u00f3pez Obrador, \u00abEs importante esta iniciativa de la Secretar\u00eda de Turismo, con m\u00e1s de 3 mil participantes y la presencia de m\u00e1s de mil empresas del sector, estamos hablando de una actividad econ\u00f3mica fundamental.\u201d<\/span><\/p>\n<p style=\"text-align: justify;\">&nbsp;<\/p>\n<p style=\"text-align: justify;\">&nbsp;<\/p>\n<p style=\"text-align: justify;\"><span style=\"font-size: 14pt; font-family: arial, helvetica, sans-serif;\">REDACCI\u00d3N\/VISI\u00d3N CIUDADANA.<\/span><\/p>\n<\/div>\n<div style=\"text-align: justify;\"><span style=\"font-size: 14pt; font-family: arial, helvetica, sans-serif;\"><\/span><\/div>\n","protected":false},"excerpt":{"rendered":"<p>El sector tur\u00edstico de Sinaloa inici\u00f3 esta ma\u00f1ana su participaci\u00f3n en el primer \u201cTianguis Tur\u00edstico Digital 2020\u201d, el foro m\u00e1s importante de negocios en este sentido en M\u00e9xico, en el que estar\u00e1n m\u00e1s de 1,720 compradores de 45 pa\u00edses y m\u00e1s de 220 expositores, detall\u00f3 el Secretario de Turismo de Sinaloa \u00d3scar P\u00e9rez Barros. &nbsp; [&hellip;]<\/p>\n","protected":false},"author":1,"featured_media":5705,"comment_status":"open","ping_status":"closed","sticky":false,"template":"","format":"standard","meta":{"footnotes":""},"categories":[24],"tags":[],"ppma_author":[31],"class_list":["post-14249","post","type-post","status-publish","format-standard","has-post-thumbnail","hentry","category-relevantes"],"aioseo_notices":[],"authors":[{"term_id":31,"user_id":1,"is_guest":0,"slug":"ivan3vino","display_name":"Iv\u00e1n Trevi\u00f1o","avatar_url":{"url":"https:\/\/visionciudadana.com.mx\/oficial\/wp-content\/uploads\/2025\/09\/columna-ivan-Trevino.png","url2x":"https:\/\/visionciudadana.com.mx\/oficial\/wp-content\/uploads\/2025\/09\/columna-ivan-Trevino.png"},"0":null,"1":"","2":"","3":"","4":"","5":"","6":"","7":"","8":""}],"_links":{"self":[{"href":"https:\/\/visionciudadana.com.mx\/oficial\/wp-json\/wp\/v2\/posts\/14249","targetHints":{"allow":["GET"]}}],"collection":[{"href":"https:\/\/visionciudadana.com.mx\/oficial\/wp-json\/wp\/v2\/posts"}],"about":[{"href":"https:\/\/visionciudadana.com.mx\/oficial\/wp-json\/wp\/v2\/types\/post"}],"author":[{"embeddable":true,"href":"https:\/\/visionciudadana.com.mx\/oficial\/wp-json\/wp\/v2\/users\/1"}],"replies":[{"embeddable":true,"href":"https:\/\/visionciudadana.com.mx\/oficial\/wp-json\/wp\/v2\/comments?post=14249"}],"version-history":[{"count":0,"href":"https:\/\/visionciudadana.com.mx\/oficial\/wp-json\/wp\/v2\/posts\/14249\/revisions"}],"wp:featuredmedia":[{"embeddable":true,"href":"https:\/\/visionciudadana.com.mx\/oficial\/wp-json\/wp\/v2\/media\/5705"}],"wp:attachment":[{"href":"https:\/\/visionciudadana.com.mx\/oficial\/wp-json\/wp\/v2\/media?parent=14249"}],"wp:term":[{"taxonomy":"category","embeddable":true,"href":"https:\/\/visionciudadana.com.mx\/oficial\/wp-json\/wp\/v2\/categories?post=14249"},{"taxonomy":"post_tag","embeddable":true,"href":"https:\/\/visionciudadana.com.mx\/oficial\/wp-json\/wp\/v2\/tags?post=14249"},{"taxonomy":"author","embeddable":true,"href":"https:\/\/visionciudadana.com.mx\/oficial\/wp-json\/wp\/v2\/ppma_author?post=14249"}],"curies":[{"name":"wp","href":"https:\/\/api.w.org\/{rel}","templated":true}]}}