{"id":14248,"date":"2020-09-24T12:57:26","date_gmt":"2020-09-24T12:57:26","guid":{"rendered":"https:\/\/visionciudadana.com.mx\/prueba\/2020\/09\/24\/charla-titular-de-sepyc-con-comunidades-educativas-de-ahome\/"},"modified":"2020-09-24T12:57:26","modified_gmt":"2020-09-24T12:57:26","slug":"charla-titular-de-sepyc-con-comunidades-educativas-de-ahome","status":"publish","type":"post","link":"https:\/\/visionciudadana.com.mx\/oficial\/2020\/09\/24\/charla-titular-de-sepyc-con-comunidades-educativas-de-ahome\/","title":{"rendered":"Charla titular de Sepyc con comunidades educativas de Ahome"},"content":{"rendered":"<p><img decoding=\"async\" style=\"display: block; margin-left: auto; margin-right: auto;\" src=\"images\/2020\/sept.20\/en_salvador_el_secre_sep.PNG\" alt=\"en salvador el secre sep\" \/><\/p>\n<div dir=\"auto\" style=\"text-align: justify;\"><span style=\"font-size: 14pt; font-family: arial, helvetica, sans-serif;\">En di\u00e1logo con el Comit\u00e9 de Vigilancia Escolar de la primaria \u201cClub de Leones\u201d, y con el Comit\u00e9 de Vigilancia Ciudadano de la colonia San Fernando, de Los Mochis, el secretario de Educaci\u00f3n en Sinaloa, Juan Alfonso Mej\u00eda L\u00f3pez, refrend\u00f3 el compromiso del gobernador Quirino Ordaz Coppel, de sacar adelante este Ciclo Escolar.<\/span><\/div>\n<div style=\"text-align: justify;\">&nbsp;<\/div>\n<div dir=\"auto\" style=\"text-align: justify;\"><span style=\"font-size: 14pt; font-family: arial, helvetica, sans-serif;\"><\/span><\/div>\n<div dir=\"auto\" style=\"text-align: justify;\"><span style=\"font-size: 14pt; font-family: arial, helvetica, sans-serif;\">El titular de la Secretar\u00eda de Educaci\u00f3n P\u00fablica y Cultura (Sepyc) destac\u00f3 que las y los ni\u00f1os y sus familias contaron con el apoyo de sus maestras y maestros y cerraron muy bien el pasado ciclo escolar, y el 2020-2021 lo empezaron a\u00fan mejor. Indic\u00f3 que con estos encuentros busca el conocimiento de los diferentes contextos de las y los alumnos en los diferentes municipios.&nbsp;<\/span><\/div>\n<div style=\"text-align: justify;\">&nbsp;<\/div>\n<div dir=\"auto\" style=\"text-align: justify;\"><span style=\"font-size: 14pt; font-family: arial, helvetica, sans-serif;\"><\/span><\/div>\n<div dir=\"auto\" style=\"text-align: justify;\"><span style=\"font-size: 14pt; font-family: arial, helvetica, sans-serif;\">\u00abNos apegamos a una estrategia diferenciada y aplicada a los contextos. La realidad que utilizamos, es de acuerdo a la realidad que viven las familias\u00bb, dijo.&nbsp;<\/span><\/div>\n<div style=\"text-align: justify;\">&nbsp;<\/div>\n<div dir=\"auto\" style=\"text-align: justify;\"><span style=\"font-size: 14pt; font-family: arial, helvetica, sans-serif;\"><\/span><\/div>\n<div dir=\"auto\" style=\"text-align: justify;\"><span style=\"font-size: 14pt; font-family: arial, helvetica, sans-serif;\">Acompa\u00f1ado por el secretario ejecutivo del Sistema Estatal de Seguridad P\u00fablica (SESESP), Renato Ocampo Alc\u00e1ntar, Mej\u00eda L\u00f3pez se\u00f1al\u00f3 que docentes y familias contin\u00faan trabajando en equipo para que nuestras alumnas y alumnos permanezcan en el proceso educativo.<\/span><\/div>\n<div style=\"text-align: justify;\">&nbsp;<\/div>\n<div dir=\"auto\" style=\"text-align: justify;\"><span style=\"font-size: 14pt; font-family: arial, helvetica, sans-serif;\"><\/span><\/div>\n<div dir=\"auto\" style=\"text-align: justify;\"><span style=\"font-size: 14pt; font-family: arial, helvetica, sans-serif;\">\u00abEl SESESP trabaja muy de la mano de la Secretar\u00eda de Salud y de Educaci\u00f3n P\u00fablica porque son quienes nos ayudan con ciertas pl\u00e1ticas para la prevenci\u00f3n de adicciones o bullying\u00bb, coment\u00f3 Ocampo Alc\u00e1ntar.&nbsp;<\/span><\/div>\n<div style=\"text-align: justify;\">&nbsp;<\/div>\n<div dir=\"auto\" style=\"text-align: justify;\"><span style=\"font-size: 14pt; font-family: arial, helvetica, sans-serif;\"><\/span><\/div>\n<div dir=\"auto\" style=\"text-align: justify;\"><span style=\"font-size: 14pt; font-family: arial, helvetica, sans-serif;\">A\u00f1adi\u00f3 que esta din\u00e1mica ha generado m\u00e1s cercan\u00eda con las familias a lo largo y ancho de Sinaloa.&nbsp;<\/span><\/div>\n<div style=\"text-align: justify;\">&nbsp;<\/div>\n<div dir=\"auto\" style=\"text-align: justify;\"><span style=\"font-size: 14pt; font-family: arial, helvetica, sans-serif;\"><\/span><\/div>\n<div dir=\"auto\" style=\"text-align: justify;\"><span style=\"font-size: 14pt; font-family: arial, helvetica, sans-serif;\">En la colonia San Fernando, se reuni\u00f3 con padres de familia y alumnos del jard\u00edn de ni\u00f1os \u201cOctavio Paz\u201d, secundaria General #4, secundaria T\u00e9cnica #16 \u201cEjido 09 de diciembre\u201d; Cobaes 02 y Cobaes 54.<\/span><\/div>\n<div style=\"text-align: justify;\">&nbsp;<\/div>\n<div dir=\"auto\" style=\"text-align: justify;\"><span style=\"font-size: 14pt; font-family: arial, helvetica, sans-serif;\"><\/span><\/div>\n<div dir=\"auto\" style=\"text-align: justify;\"><span style=\"font-size: 14pt; font-family: arial, helvetica, sans-serif;\">Los Consejos de Vigilancia Escolar del SESESP tienen la funci\u00f3n de vigilar la entrada y salida de los alumnos, adem\u00e1s de realizar rondines al interior de los planteles en hora del receso, entre otras actividades propuestas por el propio comit\u00e9 y la Direcci\u00f3n de la escuela.<\/span><\/div>\n<div dir=\"auto\" style=\"text-align: justify;\">&nbsp;<\/div>\n<div dir=\"auto\" style=\"text-align: justify;\">&nbsp;<\/div>\n<div dir=\"auto\" style=\"text-align: justify;\"><span style=\"font-size: 14pt; font-family: arial, helvetica, sans-serif;\">REDACCI\u00d3N\/VISI\u00d3N CIUDADANA.<\/span><\/div>\n","protected":false},"excerpt":{"rendered":"<p>En di\u00e1logo con el Comit\u00e9 de Vigilancia Escolar de la primaria \u201cClub de Leones\u201d, y con el Comit\u00e9 de Vigilancia Ciudadano de la colonia San Fernando, de Los Mochis, el secretario de Educaci\u00f3n en Sinaloa, Juan Alfonso Mej\u00eda L\u00f3pez, refrend\u00f3 el compromiso del gobernador Quirino Ordaz Coppel, de sacar adelante este Ciclo Escolar. &nbsp; El [&hellip;]<\/p>\n","protected":false},"author":1,"featured_media":5703,"comment_status":"open","ping_status":"closed","sticky":false,"template":"","format":"standard","meta":{"footnotes":""},"categories":[13],"tags":[],"ppma_author":[31],"class_list":["post-14248","post","type-post","status-publish","format-standard","has-post-thumbnail","hentry","category-locales"],"aioseo_notices":[],"authors":[{"term_id":31,"user_id":1,"is_guest":0,"slug":"ivan3vino","display_name":"Iv\u00e1n Trevi\u00f1o","avatar_url":{"url":"https:\/\/visionciudadana.com.mx\/oficial\/wp-content\/uploads\/2025\/09\/columna-ivan-Trevino.png","url2x":"https:\/\/visionciudadana.com.mx\/oficial\/wp-content\/uploads\/2025\/09\/columna-ivan-Trevino.png"},"0":null,"1":"","2":"","3":"","4":"","5":"","6":"","7":"","8":""}],"_links":{"self":[{"href":"https:\/\/visionciudadana.com.mx\/oficial\/wp-json\/wp\/v2\/posts\/14248","targetHints":{"allow":["GET"]}}],"collection":[{"href":"https:\/\/visionciudadana.com.mx\/oficial\/wp-json\/wp\/v2\/posts"}],"about":[{"href":"https:\/\/visionciudadana.com.mx\/oficial\/wp-json\/wp\/v2\/types\/post"}],"author":[{"embeddable":true,"href":"https:\/\/visionciudadana.com.mx\/oficial\/wp-json\/wp\/v2\/users\/1"}],"replies":[{"embeddable":true,"href":"https:\/\/visionciudadana.com.mx\/oficial\/wp-json\/wp\/v2\/comments?post=14248"}],"version-history":[{"count":0,"href":"https:\/\/visionciudadana.com.mx\/oficial\/wp-json\/wp\/v2\/posts\/14248\/revisions"}],"wp:featuredmedia":[{"embeddable":true,"href":"https:\/\/visionciudadana.com.mx\/oficial\/wp-json\/wp\/v2\/posts\/5703"}],"wp:attachment":[{"href":"https:\/\/visionciudadana.com.mx\/oficial\/wp-json\/wp\/v2\/media?parent=14248"}],"wp:term":[{"taxonomy":"category","embeddable":true,"href":"https:\/\/visionciudadana.com.mx\/oficial\/wp-json\/wp\/v2\/categories?post=14248"},{"taxonomy":"post_tag","embeddable":true,"href":"https:\/\/visionciudadana.com.mx\/oficial\/wp-json\/wp\/v2\/tags?post=14248"},{"taxonomy":"author","embeddable":true,"href":"https:\/\/visionciudadana.com.mx\/oficial\/wp-json\/wp\/v2\/ppma_author?post=14248"}],"curies":[{"name":"wp","href":"https:\/\/api.w.org\/{rel}","templated":true}]}}