{"id":14247,"date":"2020-09-24T12:53:29","date_gmt":"2020-09-24T12:53:29","guid":{"rendered":"https:\/\/visionciudadana.com.mx\/prueba\/2020\/09\/24\/haran-jornada-de-empleo-virtual-en-salvador-alvarado\/"},"modified":"2020-09-24T12:53:29","modified_gmt":"2020-09-24T12:53:29","slug":"haran-jornada-de-empleo-virtual-en-salvador-alvarado","status":"publish","type":"post","link":"https:\/\/visionciudadana.com.mx\/oficial\/2020\/09\/24\/haran-jornada-de-empleo-virtual-en-salvador-alvarado\/","title":{"rendered":"Har\u00e1n Jornada de Empleo virtual en Salvador Alvarado"},"content":{"rendered":"<p style=\"text-align: justify;\"><img decoding=\"async\" style=\"display: block; margin-left: auto; margin-right: auto;\" src=\"images\/2020\/sept.20\/empleo_virtual.PNG\" alt=\"empleo virtual\" \/><\/p>\n<p style=\"text-align: justify;\"><span style=\"font-size: 14pt; font-family: arial, helvetica, sans-serif;\">A fin de seguir generando empleo para los alvaradenses, la Direcci\u00f3n de Econom\u00eda llev\u00f3 a cabo, este mi\u00e9rcoles, una jornada virtual de reclutamiento, en la cual se interesaron 30 personas de las 500 vacantes que ten\u00edan disponibles para todo Sinaloa.<\/span><\/p>\n<p style=\"text-align: justify;\">&nbsp;<\/p>\n<p style=\"text-align: justify;\"><span style=\"font-size: 14pt; font-family: arial, helvetica, sans-serif;\">El director de Econom\u00eda en el municipio, Cristian Zavala Obeso, inform\u00f3 que los empleos que estaban ofertando eran para vigilancia en edificios de gobierno, los cuales iban dirigidos a personas de 18 a 40 a\u00f1os de edad, mismos que deber\u00edan de tener una escolaridad m\u00ednima de preparatoria.<\/span><\/p>\n<p style=\"text-align: justify;\">&nbsp;<\/p>\n<p style=\"text-align: justify;\"><span style=\"font-size: 14pt; font-family: arial, helvetica, sans-serif;\">Dio a conocer que el pr\u00f3ximo viernes 25 del presente mes realizar\u00e1n una segunda jornada de empleo que ir\u00e1 dirigida a personas que tengan una discapacidad motora o auditiva, en la que tendr\u00e1n 40 vacantes.<\/span><\/p>\n<p style=\"text-align: justify;\">&nbsp;<\/p>\n<p style=\"text-align: justify;\"><span style=\"font-size: 14pt; font-family: arial, helvetica, sans-serif;\">Por ello, invit\u00f3 a los interesados a que env\u00eden su curr\u00edculum vitae o solicitud de empleo al correo <a href=\"mailto:empleate@sinaloa.gob.mx\">empleate@sinaloa.gob.mx<\/a> para que puedan recibir el ID, la contrase\u00f1a y accedan al evento, donde les estar\u00e1n dando toda la informaci\u00f3n.<\/span><\/p>\n<p style=\"text-align: justify;\">&nbsp;<\/p>\n<p style=\"text-align: justify;\"><span style=\"font-size: 14pt; font-family: arial, helvetica, sans-serif;\">El funcionario municipal expres\u00f3 que en estos tiempos dif\u00edciles de Covid-19 est\u00e1n buscando alternativas para apoyar a las personas a encontrar empleo y que puedan llevar ingresos a sus familias.<\/span><\/p>\n<p style=\"text-align: justify;\">&nbsp;<\/p>\n<p style=\"text-align: justify;\"><span style=\"font-size: 14pt; font-family: arial, helvetica, sans-serif;\">Por \u00faltimo, dijo que si lanzan m\u00e1s jornadas de empleo estar\u00e1n d\u00e1ndolas a conocer a trav\u00e9s de las p\u00e1ginas oficiales del gobierno municipal, por eso los invit\u00f3 a estar pendientes.<\/span><\/p>\n<p style=\"text-align: justify;\">&nbsp;<\/p>\n<p style=\"text-align: justify;\">&nbsp;<\/p>\n<p style=\"text-align: justify;\"><span style=\"font-size: 14pt; font-family: arial, helvetica, sans-serif;\">REDACCI\u00d3N\/VISI\u00d3N CIUDADANA.<\/span><\/p>\n","protected":false},"excerpt":{"rendered":"<p>A fin de seguir generando empleo para los alvaradenses, la Direcci\u00f3n de Econom\u00eda llev\u00f3 a cabo, este mi\u00e9rcoles, una jornada virtual de reclutamiento, en la cual se interesaron 30 personas de las 500 vacantes que ten\u00edan disponibles para todo Sinaloa. &nbsp; El director de Econom\u00eda en el municipio, Cristian Zavala Obeso, inform\u00f3 que los empleos [&hellip;]<\/p>\n","protected":false},"author":1,"featured_media":5701,"comment_status":"open","ping_status":"closed","sticky":false,"template":"","format":"standard","meta":{"footnotes":""},"categories":[13],"tags":[],"ppma_author":[31],"class_list":["post-14247","post","type-post","status-publish","format-standard","has-post-thumbnail","hentry","category-locales"],"aioseo_notices":[],"authors":[{"term_id":31,"user_id":1,"is_guest":0,"slug":"ivan3vino","display_name":"Iv\u00e1n Trevi\u00f1o","avatar_url":{"url":"https:\/\/visionciudadana.com.mx\/oficial\/wp-content\/uploads\/2025\/09\/columna-ivan-Trevino.png","url2x":"https:\/\/visionciudadana.com.mx\/oficial\/wp-content\/uploads\/2025\/09\/columna-ivan-Trevino.png"},"0":null,"1":"","2":"","3":"","4":"","5":"","6":"","7":"","8":""}],"_links":{"self":[{"href":"https:\/\/visionciudadana.com.mx\/oficial\/wp-json\/wp\/v2\/posts\/14247","targetHints":{"allow":["GET"]}}],"collection":[{"href":"https:\/\/visionciudadana.com.mx\/oficial\/wp-json\/wp\/v2\/posts"}],"about":[{"href":"https:\/\/visionciudadana.com.mx\/oficial\/wp-json\/wp\/v2\/types\/post"}],"author":[{"embeddable":true,"href":"https:\/\/visionciudadana.com.mx\/oficial\/wp-json\/wp\/v2\/users\/1"}],"replies":[{"embeddable":true,"href":"https:\/\/visionciudadana.com.mx\/oficial\/wp-json\/wp\/v2\/comments?post=14247"}],"version-history":[{"count":0,"href":"https:\/\/visionciudadana.com.mx\/oficial\/wp-json\/wp\/v2\/posts\/14247\/revisions"}],"wp:featuredmedia":[{"embeddable":true,"href":"https:\/\/visionciudadana.com.mx\/oficial\/wp-json\/wp\/v2\/posts\/5701"}],"wp:attachment":[{"href":"https:\/\/visionciudadana.com.mx\/oficial\/wp-json\/wp\/v2\/media?parent=14247"}],"wp:term":[{"taxonomy":"category","embeddable":true,"href":"https:\/\/visionciudadana.com.mx\/oficial\/wp-json\/wp\/v2\/categories?post=14247"},{"taxonomy":"post_tag","embeddable":true,"href":"https:\/\/visionciudadana.com.mx\/oficial\/wp-json\/wp\/v2\/tags?post=14247"},{"taxonomy":"author","embeddable":true,"href":"https:\/\/visionciudadana.com.mx\/oficial\/wp-json\/wp\/v2\/ppma_author?post=14247"}],"curies":[{"name":"wp","href":"https:\/\/api.w.org\/{rel}","templated":true}]}}