{"id":14246,"date":"2020-09-24T12:47:21","date_gmt":"2020-09-24T12:47:21","guid":{"rendered":"https:\/\/visionciudadana.com.mx\/prueba\/2020\/09\/24\/por-posesion-de-sustancias-policia-estatal-aseguran-a-vecino-de-los-huizaches\/"},"modified":"2020-09-24T12:47:21","modified_gmt":"2020-09-24T12:47:21","slug":"por-posesion-de-sustancias-policia-estatal-aseguran-a-vecino-de-los-huizaches","status":"publish","type":"post","link":"https:\/\/visionciudadana.com.mx\/oficial\/2020\/09\/24\/por-posesion-de-sustancias-policia-estatal-aseguran-a-vecino-de-los-huizaches\/","title":{"rendered":"Por posesi\u00f3n de sustancias, polic\u00eda estatal aseguran a vecino de Los Huizaches"},"content":{"rendered":"<div>\n<p style=\"text-align: justify;\"><img decoding=\"async\" style=\"display: block; margin-left: auto; margin-right: auto;\" src=\"images\/2020\/sept.20\/capturaan.PNG\" alt=\"capturaan\" \/><\/p>\n<p style=\"text-align: justify;\"><span style=\"font-size: 14pt; font-family: arial, helvetica, sans-serif;\">Por la posesi\u00f3n de diversas sustancias, un vecino de la colonia Los Huizaches, en Culiac\u00e1n, fue asegurado este mi\u00e9rcoles por elementos de la Polic\u00eda Estatal Preventiva.<\/span><\/p>\n<p style=\"text-align: justify;\">&nbsp;<\/p>\n<p style=\"text-align: justify;\"><span style=\"font-size: 14pt; font-family: arial, helvetica, sans-serif;\">El hecho se registr\u00f3 cuando los uniformados recorr\u00edan calles de la colonia L\u00e1zaro C\u00e1rdenas cuando observaron a una persona que caminaba por el lugar, pero al observar a los uniformados adopt\u00f3 una actitud evasiva trat\u00e1ndose de alejar del sitio.<\/span><\/p>\n<p style=\"text-align: justify;\">&nbsp;<\/p>\n<p style=\"text-align: justify;\"><span style=\"font-size: 14pt; font-family: arial, helvetica, sans-serif;\">Fue en la esquina de las calles Presidente Valent\u00edn G\u00f3mez Far\u00edas y Presidente Miguel Alem\u00e1n, de dicha colonia, en donde los polic\u00edas lo abordaron, ah\u00ed, le encontraron entre sus pertenencias, diversos envoltorios, unos conten\u00edan una sustancia blanca y granulada, aparentemente metanfetamina, y otros con hierba verde y seca, presuntamente mariguana.<\/span><\/p>\n<p style=\"text-align: justify;\">&nbsp;<\/p>\n<p style=\"text-align: justify;\"><span style=\"font-size: 14pt; font-family: arial, helvetica, sans-serif;\">Ante esto, la persona, que fue identificada como Jes\u00fas Israel \u201cN\u201d, de 32 a\u00f1os de edad, junto con las peque\u00f1as bolsas, fue asegurado y puesto a disposici\u00f3n de las autoridades pertinentes para las investigaciones que marca la ley.<\/span><\/p>\n<p style=\"text-align: justify;\">&nbsp;<\/p>\n<p style=\"text-align: justify;\"><span style=\"font-size: 14pt; font-family: arial, helvetica, sans-serif;\">La Secretar\u00eda de Seguridad P\u00fablica de Sinaloa reitera su compromiso de trabajar en beneficio de las y los sinaloenses.<\/span><\/p>\n<p style=\"text-align: justify;\">&nbsp;<\/p>\n<p style=\"text-align: justify;\"><span style=\"font-size: 14pt; font-family: arial, helvetica, sans-serif;\">REDACCI\u00d3N\/VISI\u00d3N CIUDADANA.<\/span><\/p>\n<\/div>\n<div>&nbsp;<\/div>\n<div>&nbsp;<\/div>\n","protected":false},"excerpt":{"rendered":"<p>Por la posesi\u00f3n de diversas sustancias, un vecino de la colonia Los Huizaches, en Culiac\u00e1n, fue asegurado este mi\u00e9rcoles por elementos de la Polic\u00eda Estatal Preventiva. &nbsp; El hecho se registr\u00f3 cuando los uniformados recorr\u00edan calles de la colonia L\u00e1zaro C\u00e1rdenas cuando observaron a una persona que caminaba por el lugar, pero al observar a [&hellip;]<\/p>\n","protected":false},"author":1,"featured_media":5699,"comment_status":"open","ping_status":"closed","sticky":false,"template":"","format":"standard","meta":{"footnotes":""},"categories":[13],"tags":[],"ppma_author":[31],"class_list":["post-14246","post","type-post","status-publish","format-standard","has-post-thumbnail","hentry","category-locales"],"aioseo_notices":[],"authors":[{"term_id":31,"user_id":1,"is_guest":0,"slug":"ivan3vino","display_name":"Iv\u00e1n Trevi\u00f1o","avatar_url":{"url":"https:\/\/visionciudadana.com.mx\/oficial\/wp-content\/uploads\/2025\/09\/columna-ivan-Trevino.png","url2x":"https:\/\/visionciudadana.com.mx\/oficial\/wp-content\/uploads\/2025\/09\/columna-ivan-Trevino.png"},"0":null,"1":"","2":"","3":"","4":"","5":"","6":"","7":"","8":""}],"_links":{"self":[{"href":"https:\/\/visionciudadana.com.mx\/oficial\/wp-json\/wp\/v2\/posts\/14246","targetHints":{"allow":["GET"]}}],"collection":[{"href":"https:\/\/visionciudadana.com.mx\/oficial\/wp-json\/wp\/v2\/posts"}],"about":[{"href":"https:\/\/visionciudadana.com.mx\/oficial\/wp-json\/wp\/v2\/types\/post"}],"author":[{"embeddable":true,"href":"https:\/\/visionciudadana.com.mx\/oficial\/wp-json\/wp\/v2\/users\/1"}],"replies":[{"embeddable":true,"href":"https:\/\/visionciudadana.com.mx\/oficial\/wp-json\/wp\/v2\/comments?post=14246"}],"version-history":[{"count":0,"href":"https:\/\/visionciudadana.com.mx\/oficial\/wp-json\/wp\/v2\/posts\/14246\/revisions"}],"wp:featuredmedia":[{"embeddable":true,"href":"https:\/\/visionciudadana.com.mx\/oficial\/wp-json\/wp\/v2\/media\/5699"}],"wp:attachment":[{"href":"https:\/\/visionciudadana.com.mx\/oficial\/wp-json\/wp\/v2\/media?parent=14246"}],"wp:term":[{"taxonomy":"category","embeddable":true,"href":"https:\/\/visionciudadana.com.mx\/oficial\/wp-json\/wp\/v2\/categories?post=14246"},{"taxonomy":"post_tag","embeddable":true,"href":"https:\/\/visionciudadana.com.mx\/oficial\/wp-json\/wp\/v2\/tags?post=14246"},{"taxonomy":"author","embeddable":true,"href":"https:\/\/visionciudadana.com.mx\/oficial\/wp-json\/wp\/v2\/ppma_author?post=14246"}],"curies":[{"name":"wp","href":"https:\/\/api.w.org\/{rel}","templated":true}]}}