{"id":14237,"date":"2020-09-23T12:34:52","date_gmt":"2020-09-23T12:34:52","guid":{"rendered":"https:\/\/visionciudadana.com.mx\/prueba\/2020\/09\/23\/playas-en-navolato-siguen-cerradas\/"},"modified":"2020-09-23T12:34:52","modified_gmt":"2020-09-23T12:34:52","slug":"playas-en-navolato-siguen-cerradas","status":"publish","type":"post","link":"https:\/\/visionciudadana.com.mx\/oficial\/2020\/09\/23\/playas-en-navolato-siguen-cerradas\/","title":{"rendered":"Playas en Navolato siguen cerradas"},"content":{"rendered":"<p><img decoding=\"async\" style=\"display: block; margin-left: auto; margin-right: auto;\" src=\"images\/2020\/sept.20\/playas_en_Navolato.PNG\" alt=\"playas en Navolato\" \/><\/p>\n<p style=\"text-align: justify;\"><span style=\"font-size: 14pt; font-family: arial, helvetica, sans-serif;\">Debido al incremento de turistas a las playas de El Tambor y Altata principalmente el pasado fin de semana, el alcalde de Navolato, Eliazar Guti\u00e9rrez Angulo, solicit\u00f3 una reuni\u00f3n de funcionarios municipales con representantes de la Guardia Nacional para reforzar las estrategias y prohibir el ingreso a los ba\u00f1istas.<\/span><\/p>\n<p style=\"text-align: justify;\">\n<p><span style=\"font-size: 14pt; font-family: arial, helvetica, sans-serif;\">Esta medida preventiva la mantiene el Municipio de Navolato, desde el pasado mes de abril cuando las autoridades de Salud solicitaron el cierre de playas para evitar aglomeraci\u00f3n de personas, como parte de las medidas para prevenir contagios de COVID-19.<\/span><\/p>\n<p style=\"text-align: justify;\">\n<p><span style=\"font-size: 14pt; font-family: arial, helvetica, sans-serif;\">El acuerdo que se tom\u00f3 en esta reuni\u00f3n fue poner en marcha una campa\u00f1a de informaci\u00f3n a los turistas mediante colocaci\u00f3n de anuncios desde la sindicatura de San Pedro hasta Altata, en los cuales se les informar\u00e1 que las playas siguen cerradas.<\/span><\/p>\n<p style=\"text-align: justify;\">\n<p><span style=\"font-size: 14pt; font-family: arial, helvetica, sans-serif;\">Adem\u00e1s, ser\u00e1 instalado un filtro de control a la altura del ejido Bariometo II con personal de Protecci\u00f3n Civil y Polic\u00eda Municipal, para informar a los automovilistas que est\u00e1 prohibido el ingreso a las playas. Tambi\u00e9n se les proporcionar\u00e1 informaci\u00f3n sobre el acceso al malec\u00f3n y restaurantes de Altata.<\/span><\/p>\n<p style=\"text-align: justify;\">\n<p><span style=\"font-size: 14pt; font-family: arial, helvetica, sans-serif;\">De lunes a viernes, est\u00e1 permitido el acceso de veh\u00edculos hasta las 21:00 horas, el s\u00e1bado a las 17:00 horas y el domingo hasta las 14:00 horas, y las familias que acudan a los restaurantes o malec\u00f3n, despu\u00e9s del cierre, lo podr\u00e1n hacer a pie, y ser\u00e1n retirados a las 9 de la noche.<\/span><\/p>\n<p style=\"text-align: justify;\">\n<p><span style=\"font-size: 14pt; font-family: arial, helvetica, sans-serif;\">Otra medida que se acord\u00f3 en esta reuni\u00f3n fue que a partir de este fin de semana, a todas las personas que sean sorprendidas en zona de playa, ser\u00e1n remitidas a barandilla, por tal motivo hicieron el llamado nuevamente a los visitantes para que eviten ingresar a estas zonas prohibidas.<\/span><\/p>\n<p style=\"text-align: justify;\">&nbsp;<\/p>\n<p style=\"text-align: justify;\">&nbsp;<\/p>\n<p style=\"text-align: justify;\"><span style=\"font-size: 14pt; font-family: arial, helvetica, sans-serif;\">REDACCI\u00d3N\/VISI\u00d3N CIUDADANA.<\/span><\/p>\n","protected":false},"excerpt":{"rendered":"<p>Debido al incremento de turistas a las playas de El Tambor y Altata principalmente el pasado fin de semana, el alcalde de Navolato, Eliazar Guti\u00e9rrez Angulo, solicit\u00f3 una reuni\u00f3n de funcionarios municipales con representantes de la Guardia Nacional para reforzar las estrategias y prohibir el ingreso a los ba\u00f1istas. Esta medida preventiva la mantiene el [&hellip;]<\/p>\n","protected":false},"author":1,"featured_media":5681,"comment_status":"open","ping_status":"closed","sticky":false,"template":"","format":"standard","meta":{"footnotes":""},"categories":[13],"tags":[],"ppma_author":[31],"class_list":["post-14237","post","type-post","status-publish","format-standard","has-post-thumbnail","hentry","category-locales"],"aioseo_notices":[],"authors":[{"term_id":31,"user_id":1,"is_guest":0,"slug":"ivan3vino","display_name":"Iv\u00e1n Trevi\u00f1o","avatar_url":{"url":"https:\/\/visionciudadana.com.mx\/oficial\/wp-content\/uploads\/2025\/09\/columna-ivan-Trevino.png","url2x":"https:\/\/visionciudadana.com.mx\/oficial\/wp-content\/uploads\/2025\/09\/columna-ivan-Trevino.png"},"0":null,"1":"","2":"","3":"","4":"","5":"","6":"","7":"","8":""}],"_links":{"self":[{"href":"https:\/\/visionciudadana.com.mx\/oficial\/wp-json\/wp\/v2\/posts\/14237","targetHints":{"allow":["GET"]}}],"collection":[{"href":"https:\/\/visionciudadana.com.mx\/oficial\/wp-json\/wp\/v2\/posts"}],"about":[{"href":"https:\/\/visionciudadana.com.mx\/oficial\/wp-json\/wp\/v2\/types\/post"}],"author":[{"embeddable":true,"href":"https:\/\/visionciudadana.com.mx\/oficial\/wp-json\/wp\/v2\/users\/1"}],"replies":[{"embeddable":true,"href":"https:\/\/visionciudadana.com.mx\/oficial\/wp-json\/wp\/v2\/comments?post=14237"}],"version-history":[{"count":0,"href":"https:\/\/visionciudadana.com.mx\/oficial\/wp-json\/wp\/v2\/posts\/14237\/revisions"}],"wp:featuredmedia":[{"embeddable":true,"href":"https:\/\/visionciudadana.com.mx\/oficial\/wp-json\/wp\/v2\/media\/5681"}],"wp:attachment":[{"href":"https:\/\/visionciudadana.com.mx\/oficial\/wp-json\/wp\/v2\/media?parent=14237"}],"wp:term":[{"taxonomy":"category","embeddable":true,"href":"https:\/\/visionciudadana.com.mx\/oficial\/wp-json\/wp\/v2\/categories?post=14237"},{"taxonomy":"post_tag","embeddable":true,"href":"https:\/\/visionciudadana.com.mx\/oficial\/wp-json\/wp\/v2\/tags?post=14237"},{"taxonomy":"author","embeddable":true,"href":"https:\/\/visionciudadana.com.mx\/oficial\/wp-json\/wp\/v2\/ppma_author?post=14237"}],"curies":[{"name":"wp","href":"https:\/\/api.w.org\/{rel}","templated":true}]}}