{"id":14236,"date":"2020-09-23T12:28:52","date_gmt":"2020-09-23T12:28:52","guid":{"rendered":"https:\/\/visionciudadana.com.mx\/prueba\/2020\/09\/23\/gestiona-quirino-ante-scyhp-retorno-del-subsidio-al-diesel-a-pescadores\/"},"modified":"2020-09-23T12:28:52","modified_gmt":"2020-09-23T12:28:52","slug":"gestiona-quirino-ante-scyhp-retorno-del-subsidio-al-diesel-a-pescadores","status":"publish","type":"post","link":"https:\/\/visionciudadana.com.mx\/oficial\/2020\/09\/23\/gestiona-quirino-ante-scyhp-retorno-del-subsidio-al-diesel-a-pescadores\/","title":{"rendered":"Gestiona Quirino ante SCyHP retorno del subsidio al di\u00e9sel a pescadores"},"content":{"rendered":"<p style=\"text-align: justify;\"><span style=\"font-family: arial, helvetica, sans-serif;\"><strong><span style=\"font-size: 14pt;\"><span lang=\"ES-TRAD\"><\/span><\/span><\/strong><\/span><\/p>\n<p class=\"x_MsoNormal\" style=\"text-align: justify;\"><span style=\"font-family: arial, helvetica, sans-serif;\"><strong><span lang=\"ES-TRAD\" style=\"font-size: 14pt;\">&nbsp;<img decoding=\"async\" style=\"display: block; margin-left: auto; margin-right: auto;\" src=\"images\/2020\/sept.20\/gestiona_kirin.PNG\" alt=\"gestiona kirin\" \/><\/span><\/strong><\/span><\/p>\n<p class=\"x_MsoNormal\" style=\"text-align: justify;\"><span style=\"font-family: arial, helvetica, sans-serif;\"><span style=\"font-size: 14pt;\"><span lang=\"ES-TRAD\">Como lo hab\u00eda adelantado la semana pasada, el gobernador Quirino Ordaz Coppel encabez\u00f3 una comitiva de dirigentes de organizaciones de pescadores con el secretario de Hacienda y Cr\u00e9dito P\u00fablico, Arturo Herrera Guti\u00e9rrez, para gestionar el retorno del subsidio al di\u00e9sel y gasolina para pescadores, apoyo que se retir\u00f3 por parte del Gobierno de la Rep\u00fablica.<\/span><\/span><\/span><\/p>\n<p class=\"x_MsoNormal\" style=\"text-align: justify;\"><span style=\"font-family: arial, helvetica, sans-serif;\"><span lang=\"ES-TRAD\" style=\"font-size: 14pt;\"><\/span><\/span><\/p>\n<p class=\"x_MsoNormal\" style=\"text-align: justify;\"><span style=\"font-family: arial, helvetica, sans-serif;\"><span lang=\"ES-TRAD\" style=\"font-size: 14pt;\">Al salir de la reuni\u00f3n, misma que se celebr\u00f3 en las oficinas de la SHyCP de Palacio Nacional, en la Ciudad de M\u00e9xico, el mandatario estatal se dijo satisfecho por el resultado del encuentro, pues observ\u00f3 al secretario de Hacienda muy receptivo a los argumentos que esgrimieron los pescadores tanto ribere\u00f1os como armadores.<\/span><\/span><\/p>\n<p class=\"x_MsoNormal\" style=\"text-align: justify;\"><span style=\"font-family: arial, helvetica, sans-serif;\"><span lang=\"ES-TRAD\" style=\"font-size: 14pt;\"><\/span><\/span><\/p>\n<p class=\"x_MsoNormal\" style=\"text-align: justify;\"><span style=\"font-family: arial, helvetica, sans-serif;\"><span lang=\"ES-TRAD\" style=\"font-size: 14pt;\">\u201cMe gust\u00f3 mucho la posici\u00f3n del secretario de Hacienda porque lo vi muy receptivo, escuch\u00f3, atendi\u00f3, y dijo que se iba a analizar y revisar en una mesa para hacer una propuesta al presidente (Andr\u00e9s Manuel L\u00f3pez Obrador); creo que eso era el objetivo de este encuentro y poder expresar los diferentes puntos de vista de todos, de ribere\u00f1os y de gente de altamar, que estuviera bien representado todo el sector\u201d, dijo.<\/span><\/span><\/p>\n<p class=\"x_MsoNormal\" style=\"text-align: justify;\"><span style=\"font-family: arial, helvetica, sans-serif;\"><span lang=\"ES-TRAD\" style=\"font-size: 14pt;\"><\/span><\/span><\/p>\n<p class=\"x_MsoNormal\" style=\"text-align: justify;\"><span style=\"font-family: arial, helvetica, sans-serif;\"><span lang=\"ES-TRAD\" style=\"font-size: 14pt;\">El gobernador Quirino Ordaz Coppel a\u00f1adi\u00f3 que tambi\u00e9n llam\u00f3 al secretario de Agricultura y Desarrollo Rural, V\u00edctor Manuel Villalobos Ar\u00e1mbula, para comentarle el resultado de la reuni\u00f3n con el secretario de Hacienda, -a la cual no asisti\u00f3 por razones de salud- y el funcionario federal le dijo que se pondr\u00eda en contacto con Herrera Guti\u00e9rrez para darle el seguimiento acordado al tema, a trav\u00e9s de Conapesca.<\/span><\/span><\/p>\n<p class=\"x_MsoNormal\" style=\"text-align: justify;\"><span style=\"font-family: arial, helvetica, sans-serif;\"><span lang=\"ES-TRAD\" style=\"font-size: 14pt;\"><\/span><\/span><\/p>\n<p class=\"x_MsoNormal\" style=\"text-align: justify;\"><span style=\"font-family: arial, helvetica, sans-serif;\"><span lang=\"ES-TRAD\" style=\"font-size: 14pt;\">\u201cYa se pusieron en contacto los representantes del sector pesquero para darles la informaci\u00f3n t\u00e9cnica, y sumar a Agricultura, a Conapesca, a todos los entes; se trata aqu\u00ed de sumar con un solo fin, que es reconsiderar esta posici\u00f3n de apoyo al sector pesquero\u201d, precis\u00f3.<\/span><\/span><\/p>\n<p class=\"x_MsoNormal\" style=\"text-align: justify;\"><span style=\"font-family: arial, helvetica, sans-serif;\"><span lang=\"ES-TRAD\" style=\"font-size: 14pt;\"><\/span><\/span><\/p>\n<p class=\"x_MsoNormal\" style=\"text-align: justify;\"><span style=\"font-family: arial, helvetica, sans-serif;\"><span lang=\"ES-TRAD\" style=\"font-size: 14pt;\">Por su parte, el presidente de la C\u00e1mara Nacional de la Industria Pesquera (CANAINPESCA), Humberto Becerra Batista, le agradeci\u00f3 al gobernador la disposici\u00f3n y la r\u00e1pida acci\u00f3n que tuvo para concretar esta reuni\u00f3n con el secretario de Hacienda.<\/span><\/span><\/p>\n<p class=\"x_MsoNormal\" style=\"text-align: justify;\"><span style=\"font-family: arial, helvetica, sans-serif;\"><span lang=\"ES-TRAD\" style=\"font-size: 14pt;\"><\/span><\/span><\/p>\n<p class=\"x_MsoNormal\" style=\"text-align: justify;\"><span style=\"font-family: arial, helvetica, sans-serif;\"><span lang=\"ES-TRAD\" style=\"font-size: 14pt;\">\u201cNosotros como C\u00e1mara Nacional de la Industria de la Pesca, le reconozco al gobernador, siempre lo he dicho, es un gobernador de buenos oficios, ahorita nos confirm\u00f3 que el jueves estar\u00e1 en los muelles con los pescadores para informar de manera conjunta lo que pas\u00f3 en esta reuni\u00f3n\u201d, dijo.<\/span><\/span><\/p>\n<p class=\"x_MsoNormal\" style=\"text-align: justify;\"><span style=\"font-family: arial, helvetica, sans-serif;\"><span lang=\"ES-TRAD\" style=\"font-size: 14pt;\"><\/span><\/span><\/p>\n<p class=\"x_MsoNormal\" style=\"text-align: justify;\"><span style=\"font-family: arial, helvetica, sans-serif;\"><span lang=\"ES-TRAD\" style=\"font-size: 14pt;\">Al respecto, el dirigente pesquero se\u00f1al\u00f3 que se van con la esperanza de que una vez que se ponga en contexto al secretario Arturo Herrera, con la facilidad que les dio de ponerse en contacto con el \u00e1rea t\u00e9cnica de la Secretar\u00eda, se pueda considerar la informaci\u00f3n proporcionada por la CANAINPESCA en la propuesta que \u00e9ste a su vez le presentar\u00e1 al presidente de la Rep\u00fablica.<\/span><\/span><\/p>\n<p class=\"x_MsoNormal\" style=\"text-align: justify;\"><span style=\"font-family: arial, helvetica, sans-serif;\"><span lang=\"ES-TRAD\" style=\"font-size: 14pt;\"><\/span><\/span><\/p>\n<p class=\"x_MsoNormal\" style=\"text-align: justify;\"><span style=\"font-family: arial, helvetica, sans-serif;\"><span lang=\"ES-TRAD\" style=\"font-size: 14pt;\">El mandatario estatal se hizo acompa\u00f1ar por el secretario de Pesca y Acuacultura, Sergio Torres F\u00e9lix, encargado del sector en el \u00e1mbito estatal, y por el empresario atunero, Eduvigildo Carranza.<\/span><\/span><\/p>\n<p style=\"text-align: justify;\">&nbsp;<\/p>\n<p style=\"text-align: justify;\">&nbsp;<\/p>\n<p style=\"text-align: justify;\"><span style=\"font-family: arial, helvetica, sans-serif;\"><span style=\"font-size: 14pt;\">REDACCI\u00d3N\/VISI\u00d3N CIUDADANA.<\/span><\/span><\/p>\n","protected":false},"excerpt":{"rendered":"<p>&nbsp; Como lo hab\u00eda adelantado la semana pasada, el gobernador Quirino Ordaz Coppel encabez\u00f3 una comitiva de dirigentes de organizaciones de pescadores con el secretario de Hacienda y Cr\u00e9dito P\u00fablico, Arturo Herrera Guti\u00e9rrez, para gestionar el retorno del subsidio al di\u00e9sel y gasolina para pescadores, apoyo que se retir\u00f3 por parte del Gobierno de la [&hellip;]<\/p>\n","protected":false},"author":1,"featured_media":5679,"comment_status":"open","ping_status":"closed","sticky":false,"template":"","format":"standard","meta":{"footnotes":""},"categories":[24],"tags":[],"ppma_author":[31],"class_list":["post-14236","post","type-post","status-publish","format-standard","has-post-thumbnail","hentry","category-relevantes"],"aioseo_notices":[],"authors":[{"term_id":31,"user_id":1,"is_guest":0,"slug":"ivan3vino","display_name":"Iv\u00e1n Trevi\u00f1o","avatar_url":{"url":"https:\/\/visionciudadana.com.mx\/oficial\/wp-content\/uploads\/2025\/09\/columna-ivan-Trevino.png","url2x":"https:\/\/visionciudadana.com.mx\/oficial\/wp-content\/uploads\/2025\/09\/columna-ivan-Trevino.png"},"0":null,"1":"","2":"","3":"","4":"","5":"","6":"","7":"","8":""}],"_links":{"self":[{"href":"https:\/\/visionciudadana.com.mx\/oficial\/wp-json\/wp\/v2\/posts\/14236","targetHints":{"allow":["GET"]}}],"collection":[{"href":"https:\/\/visionciudadana.com.mx\/oficial\/wp-json\/wp\/v2\/posts"}],"about":[{"href":"https:\/\/visionciudadana.com.mx\/oficial\/wp-json\/wp\/v2\/types\/post"}],"author":[{"embeddable":true,"href":"https:\/\/visionciudadana.com.mx\/oficial\/wp-json\/wp\/v2\/users\/1"}],"replies":[{"embeddable":true,"href":"https:\/\/visionciudadana.com.mx\/oficial\/wp-json\/wp\/v2\/comments?post=14236"}],"version-history":[{"count":0,"href":"https:\/\/visionciudadana.com.mx\/oficial\/wp-json\/wp\/v2\/posts\/14236\/revisions"}],"wp:featuredmedia":[{"embeddable":true,"href":"https:\/\/visionciudadana.com.mx\/oficial\/wp-json\/wp\/v2\/media\/5679"}],"wp:attachment":[{"href":"https:\/\/visionciudadana.com.mx\/oficial\/wp-json\/wp\/v2\/media?parent=14236"}],"wp:term":[{"taxonomy":"category","embeddable":true,"href":"https:\/\/visionciudadana.com.mx\/oficial\/wp-json\/wp\/v2\/categories?post=14236"},{"taxonomy":"post_tag","embeddable":true,"href":"https:\/\/visionciudadana.com.mx\/oficial\/wp-json\/wp\/v2\/tags?post=14236"},{"taxonomy":"author","embeddable":true,"href":"https:\/\/visionciudadana.com.mx\/oficial\/wp-json\/wp\/v2\/ppma_author?post=14236"}],"curies":[{"name":"wp","href":"https:\/\/api.w.org\/{rel}","templated":true}]}}