{"id":14233,"date":"2020-09-22T21:54:06","date_gmt":"2020-09-22T21:54:06","guid":{"rendered":"https:\/\/visionciudadana.com.mx\/prueba\/2020\/09\/22\/llevan-la-semana-internacional-de-la-paz-al-centro-penitenciario-aguaruto-en-culiacan\/"},"modified":"2020-09-22T21:54:06","modified_gmt":"2020-09-22T21:54:06","slug":"llevan-la-semana-internacional-de-la-paz-al-centro-penitenciario-aguaruto-en-culiacan","status":"publish","type":"post","link":"https:\/\/visionciudadana.com.mx\/oficial\/2020\/09\/22\/llevan-la-semana-internacional-de-la-paz-al-centro-penitenciario-aguaruto-en-culiacan\/","title":{"rendered":"Llevan la semana Internacional de la paz al Centro Penitenciario Aguaruto en Culiac\u00e1n"},"content":{"rendered":"<p><img decoding=\"async\" style=\"display: block; margin-left: auto; margin-right: auto;\" src=\"images\/2020\/sept.20\/cedesus.PNG\" alt=\"cedesus\" \/><\/p>\n<p class=\"x_MsoNormal\" style=\"text-align: justify;\"><b>&nbsp;<\/b><span style=\"font-size: 14pt; font-family: arial, helvetica, sans-serif;\">Con el objetivo de reforzar los trabajos para lograr una real reinserci\u00f3n social en las Personas Privadas de la Libertad del Centro Penitenciario Aguaruto, este lunes se realizaron algunas actividades y entrega de reconocimientos, como una forma de motivaci\u00f3n.<\/span><\/p>\n<p style=\"text-align: justify;\">&nbsp;<\/p>\n<p style=\"text-align: justify;\"><span style=\"font-size: 14pt; font-family: arial, helvetica, sans-serif;\">En el marco de la Semana Internacional de la Paz realizada, en Culiac\u00e1n, por la asociaci\u00f3n civil Construyendo Espacios para la Paz y el organismo Ser Polic\u00eda, el Subsecretario de Seguridad, Prevenci\u00f3n y Reinserci\u00f3n Social, Carlos Alberto Hern\u00e1ndez Leyva, subray\u00f3 la importancia de que se lleven a cabo distintas actividades que permitan el crecimiento de quienes se encuentran en el Sistema Penitenciario.<\/span><\/p>\n<p style=\"text-align: justify;\">&nbsp;<\/p>\n<p style=\"text-align: justify;\"><span style=\"font-size: 14pt; font-family: arial, helvetica, sans-serif;\">En representaci\u00f3n del titular de la dependencia de seguridad Crist\u00f3bal Casta\u00f1eda Camarillo, Hern\u00e1ndez Leyva, explic\u00f3 que, en esta ocasi\u00f3n, se llevaron a cabo actividades culturales y deportivas, tales como torneos basquetbol, voleibol y f\u00fatbol, adem\u00e1s de un concurso de dibujo y frase conmemorativo a la paz.<\/span><\/p>\n<p style=\"text-align: justify;\">&nbsp;<\/p>\n<p style=\"text-align: justify;\"><span style=\"font-size: 14pt; font-family: arial, helvetica, sans-serif;\">Durante el evento simb\u00f3lico, se hizo entrega de reconocimientos a todos los participantes y trofeos a los ganadores de las diferentes actividades lo cual, dijo, es una aliciente para que las PPL, ya que los distrae en una din\u00e1mica distinta, de sana convivencia y trabajo en equipo.<\/span><\/p>\n<p style=\"text-align: justify;\">&nbsp;<\/p>\n<p style=\"text-align: justify;\"><span style=\"font-size: 14pt; font-family: arial, helvetica, sans-serif;\">En el acto, se iz\u00f3 la bandera de la paz, puntualizando que \u00e9ste y dem\u00e1s actos c\u00edvicos continuar\u00e1n en el resto del a\u00f1o.<\/span><\/p>\n<p style=\"text-align: justify;\">&nbsp;<\/p>\n<p style=\"text-align: justify;\"><span style=\"font-size: 14pt; font-family: arial, helvetica, sans-serif;\">Cabe se\u00f1alar que en el evento, estuvo presente el director del Instituto Municipal de la Juventud, Alonso Ram\u00edrez, as\u00ed como la regidora del Ayuntamiento de Culiac\u00e1n, Margarita Valle Camacho, y el representante del organismo Ser Polic\u00eda, Daniel Moore.<\/span><\/p>\n<p style=\"text-align: justify;\">&nbsp;<\/p>\n<p style=\"text-align: justify;\"><span style=\"font-size: 14pt; font-family: arial, helvetica, sans-serif;\">REDACCI\u00d3N\/VISI\u00d3N CIUDADANA.<\/span><\/p>\n<p>&nbsp;<\/p>\n","protected":false},"excerpt":{"rendered":"<p>&nbsp;Con el objetivo de reforzar los trabajos para lograr una real reinserci\u00f3n social en las Personas Privadas de la Libertad del Centro Penitenciario Aguaruto, este lunes se realizaron algunas actividades y entrega de reconocimientos, como una forma de motivaci\u00f3n. &nbsp; En el marco de la Semana Internacional de la Paz realizada, en Culiac\u00e1n, por la [&hellip;]<\/p>\n","protected":false},"author":1,"featured_media":5673,"comment_status":"open","ping_status":"closed","sticky":false,"template":"","format":"standard","meta":{"footnotes":""},"categories":[24],"tags":[],"ppma_author":[31],"class_list":["post-14233","post","type-post","status-publish","format-standard","has-post-thumbnail","hentry","category-relevantes"],"aioseo_notices":[],"authors":[{"term_id":31,"user_id":1,"is_guest":0,"slug":"ivan3vino","display_name":"Iv\u00e1n Trevi\u00f1o","avatar_url":{"url":"https:\/\/visionciudadana.com.mx\/oficial\/wp-content\/uploads\/2025\/09\/columna-ivan-Trevino.png","url2x":"https:\/\/visionciudadana.com.mx\/oficial\/wp-content\/uploads\/2025\/09\/columna-ivan-Trevino.png"},"0":null,"1":"","2":"","3":"","4":"","5":"","6":"","7":"","8":""}],"_links":{"self":[{"href":"https:\/\/visionciudadana.com.mx\/oficial\/wp-json\/wp\/v2\/posts\/14233","targetHints":{"allow":["GET"]}}],"collection":[{"href":"https:\/\/visionciudadana.com.mx\/oficial\/wp-json\/wp\/v2\/posts"}],"about":[{"href":"https:\/\/visionciudadana.com.mx\/oficial\/wp-json\/wp\/v2\/types\/post"}],"author":[{"embeddable":true,"href":"https:\/\/visionciudadana.com.mx\/oficial\/wp-json\/wp\/v2\/users\/1"}],"replies":[{"embeddable":true,"href":"https:\/\/visionciudadana.com.mx\/oficial\/wp-json\/wp\/v2\/comments?post=14233"}],"version-history":[{"count":0,"href":"https:\/\/visionciudadana.com.mx\/oficial\/wp-json\/wp\/v2\/posts\/14233\/revisions"}],"wp:featuredmedia":[{"embeddable":true,"href":"https:\/\/visionciudadana.com.mx\/oficial\/wp-json\/wp\/v2\/media\/5673"}],"wp:attachment":[{"href":"https:\/\/visionciudadana.com.mx\/oficial\/wp-json\/wp\/v2\/media?parent=14233"}],"wp:term":[{"taxonomy":"category","embeddable":true,"href":"https:\/\/visionciudadana.com.mx\/oficial\/wp-json\/wp\/v2\/categories?post=14233"},{"taxonomy":"post_tag","embeddable":true,"href":"https:\/\/visionciudadana.com.mx\/oficial\/wp-json\/wp\/v2\/tags?post=14233"},{"taxonomy":"author","embeddable":true,"href":"https:\/\/visionciudadana.com.mx\/oficial\/wp-json\/wp\/v2\/ppma_author?post=14233"}],"curies":[{"name":"wp","href":"https:\/\/api.w.org\/{rel}","templated":true}]}}