{"id":14232,"date":"2020-09-22T21:43:03","date_gmt":"2020-09-22T21:43:03","guid":{"rendered":"https:\/\/visionciudadana.com.mx\/prueba\/2020\/09\/22\/rector-espera-que-pef-2021-contemple-recursos-para-la-obligatoriedad-y-gratuidad-de-la-educacion-superior\/"},"modified":"2020-09-22T21:43:03","modified_gmt":"2020-09-22T21:43:03","slug":"rector-espera-que-pef-2021-contemple-recursos-para-la-obligatoriedad-y-gratuidad-de-la-educacion-superior","status":"publish","type":"post","link":"https:\/\/visionciudadana.com.mx\/oficial\/2020\/09\/22\/rector-espera-que-pef-2021-contemple-recursos-para-la-obligatoriedad-y-gratuidad-de-la-educacion-superior\/","title":{"rendered":"Rector espera que PEF 2021 contemple recursos para la obligatoriedad y gratuidad de la educaci\u00f3n superior"},"content":{"rendered":"<p><img decoding=\"async\" style=\"display: block; margin-left: auto; margin-right: auto;\" src=\"images\/2020\/sept.20\/rector_PEF.PNG\" alt=\"rector PEF\" \/><\/p>\n<p class=\"x_MsoNormal\" style=\"text-align: justify;\" align=\"right\"><span style=\"font-size: 14pt; font-family: arial, helvetica, sans-serif;\">Para el presupuesto de las universidades p\u00fablicas a ejercerse en 2021, la gesti\u00f3n ser\u00e1 con resultados en la mano, opin\u00f3 el Rector de la Universidad Aut\u00f3noma de Sinaloa (UAS), doctor Juan Eulogio Guerra Liera, al expresar que espera que el Presupuesto de Egresos de la Federaci\u00f3n (PEF) para el pr\u00f3ximo a\u00f1o ahora s\u00ed contemple una bolsa de recursos para hacer posible la obligatoriedad y gratuidad de la educaci\u00f3n superior en el pa\u00eds.<\/span><\/p>\n<p class=\"x_MsoNormal\" style=\"text-align: justify;\"><span lang=\"ES\" style=\"font-size: 14pt; font-family: arial, helvetica, sans-serif;\"><\/span><\/p>\n<p class=\"x_MsoNormal\" style=\"text-align: justify;\"><span lang=\"ES\" style=\"font-size: 14pt; font-family: arial, helvetica, sans-serif;\">El dirigente universitario reiter\u00f3 que se visualiza una situaci\u00f3n dif\u00edcil para las universidades p\u00fablicas, ya que muchas de ellas siguen con problemas estructurales, es decir, tienen problemas de pensiones y jubilaciones, adeudos con el SAT, el IMSS y el ISSSTE, por citar algunos, adem\u00e1s de una alta demanda de ingreso.<\/span><\/p>\n<p class=\"x_MsoNormal\" style=\"text-align: justify;\"><span lang=\"ES\" style=\"font-size: 14pt; font-family: arial, helvetica, sans-serif;\"><\/span><\/p>\n<p class=\"x_MsoNormal\" style=\"text-align: justify;\"><span style=\"font-size: 14pt; font-family: arial, helvetica, sans-serif;\">\u201cSe ha logrado un gran avance en este gobierno, al menos est\u00e1 en la Constituci\u00f3n la obligatoriedad y la gratuidad, entendiendo por obligatoriedad que las Instituciones de Educaci\u00f3n Superior reciban a todo el joven que desee y re\u00fana los requisitos para estudiar una carrera y que adem\u00e1s sea totalmente gratuito (\u2026) pero tambi\u00e9n qued\u00f3 que el Estado se hac\u00eda responsable por garantizar una bolsa que permitiera que lo que van a dejar de recibir las instit\u00a1uciones, por concepto de inscripciones, el Estado lo dar\u00eda a la universidad para que \u00e9sta no se paralizara y se garantizara lo que la Constituci\u00f3n especifica\u201d, dijo.<\/span><\/p>\n<p style=\"text-align: justify;\">&nbsp;<\/p>\n<p class=\"x_MsoNormal\" style=\"text-align: justify;\"><span style=\"font-size: 14pt; font-family: arial, helvetica, sans-serif;\">Guerra Liera se\u00f1al\u00f3 que, para este a\u00f1o, en el 2019 no se pudo aprobar una bolsa que se calculaba en poco m\u00e1s de 18 mil millones de pesos para absorber en un 100 por ciento lo que pagan los estudiantes en las universidades de todo el pa\u00eds.<\/span><\/p>\n<p style=\"text-align: justify;\">&nbsp;<\/p>\n<p class=\"x_MsoNormal\" style=\"text-align: justify;\"><span style=\"font-size: 14pt; font-family: arial, helvetica, sans-serif;\">\u201cEsperamos que en este PEF se pueda acordar una bolsa que permita iniciar en el 2021 y ver en qu\u00e9 porcentaje se va a iniciar; la proyecci\u00f3n del Presidente de la Rep\u00fablica era en tres o cuatro a\u00f1os tener la obligatoriedad y la gratuidad total en nuestro pa\u00eds\u201d, expres\u00f3.<\/span><\/p>\n<p style=\"text-align: justify;\">&nbsp;<\/p>\n<p class=\"x_MsoNormal\" style=\"text-align: justify;\"><span style=\"font-size: 14pt; font-family: arial, helvetica, sans-serif;\">Indic\u00f3 que el paquete presupuestario que entreg\u00f3 la Secretar\u00eda de Hacienda presenta un recorte importante para el pr\u00f3ximo a\u00f1o, sin embargo la \u201cfecha fatal\u201d para su aprobaci\u00f3n es el 15 de noviembre de tal forma que a\u00fan falta la discusi\u00f3n de los legisladores.<\/span><\/p>\n<p style=\"text-align: justify;\">&nbsp;<\/p>\n<p class=\"x_MsoNormal\" style=\"text-align: justify;\"><span style=\"font-size: 14pt; font-family: arial, helvetica, sans-serif;\">\u201cAh\u00ed es donde la gesti\u00f3n tiene que ser no solo de terquedad, sino con resultados en la mano, con lo pertinente que es la instituci\u00f3n en la ense\u00f1anza, lo emp\u00e1tica que es con su entorno, c\u00f3mo interact\u00faa no solo con las autoridades federales y estatales, sino que ante reclamos de la sociedad d\u00e9 una mayor calidad, una mejor cobertura, de posibilitar el ingreso, de no discriminar\u201d, manifest\u00f3.<\/span><\/p>\n<p style=\"text-align: justify;\">&nbsp;<\/p>\n<p class=\"x_MsoNormal\" style=\"text-align: justify;\"><span style=\"font-size: 14pt; font-family: arial, helvetica, sans-serif;\">Agreg\u00f3 que la situaci\u00f3n es sumamente dif\u00edcil<b>&nbsp;<\/b>para obtener un mejor presupuesto,<b>&nbsp;<\/b>porque adem\u00e1s como efecto negativo de la pandemia se est\u00e1n priorizando aspectos importantes de desarrollo de infraestructura, generaci\u00f3n de empleos, de reordenar \u00e1reas donde antes eran atendidas con fuertes cantidades de recursos y que hoy las autoridades consideran que deben hacerse ajustes.<\/span><\/p>\n<p style=\"text-align: justify;\">&nbsp;<\/p>\n<p class=\"x_MsoNormal\" style=\"text-align: justify;\"><span style=\"font-size: 14pt; font-family: arial, helvetica, sans-serif;\">\u201cYo creo que se inicia con esto, una ruta muy dif\u00edcil, una ruta donde va a contar mucho los resultados que tenemos las universidades\u201d, puntualiz\u00f3 al citar como ejemplo de ello la reducci\u00f3n de cuotas que se acord\u00f3 en la instituci\u00f3n, la cobertura total en el nivel medio superior y la proyecci\u00f3n del 99 por ciento en el nIvel superior, adem\u00e1s de logros acad\u00e9micos y reconocimientos nacionales e internacionales.<\/span><\/p>\n<p style=\"text-align: justify;\">&nbsp;<\/p>\n<p class=\"x_MsoNormal\" style=\"text-align: justify;\"><span style=\"font-size: 14pt; font-family: arial, helvetica, sans-serif;\">\u201cEstos resultados le permiten al Rector tener argumentos, primero para estar habilitado para tener la palabra completa, decir que es una universidad producto del sacrificio y entrega, es una universidad que ha hecho el esfuerzo por atender a su poblaci\u00f3n activa o jubilada en el aspecto salarial y de prestaciones, es una universidad que ha reordenado aspectos del Contrato Colectivo en los a\u00f1os de jubilaci\u00f3n y una serie de mecanismos para garantizar la viabilidad de la misma y es importante que los universitarios estemos atentos, estemos conscientes del riesgo que hoy hay\u201d, advirti\u00f3<b>.<\/b><\/span><\/p>\n<p style=\"text-align: justify;\">&nbsp;<\/p>\n<p style=\"text-align: justify;\">&nbsp;<\/p>\n<p style=\"text-align: justify;\"><span style=\"font-size: 14pt; font-family: arial, helvetica, sans-serif;\">REDACCI\u00d3N\/VISI\u00d3N CIUDADANA.<\/span><\/p>\n","protected":false},"excerpt":{"rendered":"<p>Para el presupuesto de las universidades p\u00fablicas a ejercerse en 2021, la gesti\u00f3n ser\u00e1 con resultados en la mano, opin\u00f3 el Rector de la Universidad Aut\u00f3noma de Sinaloa (UAS), doctor Juan Eulogio Guerra Liera, al expresar que espera que el Presupuesto de Egresos de la Federaci\u00f3n (PEF) para el pr\u00f3ximo a\u00f1o ahora s\u00ed contemple una [&hellip;]<\/p>\n","protected":false},"author":1,"featured_media":5671,"comment_status":"open","ping_status":"closed","sticky":false,"template":"","format":"standard","meta":{"footnotes":""},"categories":[24],"tags":[],"ppma_author":[31],"class_list":["post-14232","post","type-post","status-publish","format-standard","has-post-thumbnail","hentry","category-relevantes"],"aioseo_notices":[],"authors":[{"term_id":31,"user_id":1,"is_guest":0,"slug":"ivan3vino","display_name":"Iv\u00e1n Trevi\u00f1o","avatar_url":{"url":"https:\/\/visionciudadana.com.mx\/oficial\/wp-content\/uploads\/2025\/09\/columna-ivan-Trevino.png","url2x":"https:\/\/visionciudadana.com.mx\/oficial\/wp-content\/uploads\/2025\/09\/columna-ivan-Trevino.png"},"0":null,"1":"","2":"","3":"","4":"","5":"","6":"","7":"","8":""}],"_links":{"self":[{"href":"https:\/\/visionciudadana.com.mx\/oficial\/wp-json\/wp\/v2\/posts\/14232","targetHints":{"allow":["GET"]}}],"collection":[{"href":"https:\/\/visionciudadana.com.mx\/oficial\/wp-json\/wp\/v2\/posts"}],"about":[{"href":"https:\/\/visionciudadana.com.mx\/oficial\/wp-json\/wp\/v2\/types\/post"}],"author":[{"embeddable":true,"href":"https:\/\/visionciudadana.com.mx\/oficial\/wp-json\/wp\/v2\/users\/1"}],"replies":[{"embeddable":true,"href":"https:\/\/visionciudadana.com.mx\/oficial\/wp-json\/wp\/v2\/comments?post=14232"}],"version-history":[{"count":0,"href":"https:\/\/visionciudadana.com.mx\/oficial\/wp-json\/wp\/v2\/posts\/14232\/revisions"}],"wp:featuredmedia":[{"embeddable":true,"href":"https:\/\/visionciudadana.com.mx\/oficial\/wp-json\/wp\/v2\/media\/5671"}],"wp:attachment":[{"href":"https:\/\/visionciudadana.com.mx\/oficial\/wp-json\/wp\/v2\/media?parent=14232"}],"wp:term":[{"taxonomy":"category","embeddable":true,"href":"https:\/\/visionciudadana.com.mx\/oficial\/wp-json\/wp\/v2\/categories?post=14232"},{"taxonomy":"post_tag","embeddable":true,"href":"https:\/\/visionciudadana.com.mx\/oficial\/wp-json\/wp\/v2\/tags?post=14232"},{"taxonomy":"author","embeddable":true,"href":"https:\/\/visionciudadana.com.mx\/oficial\/wp-json\/wp\/v2\/ppma_author?post=14232"}],"curies":[{"name":"wp","href":"https:\/\/api.w.org\/{rel}","templated":true}]}}