{"id":14231,"date":"2020-09-22T21:35:31","date_gmt":"2020-09-22T21:35:31","guid":{"rendered":"https:\/\/visionciudadana.com.mx\/prueba\/2020\/09\/22\/convoca-pri-a-retomar-la-lucha-por-tarifa-justa-para-sinaloa\/"},"modified":"2020-09-22T21:35:31","modified_gmt":"2020-09-22T21:35:31","slug":"convoca-pri-a-retomar-la-lucha-por-tarifa-justa-para-sinaloa","status":"publish","type":"post","link":"https:\/\/visionciudadana.com.mx\/oficial\/2020\/09\/22\/convoca-pri-a-retomar-la-lucha-por-tarifa-justa-para-sinaloa\/","title":{"rendered":"Convoca PRI a retomar la lucha por tarifa justa para Sinaloa"},"content":{"rendered":"<p><b><img decoding=\"async\" style=\"display: block; margin-left: auto; margin-right: auto;\" src=\"images\/2020\/sept.20\/dipuss.PNG\" alt=\"dipuss\" \/><\/b><\/p>\n<p class=\"x_MsoNormal\" style=\"text-align: justify;\" align=\"right\"><span style=\"font-size: 14pt; font-family: arial, helvetica, sans-serif;\">Ante la constante alza en el costo de la energ\u00eda el\u00e9ctrica, la diputada del PRI Ana Cecilia Moreno Romero hizo un llamado a todas las fuerzas pol\u00edticas, grupos empresariales y sociales en Sinaloa para deslindarse de todo inter\u00e9s sectario y&nbsp; enarbolar solamente la bandera de Sinaloa, a fin de retomar la lucha ante la CFE para lograr una tarifa justa.<\/span><\/p>\n<p style=\"text-align: justify;\">&nbsp;<\/p>\n<p class=\"x_MsoNormal\" style=\"text-align: justify;\"><span style=\"font-size: 14pt; font-family: arial, helvetica, sans-serif;\">Durante su posicionamiento la legisladora se\u00f1al\u00f3 \u201cQuiero reiterar un&nbsp; llamado a todos los Grupos Parlamentarios, sectores productivos, organizaciones sociales, partidos pol\u00edticos, a las representaciones empresariales, legisladores federales, para retomar la lucha por una tarifa de energ\u00eda el\u00e9ctrica justa para todo Sinaloa\u201d.<\/span><\/p>\n<p style=\"text-align: justify;\">&nbsp;<\/p>\n<p class=\"x_MsoNormal\" style=\"text-align: justify;\"><span style=\"font-size: 14pt; font-family: arial, helvetica, sans-serif;\">Durante la sesi\u00f3n virtual de la diputaci\u00f3n permanente, Ana Cecilia Moreno Romero dijo que \u201cS\u00f3lo estamos pidiendo un trato justo, como corresponde a la letra y el esp\u00edritu del pacto federal que une a nuestro pa\u00eds. No es mucho pedir. Es solamente una exigencia, una demanda que viene de un sentimiento de preocupaci\u00f3n y agobio de miles de familias&nbsp; sinaloenses\u201d.<\/span><\/p>\n<p style=\"text-align: justify;\">&nbsp;<\/p>\n<p class=\"x_MsoNormal\" style=\"text-align: justify;\"><span style=\"font-size: 14pt; font-family: arial, helvetica, sans-serif;\">Tambi\u00e9n destac\u00f3 que pese a los argumentos contundentes que, de manera constante,&nbsp; se han vertido para que el estado cuente con la tarifa IF de manera generalizada, la Comisi\u00f3n Federal de Electricidad ha mantenido una postura cerrada y muy insensible a esta demanda.<\/span><\/p>\n<p style=\"text-align: justify;\">&nbsp;<\/p>\n<p class=\"x_MsoNormal\" style=\"text-align: justify;\"><span style=\"font-size: 14pt; font-family: arial, helvetica, sans-serif;\">\u201cEsta&nbsp; empresa del gobierno federal, ha asumido una actitud de absoluta cerraz\u00f3n, insensibilidad y&nbsp; desprecio a esta justa exigencia de los sinaloenses. Nada de eso ha importado a la Comisi\u00f3n Federal de Electricidad. No les importa que muchos,&nbsp; miles de trabajadores, se hayan quedo sin empleo y no cuenten con ingresos\u201d, reiter\u00f3.<\/span><\/p>\n<p style=\"text-align: justify;\">&nbsp;<\/p>\n<p class=\"x_MsoNormal\" style=\"text-align: justify;\"><span style=\"font-size: 14pt; font-family: arial, helvetica, sans-serif;\">La diputada Ana Cecilia Moreno Romero consider\u00f3 que en esta lucha contra las altas tarifas, la PROFECO deber\u00eda tomar cartas en este asunto tan delicado y lesivo para las familias sinaloenses, pero desgraciadamente no lo ha hecho, pese a las denuncias.<\/span><\/p>\n<p style=\"text-align: justify;\">&nbsp;<\/p>\n<p class=\"x_MsoNormal\" style=\"text-align: justify;\"><span style=\"font-size: 14pt; font-family: arial, helvetica, sans-serif;\">La legisladora local del PRI&nbsp; manifest\u00f3 que los altos cobros por concepto del consumo el\u00e9ctrico se han elevado durante esta pandemia, ya que el confinamiento ha obligado a un consumo m\u00e1s elevado.<\/span><\/p>\n<p style=\"text-align: justify;\">&nbsp;<\/p>\n<p class=\"x_MsoNormal\" style=\"text-align: justify;\"><span style=\"font-size: 14pt; font-family: arial, helvetica, sans-serif;\">\u201cSin piedad, sin compasi\u00f3n, est\u00e1n llegando en forma mensual o bimestral recibos cuyos montos estratosf\u00e9ricos han disparado las alarmas en los hogares, obligando a empe\u00f1ar enseres para cubrir la deuda, o hacer el compromiso de pagar el adeudo en abonos, lastimando la econom\u00eda y dignidad de las familias\u201d, dijo Ana Cecilia Moreno.<\/span><\/p>\n<p style=\"text-align: justify;\">&nbsp;<\/p>\n<p class=\"x_MsoNormal\" style=\"text-align: justify;\"><span style=\"font-size: 14pt; font-family: arial, helvetica, sans-serif;\">\u201cEsa tragedia no ha interesado a esta empresa del gobierno federal.&nbsp; Ellos est\u00e1n en lo suyo, que es cobrar, y parafraseando al presidente de la rep\u00fablica,&nbsp; parece que las facturas est\u00e1n cuchareadas\u201d, puntualiz\u00f3 durante su intervenci\u00f3n en la sesi\u00f3n virtual de la Diputaci\u00f3n Permanente.<\/span><\/p>\n<p style=\"text-align: justify;\">&nbsp;<\/p>\n<p style=\"text-align: justify;\">&nbsp;<\/p>\n<p style=\"text-align: justify;\"><span style=\"font-size: 14pt; font-family: arial, helvetica, sans-serif;\">REDACCI\u00d3N\/VISI\u00d3N CIUDADANA.<\/span><\/p>\n","protected":false},"excerpt":{"rendered":"<p>Ante la constante alza en el costo de la energ\u00eda el\u00e9ctrica, la diputada del PRI Ana Cecilia Moreno Romero hizo un llamado a todas las fuerzas pol\u00edticas, grupos empresariales y sociales en Sinaloa para deslindarse de todo inter\u00e9s sectario y&nbsp; enarbolar solamente la bandera de Sinaloa, a fin de retomar la lucha ante la CFE [&hellip;]<\/p>\n","protected":false},"author":1,"featured_media":5669,"comment_status":"open","ping_status":"closed","sticky":false,"template":"","format":"standard","meta":{"footnotes":""},"categories":[24],"tags":[],"ppma_author":[31],"class_list":["post-14231","post","type-post","status-publish","format-standard","has-post-thumbnail","hentry","category-relevantes"],"aioseo_notices":[],"authors":[{"term_id":31,"user_id":1,"is_guest":0,"slug":"ivan3vino","display_name":"Iv\u00e1n Trevi\u00f1o","avatar_url":{"url":"https:\/\/visionciudadana.com.mx\/oficial\/wp-content\/uploads\/2025\/09\/columna-ivan-Trevino.png","url2x":"https:\/\/visionciudadana.com.mx\/oficial\/wp-content\/uploads\/2025\/09\/columna-ivan-Trevino.png"},"0":null,"1":"","2":"","3":"","4":"","5":"","6":"","7":"","8":""}],"_links":{"self":[{"href":"https:\/\/visionciudadana.com.mx\/oficial\/wp-json\/wp\/v2\/posts\/14231","targetHints":{"allow":["GET"]}}],"collection":[{"href":"https:\/\/visionciudadana.com.mx\/oficial\/wp-json\/wp\/v2\/posts"}],"about":[{"href":"https:\/\/visionciudadana.com.mx\/oficial\/wp-json\/wp\/v2\/types\/post"}],"author":[{"embeddable":true,"href":"https:\/\/visionciudadana.com.mx\/oficial\/wp-json\/wp\/v2\/users\/1"}],"replies":[{"embeddable":true,"href":"https:\/\/visionciudadana.com.mx\/oficial\/wp-json\/wp\/v2\/comments?post=14231"}],"version-history":[{"count":0,"href":"https:\/\/visionciudadana.com.mx\/oficial\/wp-json\/wp\/v2\/posts\/14231\/revisions"}],"wp:featuredmedia":[{"embeddable":true,"href":"https:\/\/visionciudadana.com.mx\/oficial\/wp-json\/wp\/v2\/media\/5669"}],"wp:attachment":[{"href":"https:\/\/visionciudadana.com.mx\/oficial\/wp-json\/wp\/v2\/media?parent=14231"}],"wp:term":[{"taxonomy":"category","embeddable":true,"href":"https:\/\/visionciudadana.com.mx\/oficial\/wp-json\/wp\/v2\/categories?post=14231"},{"taxonomy":"post_tag","embeddable":true,"href":"https:\/\/visionciudadana.com.mx\/oficial\/wp-json\/wp\/v2\/tags?post=14231"},{"taxonomy":"author","embeddable":true,"href":"https:\/\/visionciudadana.com.mx\/oficial\/wp-json\/wp\/v2\/ppma_author?post=14231"}],"curies":[{"name":"wp","href":"https:\/\/api.w.org\/{rel}","templated":true}]}}