{"id":14230,"date":"2020-09-22T21:30:38","date_gmt":"2020-09-22T21:30:38","guid":{"rendered":"https:\/\/visionciudadana.com.mx\/prueba\/2020\/09\/22\/sedesu-y-ssa-entregan-membresias-gratuitas-muevete-chilo\/"},"modified":"2020-09-22T21:30:38","modified_gmt":"2020-09-22T21:30:38","slug":"sedesu-y-ssa-entregan-membresias-gratuitas-muevete-chilo","status":"publish","type":"post","link":"https:\/\/visionciudadana.com.mx\/oficial\/2020\/09\/22\/sedesu-y-ssa-entregan-membresias-gratuitas-muevete-chilo\/","title":{"rendered":"SEDESU y SSA entregan membres\u00edas gratuitas \u00abMu\u00e9vete chilo\u00bb"},"content":{"rendered":"<p style=\"text-align: justify;\"><img decoding=\"async\" style=\"display: block; margin-left: auto; margin-right: auto;\" src=\"images\/2020\/sept.20\/sektors_saluds.PNG\" alt=\"sektors saluds\" \/><\/p>\n<p class=\"x_MsoNormal\" style=\"text-align: justify;\"><span style=\"font-size: 14pt; font-family: arial, helvetica, sans-serif;\">En reconocimiento a la invaluable labor que desempe\u00f1an m\u00e9dicos y enfermeras en el combate a la pandemia del Covid-19, la Secretar\u00eda de Desarrollo Sustentable y la Secretar\u00eda de Salud de Sinaloa iniciaron el programa de membres\u00edas gratuitas para que el personal de salud pueda utilizar el sistema de bicicleta p\u00fablica \u00abMu\u00e9vete Chilo\u00bb.<\/span><\/p>\n<p style=\"text-align: justify;\">&nbsp;<\/p>\n<p class=\"x_MsoNormal\" style=\"text-align: justify;\"><span style=\"font-size: 14pt; font-family: arial, helvetica, sans-serif;\">En el marco del D\u00eda Nacional Sin Autom\u00f3vil, la entrega simb\u00f3lica de este beneficio se realiz\u00f3 en el Hospital General de Ahome y estuvo a cargo del secretario de Salud, Dr. Efr\u00e9n Encinas Torres, y el secretario de Desarrollo Sustentable, Carlos Gandarilla Garc\u00eda.<\/span><\/p>\n<p style=\"text-align: justify;\">&nbsp;<\/p>\n<p class=\"x_MsoNormal\" style=\"text-align: justify;\"><span style=\"font-size: 14pt; font-family: arial, helvetica, sans-serif;\">Said Osuna F\u00e9lix, director de Movilidad Sustentable, explic\u00f3 que en esta primera etapa se repartir\u00e1n 100 membres\u00edas de 700 minutos cada una, las cu\u00e1les podr\u00e1n hacerse efectivas durante los pr\u00f3ximos 15 d\u00edas en cualquiera de las 50 bicicletas distribuidas en las 21 estaciones que integran el pol\u00edgono de 5 kil\u00f3metros cuadrados en la ciudad de Los Mochis.<\/span><\/p>\n<p style=\"text-align: justify;\">&nbsp;<\/p>\n<p class=\"x_MsoNormal\" style=\"text-align: justify;\"><span style=\"font-size: 14pt; font-family: arial, helvetica, sans-serif;\">Carlos Gandarilla, titular de la SEDESU, destac\u00f3 que para el gobierno de Quirino Ordaz Coppel es una alta prioridad el impulso a la movilidad sustentable en Sinaloa a trav\u00e9s del sistema \u00abMu\u00e9vete Chilo\u00bb, que desde su inicio en Mazatl\u00e1n y Los Mochis ha evitado la emisi\u00f3n de 77.7 toneladas de gases contaminantes a la atm\u00f3sfera.<\/span><\/p>\n<p style=\"text-align: justify;\">&nbsp;<\/p>\n<p class=\"x_MsoNormal\" style=\"text-align: justify;\"><span style=\"font-size: 14pt; font-family: arial, helvetica, sans-serif;\">Record\u00f3 que el D\u00eda Nacional sin Autom\u00f3vil tiene por objetivo concientizar a la poblaci\u00f3n sobre el impacto ambiental y social que genera el uso excesivo del carro y promover otras formas de transporte amigables con el medio ambiente.<\/span><\/p>\n<p style=\"text-align: justify;\">&nbsp;<\/p>\n<p class=\"x_MsoNormal\" style=\"text-align: justify;\"><span style=\"font-size: 14pt; font-family: arial, helvetica, sans-serif;\">El secretario de Desarrollo Sustentable agreg\u00f3 que el auto es el principal productor de gases que aceleran el cambio clim\u00e1tico, mismo que provoca los fen\u00f3menos ambientales at\u00edpicos que hoy sufren las ciudades.<\/span><\/p>\n<p style=\"text-align: justify;\">&nbsp;<\/p>\n<p class=\"x_MsoNormal\" style=\"text-align: justify;\"><span style=\"font-size: 14pt; font-family: arial, helvetica, sans-serif;\">En este sentido, resalt\u00f3 que desde la SEDESU se trabaja para sentar las bases e impulsar un nuevo modelo de ciudad, con una visi\u00f3n moderna y a futuro \u00abLa movilidad urbana es clave para que las personas disfruten de otros derechos, como poder llegar a un hospital, ir a la escuela, al trabajo y las actividades de recreaci\u00f3n\u00bb.<\/span><\/p>\n<p style=\"text-align: justify;\">&nbsp;<\/p>\n<p class=\"x_MsoNormal\" style=\"text-align: justify;\"><span style=\"font-size: 14pt; font-family: arial, helvetica, sans-serif;\">Invit\u00f3 a las autoridades municipales a incentivar el uso de la bicicleta como transporte y promover una ciudad ordenada para el transporte p\u00fablico, pues de esta manera se reducir\u00e1 la emisi\u00f3n de contaminantes por veh\u00edculos particulares.<\/span><\/p>\n<p style=\"text-align: justify;\">&nbsp;<\/p>\n<p class=\"x_MsoNormal\" style=\"text-align: justify;\"><span style=\"font-size: 14pt; font-family: arial, helvetica, sans-serif;\">El Dr. Efr\u00e9n Encinas Torres manifest\u00f3 que el trabajo del personal de salud en la pandemia ha sido notable y los invit\u00f3 a aprovechar las membres\u00edas de \u00abMu\u00e9vete Chilo\u00bb para activarse f\u00edsicamente y gozar de los beneficios del sistema de bicicleta p\u00fablica.<\/span><\/p>\n<p style=\"text-align: justify;\">&nbsp;<\/p>\n<p class=\"x_MsoNormal\" style=\"text-align: justify;\"><span style=\"font-size: 14pt; font-family: arial, helvetica, sans-serif;\">En representaci\u00f3n del alcalde Manuel Guillermo Chapman, el secretario del Ayuntamiento, Juan Francisco Fierro Gaxiola, consider\u00f3 de gran importancia promover la utilizaci\u00f3n de la bicicleta en la ciudad.<\/span><\/p>\n<p style=\"text-align: justify;\">&nbsp;<\/p>\n<p class=\"x_MsoNormal\" style=\"text-align: justify;\"><span style=\"font-size: 14pt; font-family: arial, helvetica, sans-serif;\">La Dra. Alondra Ahumada agradeci\u00f3 a nombre de los beneficiarios por este esfuerzo del gobierno de Sinaloa para apoyar a los m\u00e9dicos y enfermeras del estado.<\/span><\/p>\n<p style=\"text-align: justify;\">&nbsp;<\/p>\n<p class=\"x_MsoNormal\" style=\"text-align: justify;\"><span style=\"font-size: 14pt; font-family: arial, helvetica, sans-serif;\">Cabe destacar que, de acuerdo con la Direcci\u00f3n de Vialidad y Transportes, en Sinaloa existen 754 mil 143 autos particulares registrados es decir, aproximadamente 2 autom\u00f3viles por vivienda. Sin embargo, el 44 por ciento de las familias sinaloenses no disponen de un auto.<\/span><\/p>\n<p style=\"text-align: justify;\">&nbsp;<\/p>\n<p style=\"text-align: justify;\">&nbsp;<\/p>\n<p style=\"text-align: justify;\"><span style=\"font-size: 14pt; font-family: arial, helvetica, sans-serif;\">REDACCI\u00d3N\/VISI\u00d3N CIUDADANA.<\/span><\/p>\n","protected":false},"excerpt":{"rendered":"<p>En reconocimiento a la invaluable labor que desempe\u00f1an m\u00e9dicos y enfermeras en el combate a la pandemia del Covid-19, la Secretar\u00eda de Desarrollo Sustentable y la Secretar\u00eda de Salud de Sinaloa iniciaron el programa de membres\u00edas gratuitas para que el personal de salud pueda utilizar el sistema de bicicleta p\u00fablica \u00abMu\u00e9vete Chilo\u00bb. &nbsp; En el [&hellip;]<\/p>\n","protected":false},"author":1,"featured_media":5667,"comment_status":"open","ping_status":"closed","sticky":false,"template":"","format":"standard","meta":{"footnotes":""},"categories":[24],"tags":[],"ppma_author":[31],"class_list":["post-14230","post","type-post","status-publish","format-standard","has-post-thumbnail","hentry","category-relevantes"],"aioseo_notices":[],"authors":[{"term_id":31,"user_id":1,"is_guest":0,"slug":"ivan3vino","display_name":"Iv\u00e1n Trevi\u00f1o","avatar_url":{"url":"https:\/\/visionciudadana.com.mx\/oficial\/wp-content\/uploads\/2025\/09\/columna-ivan-Trevino.png","url2x":"https:\/\/visionciudadana.com.mx\/oficial\/wp-content\/uploads\/2025\/09\/columna-ivan-Trevino.png"},"0":null,"1":"","2":"","3":"","4":"","5":"","6":"","7":"","8":""}],"_links":{"self":[{"href":"https:\/\/visionciudadana.com.mx\/oficial\/wp-json\/wp\/v2\/posts\/14230","targetHints":{"allow":["GET"]}}],"collection":[{"href":"https:\/\/visionciudadana.com.mx\/oficial\/wp-json\/wp\/v2\/posts"}],"about":[{"href":"https:\/\/visionciudadana.com.mx\/oficial\/wp-json\/wp\/v2\/types\/post"}],"author":[{"embeddable":true,"href":"https:\/\/visionciudadana.com.mx\/oficial\/wp-json\/wp\/v2\/users\/1"}],"replies":[{"embeddable":true,"href":"https:\/\/visionciudadana.com.mx\/oficial\/wp-json\/wp\/v2\/comments?post=14230"}],"version-history":[{"count":0,"href":"https:\/\/visionciudadana.com.mx\/oficial\/wp-json\/wp\/v2\/posts\/14230\/revisions"}],"wp:featuredmedia":[{"embeddable":true,"href":"https:\/\/visionciudadana.com.mx\/oficial\/wp-json\/wp\/v2\/media\/5667"}],"wp:attachment":[{"href":"https:\/\/visionciudadana.com.mx\/oficial\/wp-json\/wp\/v2\/media?parent=14230"}],"wp:term":[{"taxonomy":"category","embeddable":true,"href":"https:\/\/visionciudadana.com.mx\/oficial\/wp-json\/wp\/v2\/categories?post=14230"},{"taxonomy":"post_tag","embeddable":true,"href":"https:\/\/visionciudadana.com.mx\/oficial\/wp-json\/wp\/v2\/tags?post=14230"},{"taxonomy":"author","embeddable":true,"href":"https:\/\/visionciudadana.com.mx\/oficial\/wp-json\/wp\/v2\/ppma_author?post=14230"}],"curies":[{"name":"wp","href":"https:\/\/api.w.org\/{rel}","templated":true}]}}