{"id":14229,"date":"2020-09-21T23:31:39","date_gmt":"2020-09-21T23:31:39","guid":{"rendered":"https:\/\/visionciudadana.com.mx\/prueba\/2020\/09\/21\/gestionara-quirino-ante-hacienda-subsidio-de-diesel-para-pescadores\/"},"modified":"2020-09-21T23:31:39","modified_gmt":"2020-09-21T23:31:39","slug":"gestionara-quirino-ante-hacienda-subsidio-de-diesel-para-pescadores","status":"publish","type":"post","link":"https:\/\/visionciudadana.com.mx\/oficial\/2020\/09\/21\/gestionara-quirino-ante-hacienda-subsidio-de-diesel-para-pescadores\/","title":{"rendered":"Gestionar\u00e1 Quirino ante Hacienda subsidio de di\u00e9sel para pescadores"},"content":{"rendered":"<p style=\"text-align: justify;\"><img decoding=\"async\" style=\"display: block; margin-left: auto; margin-right: auto;\" src=\"images\/2020\/sept.20\/biciss.PNG\" alt=\"biciss\" \/><\/p>\n<p class=\"x_MsoNormal\" style=\"text-align: justify;\"><span style=\"font-size: 14pt; font-family: arial, helvetica, sans-serif;\">&nbsp;Desde el campo pesquero Playa Colorada, en Angostura, el gobernador Quirino Ordaz Coppel adelant\u00f3 que poni\u00e9ndose al frente de las gestiones para atender al sector pesquero de Sinaloa, sostendr\u00e1 un encuentro con el secretario de Hacienda y Cr\u00e9dito P\u00fablico, Arturo Herrera Guti\u00e9rrez, a fin de insistir en el apoyo del di\u00e9sel marino, recalcando que se debe dimensionar que este programa no va dirigido a empresarios, sino en beneficio directo de los pescadores.<\/span><\/p>\n<p style=\"text-align: justify;\">&nbsp;<\/p>\n<p class=\"x_MsoNormal\" style=\"text-align: justify;\"><span style=\"font-size: 14pt; font-family: arial, helvetica, sans-serif;\">Al arribar en bicicleta en compa\u00f1\u00eda de su esposa Rosy Fuentes de Ordaz; y de la alcaldesa de Angostura, Aglaee Montoya Mart\u00ednez, luego del recorrido que realiz\u00f3 en el campo pesquero de Playa Colorada, para conocer las solicitudes e inquietudes de la gente, el gobernador Quirino Ordaz sostuvo un encuentro con medios de comunicaci\u00f3n, donde declar\u00f3 que gestionar\u00e1 en los pr\u00f3ximos d\u00edas la reincorporaci\u00f3n del apoyo del di\u00e9sel marino para pescadores ribere\u00f1os, ante el recorte de este beneficio por parte del Gobierno Federal.<\/span><\/p>\n<p style=\"text-align: justify;\">&nbsp;<\/p>\n<p class=\"x_MsoNormal\" style=\"text-align: justify;\"><span style=\"font-size: 14pt; font-family: arial, helvetica, sans-serif;\">El gobernador subray\u00f3 que no se trata de un apoyo para los empresarios, sino para los pescadores directamente, quienes se encargan de contribuir en una parte importante de la econom\u00eda local.<\/span><\/p>\n<p style=\"text-align: justify;\">&nbsp;<\/p>\n<p class=\"x_MsoNormal\" style=\"text-align: justify;\"><span style=\"font-size: 14pt; font-family: arial, helvetica, sans-serif;\">\u201cHemos estado en permanente comunicaci\u00f3n, no ha sido f\u00e1cil porque se present\u00f3 lo del Presupuesto, y adem\u00e1s la definici\u00f3n que se tuvo sobre el no apoyo del di\u00e9sel; sin embargo, yo habl\u00e9 con el secretario de Hacienda, le planteaba la necesidad de tener un encuentro, una reuni\u00f3n porque la base social que se beneficia con el subsidio del di\u00e9sel es muy amplia\u201d, explic\u00f3.<\/span><\/p>\n<p style=\"text-align: justify;\">&nbsp;<\/p>\n<p class=\"x_MsoNormal\" style=\"text-align: justify;\"><span style=\"font-size: 14pt; font-family: arial, helvetica, sans-serif;\">El gobernador afirm\u00f3 que los apoyos que llegan a trav\u00e9s del programa federal&nbsp; Bienpesca no son suficientes, ya que el presupuesto para el sector pesquero se ha ido reduciendo significativamente. Hoy se entregan directamente alrededor de 7 mil 200 pesos cuando antes era de 35 mil pesos, aproximadamente.<\/span><\/p>\n<p style=\"text-align: justify;\">&nbsp;<\/p>\n<p class=\"x_MsoNormal\" style=\"text-align: justify;\"><span style=\"font-size: 14pt; font-family: arial, helvetica, sans-serif;\">En cuanto a las obras pendientes en Angostura, adelant\u00f3 que el pr\u00f3ximo mes iniciar\u00e1 la primera etapa de la Planta Potabilizadora de Alhuey, donde se invertir\u00e1n 27 millones de pesos.<\/span><\/p>\n<p style=\"text-align: justify;\">&nbsp;<\/p>\n<p style=\"text-align: justify;\"><span style=\"font-size: 14pt; font-family: arial, helvetica, sans-serif;\">REDACCI\u00d3N\/VISI\u00d3N CIUDADANA.<\/span><\/p>\n","protected":false},"excerpt":{"rendered":"<p>&nbsp;Desde el campo pesquero Playa Colorada, en Angostura, el gobernador Quirino Ordaz Coppel adelant\u00f3 que poni\u00e9ndose al frente de las gestiones para atender al sector pesquero de Sinaloa, sostendr\u00e1 un encuentro con el secretario de Hacienda y Cr\u00e9dito P\u00fablico, Arturo Herrera Guti\u00e9rrez, a fin de insistir en el apoyo del di\u00e9sel marino, recalcando que se [&hellip;]<\/p>\n","protected":false},"author":1,"featured_media":5665,"comment_status":"open","ping_status":"closed","sticky":false,"template":"","format":"standard","meta":{"footnotes":""},"categories":[13],"tags":[],"ppma_author":[31],"class_list":["post-14229","post","type-post","status-publish","format-standard","has-post-thumbnail","hentry","category-locales"],"aioseo_notices":[],"authors":[{"term_id":31,"user_id":1,"is_guest":0,"slug":"ivan3vino","display_name":"Iv\u00e1n Trevi\u00f1o","avatar_url":{"url":"https:\/\/visionciudadana.com.mx\/oficial\/wp-content\/uploads\/2025\/09\/columna-ivan-Trevino.png","url2x":"https:\/\/visionciudadana.com.mx\/oficial\/wp-content\/uploads\/2025\/09\/columna-ivan-Trevino.png"},"0":null,"1":"","2":"","3":"","4":"","5":"","6":"","7":"","8":""}],"_links":{"self":[{"href":"https:\/\/visionciudadana.com.mx\/oficial\/wp-json\/wp\/v2\/posts\/14229","targetHints":{"allow":["GET"]}}],"collection":[{"href":"https:\/\/visionciudadana.com.mx\/oficial\/wp-json\/wp\/v2\/posts"}],"about":[{"href":"https:\/\/visionciudadana.com.mx\/oficial\/wp-json\/wp\/v2\/types\/post"}],"author":[{"embeddable":true,"href":"https:\/\/visionciudadana.com.mx\/oficial\/wp-json\/wp\/v2\/users\/1"}],"replies":[{"embeddable":true,"href":"https:\/\/visionciudadana.com.mx\/oficial\/wp-json\/wp\/v2\/comments?post=14229"}],"version-history":[{"count":0,"href":"https:\/\/visionciudadana.com.mx\/oficial\/wp-json\/wp\/v2\/posts\/14229\/revisions"}],"wp:featuredmedia":[{"embeddable":true,"href":"https:\/\/visionciudadana.com.mx\/oficial\/wp-json\/wp\/v2\/media\/5665"}],"wp:attachment":[{"href":"https:\/\/visionciudadana.com.mx\/oficial\/wp-json\/wp\/v2\/media?parent=14229"}],"wp:term":[{"taxonomy":"category","embeddable":true,"href":"https:\/\/visionciudadana.com.mx\/oficial\/wp-json\/wp\/v2\/categories?post=14229"},{"taxonomy":"post_tag","embeddable":true,"href":"https:\/\/visionciudadana.com.mx\/oficial\/wp-json\/wp\/v2\/tags?post=14229"},{"taxonomy":"author","embeddable":true,"href":"https:\/\/visionciudadana.com.mx\/oficial\/wp-json\/wp\/v2\/ppma_author?post=14229"}],"curies":[{"name":"wp","href":"https:\/\/api.w.org\/{rel}","templated":true}]}}