{"id":14228,"date":"2020-09-21T23:20:10","date_gmt":"2020-09-21T23:20:10","guid":{"rendered":"https:\/\/visionciudadana.com.mx\/prueba\/2020\/09\/21\/construiran-zonas-de-palapas-en-playa-colorada\/"},"modified":"2020-09-21T23:20:10","modified_gmt":"2020-09-21T23:20:10","slug":"construiran-zonas-de-palapas-en-playa-colorada","status":"publish","type":"post","link":"https:\/\/visionciudadana.com.mx\/oficial\/2020\/09\/21\/construiran-zonas-de-palapas-en-playa-colorada\/","title":{"rendered":"Construir\u00e1n zonas de palapas en Playa Colorada"},"content":{"rendered":"<div>\n<p><img decoding=\"async\" style=\"display: block; margin-left: auto; margin-right: auto;\" src=\"images\/2020\/sept.20\/playa_colorada.PNG\" alt=\"playa colorada\" \/><\/p>\n<p class=\"x_MsoNormal\" style=\"text-align: justify;\">&nbsp;<span style=\"font-size: 14pt; font-family: arial, helvetica, sans-serif;\">Tras su recorrido por el campo pesquero Playa Colorada, en Angostura, donde recogi\u00f3 inquietudes de los pobladores, el gobernador Quirino Ordaz Coppel anunci\u00f3 que se construir\u00e1 zona de palapas en esta localidad para ofrecer un atractivo adicional a los visitantes.<\/span><\/p>\n<p>&nbsp;<\/p>\n<p style=\"text-align: justify;\"><span style=\"font-family: arial, helvetica, sans-serif; font-size: 14pt; caret-color: auto;\">Ell mandatario estatal visit\u00f3 esta comunidad en compa\u00f1\u00eda de su esposa Rosy Fuentes y de la alcaldesa Aglaee Montoya, dando un recorrido en bicicleta y estableciendo un contacto con la gente. Fue ah\u00ed donde le plantearon que a Playa Colorada le hace falta una zona para la convivencia familiar como son palapas, por lo que orden\u00f3 a la Secretar\u00eda de Obras P\u00fablicas dise\u00f1ar el proyecto.<\/span><\/p>\n<p style=\"text-align: justify;\">&nbsp;<\/p>\n<p class=\"x_MsoNormal\" style=\"text-align: justify;\"><span style=\"font-size: 14pt; font-family: arial, helvetica, sans-serif;\">\u201cHe pedido a Obras P\u00fablicas que de inmediato nos pongamos a trabajar en un proyecto para hacer realidad esta obra que representa la posibilidad de detonar m\u00e1s la vocaci\u00f3n tur\u00edstica de Playa Colorada, pues mucha gente viene pero no hay una zona donde pueda quedarse a descansar, convivir y vale la pena hacerlo\u201d, dijo.<\/span><\/p>\n<p style=\"text-align: justify;\">&nbsp;<\/p>\n<p class=\"x_MsoNormal\" style=\"text-align: justify;\"><span style=\"font-size: 14pt; font-family: arial, helvetica, sans-serif;\">El mismo s\u00e1bado, en entrevista con los medios, Quirino Ordaz expres\u00f3 que siempre \u201ces muy importante salir, venir, recorrer, conocer, saludar a la gente, recibir peticiones, propuestas, comentarios\u201d.<\/span><\/p>\n<p style=\"text-align: justify;\">&nbsp;<\/p>\n<p class=\"x_MsoNormal\" style=\"text-align: justify;\"><span style=\"font-size: 14pt; font-family: arial, helvetica, sans-serif;\">Y adelant\u00f3 entonces que aunque los recursos son limitados, sin duda alguna va a seguir apoyando a localidades como Playa Colorada pues al recibir m\u00e1s visitantes, representa mover su econom\u00eda local y el circulante.<\/span><\/p>\n<p style=\"text-align: justify;\">&nbsp;<\/p>\n<p class=\"x_MsoNormal\" style=\"text-align: justify;\"><span style=\"font-size: 14pt; font-family: arial, helvetica, sans-serif;\">Cabe mencionar que en Angostura el gobierno de Quirino Ordaz ha promovido inversiones como el Parque Recreativo en La Reforma, donde estaba \u201cLa Plantona\u201d un edificio abandonado, pero hoy es un amplio espacio para el esparcimiento familiar, con diversos atractivos, cuya inversi\u00f3n fue de 60 millones de pesos.<\/span><\/p>\n<p style=\"text-align: justify;\">&nbsp;<\/p>\n<p style=\"text-align: justify;\"><span style=\"font-size: 14pt; font-family: arial, helvetica, sans-serif;\">REDACCI\u00d3N\/VISI\u00d3N CIUDADANA.<\/span><\/p>\n<\/div>\n<div style=\"text-align: justify;\"><span style=\"font-size: 14pt; font-family: arial, helvetica, sans-serif;\"><\/span><\/div>\n","protected":false},"excerpt":{"rendered":"<p>&nbsp;Tras su recorrido por el campo pesquero Playa Colorada, en Angostura, donde recogi\u00f3 inquietudes de los pobladores, el gobernador Quirino Ordaz Coppel anunci\u00f3 que se construir\u00e1 zona de palapas en esta localidad para ofrecer un atractivo adicional a los visitantes. &nbsp; Ell mandatario estatal visit\u00f3 esta comunidad en compa\u00f1\u00eda de su esposa Rosy Fuentes y [&hellip;]<\/p>\n","protected":false},"author":1,"featured_media":5663,"comment_status":"open","ping_status":"closed","sticky":false,"template":"","format":"standard","meta":{"footnotes":""},"categories":[13],"tags":[],"ppma_author":[31],"class_list":["post-14228","post","type-post","status-publish","format-standard","has-post-thumbnail","hentry","category-locales"],"aioseo_notices":[],"authors":[{"term_id":31,"user_id":1,"is_guest":0,"slug":"ivan3vino","display_name":"Iv\u00e1n Trevi\u00f1o","avatar_url":{"url":"https:\/\/visionciudadana.com.mx\/oficial\/wp-content\/uploads\/2025\/09\/columna-ivan-Trevino.png","url2x":"https:\/\/visionciudadana.com.mx\/oficial\/wp-content\/uploads\/2025\/09\/columna-ivan-Trevino.png"},"0":null,"1":"","2":"","3":"","4":"","5":"","6":"","7":"","8":""}],"_links":{"self":[{"href":"https:\/\/visionciudadana.com.mx\/oficial\/wp-json\/wp\/v2\/posts\/14228","targetHints":{"allow":["GET"]}}],"collection":[{"href":"https:\/\/visionciudadana.com.mx\/oficial\/wp-json\/wp\/v2\/posts"}],"about":[{"href":"https:\/\/visionciudadana.com.mx\/oficial\/wp-json\/wp\/v2\/types\/post"}],"author":[{"embeddable":true,"href":"https:\/\/visionciudadana.com.mx\/oficial\/wp-json\/wp\/v2\/users\/1"}],"replies":[{"embeddable":true,"href":"https:\/\/visionciudadana.com.mx\/oficial\/wp-json\/wp\/v2\/comments?post=14228"}],"version-history":[{"count":0,"href":"https:\/\/visionciudadana.com.mx\/oficial\/wp-json\/wp\/v2\/posts\/14228\/revisions"}],"wp:featuredmedia":[{"embeddable":true,"href":"https:\/\/visionciudadana.com.mx\/oficial\/wp-json\/wp\/v2\/media\/5663"}],"wp:attachment":[{"href":"https:\/\/visionciudadana.com.mx\/oficial\/wp-json\/wp\/v2\/media?parent=14228"}],"wp:term":[{"taxonomy":"category","embeddable":true,"href":"https:\/\/visionciudadana.com.mx\/oficial\/wp-json\/wp\/v2\/categories?post=14228"},{"taxonomy":"post_tag","embeddable":true,"href":"https:\/\/visionciudadana.com.mx\/oficial\/wp-json\/wp\/v2\/tags?post=14228"},{"taxonomy":"author","embeddable":true,"href":"https:\/\/visionciudadana.com.mx\/oficial\/wp-json\/wp\/v2\/ppma_author?post=14228"}],"curies":[{"name":"wp","href":"https:\/\/api.w.org\/{rel}","templated":true}]}}