{"id":14226,"date":"2020-09-21T23:04:08","date_gmt":"2020-09-21T23:04:08","guid":{"rendered":"https:\/\/visionciudadana.com.mx\/prueba\/2020\/09\/21\/entrega-quirino-9-archivos-municipales-equipados\/"},"modified":"2020-09-21T23:04:08","modified_gmt":"2020-09-21T23:04:08","slug":"entrega-quirino-9-archivos-municipales-equipados","status":"publish","type":"post","link":"https:\/\/visionciudadana.com.mx\/oficial\/2020\/09\/21\/entrega-quirino-9-archivos-municipales-equipados\/","title":{"rendered":"Entrega Quirino 9 archivos municipales equipados"},"content":{"rendered":"<p style=\"text-align: justify;\"><img decoding=\"async\" style=\"display: block; margin-left: auto; margin-right: auto;\" src=\"images\/2020\/sept.20\/archivis.PNG\" alt=\"archivis\" \/><\/p>\n<p class=\"x_MsoNormal\" style=\"text-align: justify;\"><span style=\"font-size: 14pt; font-family: arial, helvetica, sans-serif;\"><b>&nbsp;<\/b>Con una inversi\u00f3n de 5 millones de pesos, el Gobierno del Estado llev\u00f3 a cabo en una primera etapa el rescate y rehabilitaci\u00f3n de 9 Archivos P\u00fablicos Municipales en El Rosario, Concordia, San Ignacio, Cosal\u00e1, Navolato, Sinaloa de Leyva, Mocorito, El Fuerte y Choix.<\/span><\/p>\n<p style=\"text-align: justify;\">&nbsp;<\/p>\n<p class=\"x_MsoNormal\" style=\"text-align: justify;\"><span style=\"font-size: 14pt; font-family: arial, helvetica, sans-serif;\">Para la segunda etapa, ya se inici\u00f3 con el protocolo de ubicaci\u00f3n de los recintos que albergar\u00e1n nuevos archivos. Cabe resaltar que los archivos municipales en Culiac\u00e1n y Mazatl\u00e1n est\u00e1n en buenas condiciones.<\/span><\/p>\n<p style=\"text-align: justify;\">&nbsp;<\/p>\n<p class=\"x_MsoNormal\" style=\"text-align: justify;\"><span style=\"font-size: 14pt; font-family: arial, helvetica, sans-serif;\">Esta aportaci\u00f3n surgi\u00f3 de un compromiso hecho por el Gobernador del Estado, Quirino Ordaz Coppel en junio de 2019, durante la realizaci\u00f3n en Mazatl\u00e1n del V Foro Nacional de Patrimonio Cultural Sinaloa, en la que el mandatario tuvo participaci\u00f3n.<\/span><\/p>\n<p style=\"text-align: justify;\">&nbsp;<\/p>\n<p class=\"x_MsoNormal\" style=\"text-align: justify;\"><span style=\"font-size: 14pt; font-family: arial, helvetica, sans-serif;\">Despu\u00e9s de minuciosas valoraciones de las infraestructuras de dichos espacios, coordinadas por el Instituto Sinaloense de Cultura a trav\u00e9s de su Direcci\u00f3n de Patrimonio Cultural, se llevaron a cabo composturas en interiores y exteriores, colocaci\u00f3n de vitropiso, reparaci\u00f3n o sustituci\u00f3n de puertas da\u00f1adas, colocaci\u00f3n de ventanas y celos\u00edas, adem\u00e1s de la renovaci\u00f3n de enchufes y apagadores.<\/span><\/p>\n<p style=\"text-align: justify;\">&nbsp;<\/p>\n<p class=\"x_MsoNormal\" style=\"text-align: justify;\"><span style=\"font-size: 14pt; font-family: arial, helvetica, sans-serif;\">De la misma forma se aplic\u00f3 un tratamiento para el control de insectos en paredes y pisos, pintura en interiores y exteriores, impermeabilizaci\u00f3n de techos, instalaci\u00f3n de plafones, l\u00e1mparas y aires acondicionados, as\u00ed como la instalaci\u00f3n de humificadores para regular la temperatura y humedad del ambiente. Se dot\u00f3 tambi\u00e9n de nuevo mobiliario: estantes, escritorios, computadoras, impresoras y material de embalaje para los archivos.<\/span><\/p>\n<p style=\"text-align: justify;\">&nbsp;<\/p>\n<p class=\"x_MsoNormal\" style=\"text-align: justify;\"><span style=\"font-size: 14pt; font-family: arial, helvetica, sans-serif;\">Con dicho trabajo de mantenimiento y remozamiento de los archivos municipales se permite la conservaci\u00f3n \u00f3ptima de los documentos fundamentales que conforman y son testigo de la identidad e historia de la poblaci\u00f3n donde est\u00e1n asentados, facilitan el estudio de las condiciones que preceden en el tiempo a las circunstancias actuales, permiten la reflexi\u00f3n documentada, fidedigna e informada que dota de herramientas \u00fatiles a las nuevas generaciones en la construcci\u00f3n de mejores rutas de desarrollo para su comunidad y a su vez para Sinaloa.<\/span><\/p>\n<p style=\"text-align: justify;\">&nbsp;<\/p>\n<p class=\"x_MsoNormal\" style=\"text-align: justify;\"><span style=\"font-size: 14pt; font-family: arial, helvetica, sans-serif;\">Con el trabajo de mantenimiento en estos espacios, los archivos municipales conservar\u00e1n de mejor manera: T\u00edtulos de propiedad, actas de cabildo con los nombres de calles, colonias, trazados de avenidas y todo documento valioso que d\u00e9 constancia de los cambios o modificaciones en cada uno de los municipios, material que forman parte de su historia y tambi\u00e9n de quienes lo habitan.&nbsp;&nbsp;&nbsp;<\/span><\/p>\n<p style=\"text-align: justify;\">&nbsp;<\/p>\n<p class=\"x_MsoNormal\" style=\"text-align: justify;\"><span style=\"font-size: 14pt; font-family: arial, helvetica, sans-serif;\">Esta se trata de la m\u00e1s importante aportaci\u00f3n desde la creaci\u00f3n de dichos recintos en nuestro Estado, que hasta la fechan han sobrevivido en el olvido, con grandes rezagos y carencias, al no ser incluidos entre las prioridades para los distintos gobiernos, motivo por el cual no han cumplido a plenitud los objetivos para los que fueron creados.<\/span><\/p>\n<p style=\"text-align: justify;\">&nbsp;<\/p>\n<p style=\"text-align: justify;\"><span style=\"font-size: 14pt; font-family: arial, helvetica, sans-serif;\">REDACCI\u00d3N\/VISI\u00d3N CIUDADANA.<\/span><\/p>\n","protected":false},"excerpt":{"rendered":"<p>&nbsp;Con una inversi\u00f3n de 5 millones de pesos, el Gobierno del Estado llev\u00f3 a cabo en una primera etapa el rescate y rehabilitaci\u00f3n de 9 Archivos P\u00fablicos Municipales en El Rosario, Concordia, San Ignacio, Cosal\u00e1, Navolato, Sinaloa de Leyva, Mocorito, El Fuerte y Choix. &nbsp; Para la segunda etapa, ya se inici\u00f3 con el protocolo [&hellip;]<\/p>\n","protected":false},"author":1,"featured_media":5659,"comment_status":"open","ping_status":"closed","sticky":false,"template":"","format":"standard","meta":{"footnotes":""},"categories":[24],"tags":[],"ppma_author":[31],"class_list":["post-14226","post","type-post","status-publish","format-standard","has-post-thumbnail","hentry","category-relevantes"],"aioseo_notices":[],"authors":[{"term_id":31,"user_id":1,"is_guest":0,"slug":"ivan3vino","display_name":"Iv\u00e1n Trevi\u00f1o","avatar_url":{"url":"https:\/\/visionciudadana.com.mx\/oficial\/wp-content\/uploads\/2025\/09\/columna-ivan-Trevino.png","url2x":"https:\/\/visionciudadana.com.mx\/oficial\/wp-content\/uploads\/2025\/09\/columna-ivan-Trevino.png"},"0":null,"1":"","2":"","3":"","4":"","5":"","6":"","7":"","8":""}],"_links":{"self":[{"href":"https:\/\/visionciudadana.com.mx\/oficial\/wp-json\/wp\/v2\/posts\/14226","targetHints":{"allow":["GET"]}}],"collection":[{"href":"https:\/\/visionciudadana.com.mx\/oficial\/wp-json\/wp\/v2\/posts"}],"about":[{"href":"https:\/\/visionciudadana.com.mx\/oficial\/wp-json\/wp\/v2\/types\/post"}],"author":[{"embeddable":true,"href":"https:\/\/visionciudadana.com.mx\/oficial\/wp-json\/wp\/v2\/users\/1"}],"replies":[{"embeddable":true,"href":"https:\/\/visionciudadana.com.mx\/oficial\/wp-json\/wp\/v2\/comments?post=14226"}],"version-history":[{"count":0,"href":"https:\/\/visionciudadana.com.mx\/oficial\/wp-json\/wp\/v2\/posts\/14226\/revisions"}],"wp:featuredmedia":[{"embeddable":true,"href":"https:\/\/visionciudadana.com.mx\/oficial\/wp-json\/wp\/v2\/media\/5659"}],"wp:attachment":[{"href":"https:\/\/visionciudadana.com.mx\/oficial\/wp-json\/wp\/v2\/media?parent=14226"}],"wp:term":[{"taxonomy":"category","embeddable":true,"href":"https:\/\/visionciudadana.com.mx\/oficial\/wp-json\/wp\/v2\/categories?post=14226"},{"taxonomy":"post_tag","embeddable":true,"href":"https:\/\/visionciudadana.com.mx\/oficial\/wp-json\/wp\/v2\/tags?post=14226"},{"taxonomy":"author","embeddable":true,"href":"https:\/\/visionciudadana.com.mx\/oficial\/wp-json\/wp\/v2\/ppma_author?post=14226"}],"curies":[{"name":"wp","href":"https:\/\/api.w.org\/{rel}","templated":true}]}}