{"id":14225,"date":"2020-09-21T22:55:05","date_gmt":"2020-09-21T22:55:05","guid":{"rendered":"https:\/\/visionciudadana.com.mx\/prueba\/2020\/09\/21\/arranca-el-ciclo-escolar-2020-2021-para-150-mil-414-estudiantes-de-bachillerato\/"},"modified":"2020-09-21T22:55:05","modified_gmt":"2020-09-21T22:55:05","slug":"arranca-el-ciclo-escolar-2020-2021-para-150-mil-414-estudiantes-de-bachillerato","status":"publish","type":"post","link":"https:\/\/visionciudadana.com.mx\/oficial\/2020\/09\/21\/arranca-el-ciclo-escolar-2020-2021-para-150-mil-414-estudiantes-de-bachillerato\/","title":{"rendered":"Arranca el Ciclo Escolar 2020-2021 para 150 mil 414 estudiantes de bachillerato"},"content":{"rendered":"<p><img decoding=\"async\" style=\"display: block; margin-left: auto; margin-right: auto;\" src=\"images\/2020\/sept.20\/sep_inicio.PNG\" alt=\"sep inicio\" \/><\/p>\n<div>\n<p class=\"x_MsoNormal\" style=\"text-align: justify;\"><span style=\"font-size: 14pt; font-family: arial, helvetica, sans-serif;\">Cerca de 150 mil 414 alumnos de educaci\u00f3n media superior de todos los subsistemas que operan en Sinaloa iniciaron hoy el Ciclo Escolar 2020-2021 en un acto presidido por el secretario de Educaci\u00f3n P\u00fablica y Cultura, Juan Alfonso Mej\u00eda L\u00f3pez, quien indic\u00f3 que este ciclo es \u201cin\u00e9dito, dif\u00edcil sin duda, diferente para muchos de nuestros j\u00f3venes\u201d.<\/span><\/p>\n<p style=\"text-align: justify;\">&nbsp;<\/p>\n<p class=\"x_MsoNormal\" style=\"text-align: justify;\"><span style=\"font-size: 14pt; font-family: arial, helvetica, sans-serif;\">El titular de SEPyC indic\u00f3 que en Sinaloa, el gobernador Quirino Ordaz Coppel ech\u00f3 a andar el programa Aprendamos Juntos, que dijo, fue avanzando en los siete subsistemas de bachillerato.<\/span><\/p>\n<p style=\"text-align: justify;\">&nbsp;<\/p>\n<p class=\"x_MsoNormal\" style=\"text-align: justify;\"><span style=\"font-size: 14pt; font-family: arial, helvetica, sans-serif;\">\u201c\u2026Y entonces se nos vino la pandemia, y cuando pensamos que nos iban a cancelar, nos dijeron que todo se viene; ten\u00edamos seis meses de no darnos por vencidos en un ejercicio con ustedes del que nunca dejar\u00e9 de sentirme agradecido y sentirme acompa\u00f1ado\u201d.<\/span><\/p>\n<p style=\"text-align: justify;\">&nbsp;<\/p>\n<p class=\"x_MsoNormal\" style=\"text-align: justify;\"><span style=\"font-size: 14pt; font-family: arial, helvetica, sans-serif;\">\u201cNada educa m\u00e1s que el ejemplo, y si uno es la gente que lo rodea, tambi\u00e9n el ejemplo arrastra, y ustedes han mostrado generosidad, por eso sus planteles han sido generosos, y por eso las familias nos acompa\u00f1an, porque creen en ustedes, creen en hombres y mujeres llenos de convicci\u00f3n y creen en una generaci\u00f3n que si algo le caracteriza es que no la venci\u00f3 ni la pandemia de este siglo\u201d, dijo.<\/span><\/p>\n<p style=\"text-align: justify;\">&nbsp;<\/p>\n<p class=\"x_MsoNormal\" style=\"text-align: justify;\"><span style=\"font-size: 14pt; font-family: arial, helvetica, sans-serif;\">Presidieron el evento Rigoberto Ocampo Alc\u00e1ntar, subsecretario de Educaci\u00f3n Media Superior y Superior; Fernando Sandoval Angulo, secretario general del SNTE 53; Armando Fl\u00f3rez Arco, director General de Escuelas Preparatorias de la Universidad Aut\u00f3noma de Sinaloa, y Sergio Mario Arredondo Salas, director general del Colegio de Bachilleres del Estado de Sinaloa.<\/span><\/p>\n<p style=\"text-align: justify;\">&nbsp;<\/p>\n<p class=\"x_MsoNormal\" style=\"text-align: justify;\"><span style=\"font-size: 14pt; font-family: arial, helvetica, sans-serif;\">Ocampo Alc\u00e1ntar consider\u00f3 como hist\u00f3rico este inicio de clases en bachillerato, el cual se dio con base en los acuerdos tomados en las reuniones de CONAEDU, en donde el Subsecretario Juan Pablo Arroyo expuso la necesidad de que el ciclo escolar de bachillerato de inicio el 21 de septiembre, debido a que al interrumpir las clases de manera abrupta en marzo pasado, a nivel nacional, casi el 20 por ciento de los alumnos de este nivel no pod\u00edan ser contactados para continuar con las clases a distancia, ni en l\u00ednea.<\/span><\/p>\n<p style=\"text-align: justify;\">&nbsp;<\/p>\n<p class=\"x_MsoNormal\" style=\"text-align: justify;\"><span style=\"font-size: 14pt; font-family: arial, helvetica, sans-serif;\">Por su parte, Sergio Mario Arredondo coment\u00f3 que el sue\u00f1o de la educaci\u00f3n es tan poderoso que no puede ser destruido ni mermado por nada, ni por una pandemia por fuerte y poderosa que sea\u201d, y agreg\u00f3 que en Sinaloa se est\u00e1 escribiendo uno de los mejores cap\u00edtulos educativos en el pa\u00eds en relaci\u00f3n con el escenario que estamos viviendo.<\/span><\/p>\n<p class=\"x_MsoNormal\" style=\"text-align: justify;\"><span style=\"font-size: 14pt; font-family: arial, helvetica, sans-serif;\"><b>Datos<\/b><\/span><\/p>\n<p class=\"x_MsoNormal\" style=\"text-align: justify;\"><span style=\"font-size: 14pt; font-family: arial, helvetica, sans-serif;\"><b>Alumnos que inician ciclo escolar en cada subsistema<\/b><\/span><\/p>\n<p class=\"x_MsoNormal\" style=\"text-align: justify;\"><span style=\"font-size: 14pt; font-family: arial, helvetica, sans-serif;\">Cobaes, 34 mil 440 alumnos<\/span><\/p>\n<p class=\"x_MsoNormal\" style=\"text-align: justify;\"><span style=\"font-size: 14pt; font-family: arial, helvetica, sans-serif;\">Universidad Aut\u00f3noma de Sinaloa, 60 mil&nbsp; 020<\/span><\/p>\n<p class=\"x_MsoNormal\" style=\"text-align: justify;\"><span style=\"font-size: 14pt; font-family: arial, helvetica, sans-serif;\">CONALEP, 8 mil 646<\/span><\/p>\n<p class=\"x_MsoNormal\" style=\"text-align: justify;\"><span style=\"font-size: 14pt; font-family: arial, helvetica, sans-serif;\">CECYTE, 1 mil 106<\/span><\/p>\n<p class=\"x_MsoNormal\" style=\"text-align: justify;\"><span style=\"font-size: 14pt; font-family: arial, helvetica, sans-serif;\">Centro de Estudios de Bachillerato (CEB), 832<\/span><\/p>\n<p class=\"x_MsoNormal\" style=\"text-align: justify;\"><span style=\"font-size: 14pt; font-family: arial, helvetica, sans-serif;\">Telebachillerato Comunitario, 3 mil 924<\/span><\/p>\n<p class=\"x_MsoNormal\" style=\"text-align: justify;\"><span style=\"font-size: 14pt; font-family: arial, helvetica, sans-serif;\">Unidad de Educaci\u00f3n Media Superior Tecnol\u00f3gica Industrial y de Servicios&nbsp; (UEMSTyS), 14 mil 118<\/span><\/p>\n<p class=\"x_MsoNormal\" style=\"text-align: justify;\"><span style=\"font-size: 14pt; font-family: arial, helvetica, sans-serif;\">Unidad de Educaci\u00f3n Media Superior Tecnol\u00f3gica Agropecuaria y Ciencias del Mar (UEMSTAyCM), 5 mil 075<\/span><\/p>\n<p class=\"x_MsoNormal\" style=\"text-align: justify;\"><span style=\"font-size: 14pt; font-family: arial, helvetica, sans-serif;\">Bachillerato Intercultural, 90<\/span><\/p>\n<p class=\"x_MsoNormal\" style=\"text-align: justify;\"><span style=\"font-size: 14pt; font-family: arial, helvetica, sans-serif;\">Preparatoria Abierta, 5 mil 458<\/span><\/p>\n<p class=\"x_MsoNormal\" style=\"text-align: justify;\"><span style=\"font-size: 14pt; font-family: arial, helvetica, sans-serif;\">Preparatoria particular, 16 mil 705.<\/span><\/p>\n<p style=\"text-align: justify;\">&nbsp;<\/p>\n<p style=\"text-align: justify;\"><span style=\"font-size: 14pt; font-family: arial, helvetica, sans-serif;\">REDACCI\u00d3N\/VISI\u00d3N CIUDADANA.<\/span><\/p>\n<\/div>\n<div style=\"text-align: justify;\"><span style=\"font-size: 14pt; font-family: arial, helvetica, sans-serif;\"><\/span><\/div>\n","protected":false},"excerpt":{"rendered":"<p>Cerca de 150 mil 414 alumnos de educaci\u00f3n media superior de todos los subsistemas que operan en Sinaloa iniciaron hoy el Ciclo Escolar 2020-2021 en un acto presidido por el secretario de Educaci\u00f3n P\u00fablica y Cultura, Juan Alfonso Mej\u00eda L\u00f3pez, quien indic\u00f3 que este ciclo es \u201cin\u00e9dito, dif\u00edcil sin duda, diferente para muchos de nuestros [&hellip;]<\/p>\n","protected":false},"author":1,"featured_media":5657,"comment_status":"open","ping_status":"closed","sticky":false,"template":"","format":"standard","meta":{"footnotes":""},"categories":[24],"tags":[],"ppma_author":[31],"class_list":["post-14225","post","type-post","status-publish","format-standard","has-post-thumbnail","hentry","category-relevantes"],"aioseo_notices":[],"authors":[{"term_id":31,"user_id":1,"is_guest":0,"slug":"ivan3vino","display_name":"Iv\u00e1n Trevi\u00f1o","avatar_url":{"url":"https:\/\/visionciudadana.com.mx\/oficial\/wp-content\/uploads\/2025\/09\/columna-ivan-Trevino.png","url2x":"https:\/\/visionciudadana.com.mx\/oficial\/wp-content\/uploads\/2025\/09\/columna-ivan-Trevino.png"},"0":null,"1":"","2":"","3":"","4":"","5":"","6":"","7":"","8":""}],"_links":{"self":[{"href":"https:\/\/visionciudadana.com.mx\/oficial\/wp-json\/wp\/v2\/posts\/14225","targetHints":{"allow":["GET"]}}],"collection":[{"href":"https:\/\/visionciudadana.com.mx\/oficial\/wp-json\/wp\/v2\/posts"}],"about":[{"href":"https:\/\/visionciudadana.com.mx\/oficial\/wp-json\/wp\/v2\/types\/post"}],"author":[{"embeddable":true,"href":"https:\/\/visionciudadana.com.mx\/oficial\/wp-json\/wp\/v2\/users\/1"}],"replies":[{"embeddable":true,"href":"https:\/\/visionciudadana.com.mx\/oficial\/wp-json\/wp\/v2\/comments?post=14225"}],"version-history":[{"count":0,"href":"https:\/\/visionciudadana.com.mx\/oficial\/wp-json\/wp\/v2\/posts\/14225\/revisions"}],"wp:featuredmedia":[{"embeddable":true,"href":"https:\/\/visionciudadana.com.mx\/oficial\/wp-json\/wp\/v2\/media\/5657"}],"wp:attachment":[{"href":"https:\/\/visionciudadana.com.mx\/oficial\/wp-json\/wp\/v2\/media?parent=14225"}],"wp:term":[{"taxonomy":"category","embeddable":true,"href":"https:\/\/visionciudadana.com.mx\/oficial\/wp-json\/wp\/v2\/categories?post=14225"},{"taxonomy":"post_tag","embeddable":true,"href":"https:\/\/visionciudadana.com.mx\/oficial\/wp-json\/wp\/v2\/tags?post=14225"},{"taxonomy":"author","embeddable":true,"href":"https:\/\/visionciudadana.com.mx\/oficial\/wp-json\/wp\/v2\/ppma_author?post=14225"}],"curies":[{"name":"wp","href":"https:\/\/api.w.org\/{rel}","templated":true}]}}