{"id":14224,"date":"2020-09-21T22:48:51","date_gmt":"2020-09-21T22:48:51","guid":{"rendered":"https:\/\/visionciudadana.com.mx\/prueba\/2020\/09\/21\/no-se-puede-confiar-aun-y-con-tendendcia-de-disminucion-dr-efren-encinas\/"},"modified":"2020-09-21T22:48:51","modified_gmt":"2020-09-21T22:48:51","slug":"no-se-puede-confiar-aun-y-con-tendendcia-de-disminucion-dr-efren-encinas","status":"publish","type":"post","link":"https:\/\/visionciudadana.com.mx\/oficial\/2020\/09\/21\/no-se-puede-confiar-aun-y-con-tendendcia-de-disminucion-dr-efren-encinas\/","title":{"rendered":"No se puede confiar, a\u00fan y con tendendcia de disminuci\u00f3n: Dr. Efr\u00e9n Encinas"},"content":{"rendered":"<p><img decoding=\"async\" style=\"display: block; margin-left: auto; margin-right: auto;\" src=\"images\/2020\/sept.20\/saludsz.PNG\" alt=\"saludsz\" \/><\/p>\n<p class=\"x_MsoNormal\" style=\"text-align: justify;\"><span style=\"font-size: 14pt; font-family: arial, helvetica, sans-serif;\">Sinaloa se encuentra actualmente en un escenario que se torna positivo en cuanto a los casos de COVID-19, la disminuci\u00f3n en cuanto a los pacientes que son diagnosticados positivos, as\u00ed como la recuperaci\u00f3n de otros tantos posiciona a la entidad en un panorama alentador.<\/span><\/p>\n<p style=\"text-align: justify;\">&nbsp;<\/p>\n<p class=\"x_MsoNormal\" style=\"text-align: justify;\"><span style=\"font-size: 14pt; font-family: arial, helvetica, sans-serif;\">De esta manera, el Secretario de Salud, Dr. Efr\u00e9n Encinas Torres, hizo \u00e9nfasis en que la poblaci\u00f3n no debe confiarse, no descarta la posibilidad de rebrotes, es por ello que no se bebe bajar la guardia, se\u00f1alando que no importa en el color que se encuentre Sinaloa dentro del Sem\u00e1foro Epidemiol\u00f3gico, aunque estemos en verde hay que cuidarnos como si se estuviera en rojo, con el m\u00e1ximo cuidado.<\/span><\/p>\n<p style=\"text-align: justify;\">&nbsp;<\/p>\n<p class=\"x_MsoNormal\" style=\"text-align: justify;\"><span style=\"font-size: 14pt; font-family: arial, helvetica, sans-serif;\">\u201cHasta ahorita por fortuna no tenemos indicios de rebrotes, a pesar de que pr\u00e1cticamente el primero de julio se dio la re apertura econ\u00f3mica, se ha mantenido con discreta estabilizaci\u00f3n y descenso, sin embargo, no se descarta la posibilidad de rebrotes, lo hemos visto en otros pa\u00edses y M\u00e9xico tiene que estar alerta de esa situaci\u00f3n y Sinaloa por supuesto que igual y preparado para cualquier circunstancia; y mucho va a depender del empoderamiento y la conducta social de todos nosotros, yo le pido a toda la ciudadan\u00eda que actuemos siempre con responsabilidad, sum\u00e1ndose colectivamente, muy solidaria para que no contagiemos ni nosotros, ni a los dem\u00e1s, al momento lo vemos satisfactoriamente con tendencia a la disminuci\u00f3n pero no podemos confiarnos, no hay que bajar la guardia, esto va para a\u00f1os, quiz\u00e1 dos a\u00f1os, y en tanto no haya una vacuna o un tratamiento anti viral espec\u00edfico tenemos que hacer uso de la medicina preventiva y ah\u00ed, el comportamiento social es fundamental\u201d, expres\u00f3.<\/span><\/p>\n<p style=\"text-align: justify;\">&nbsp;<\/p>\n<p class=\"x_MsoNormal\" style=\"text-align: justify;\"><span style=\"font-size: 14pt; font-family: arial, helvetica, sans-serif;\">Encinas Torres apunt\u00f3 que se espera que para el mes de octubre pueda presentarse un cambio en el Sem\u00e1foro Epidemiol\u00f3gico, en t\u00e9rminos generales y de acuerdo a que la movilidad tiende a ser mayor recomienda a los sinaloenses seguirse cuidando, bien empoderados porque al cuidarse ellos es cuidar a los dem\u00e1s.<\/span><\/p>\n<p style=\"text-align: justify;\">&nbsp;<\/p>\n<p class=\"x_MsoNormal\" style=\"text-align: justify;\"><span style=\"font-size: 14pt; font-family: arial, helvetica, sans-serif;\">Igualmente recalc\u00f3 la importancia del uso del cubrebocas, lavado de manos con agua y jab\u00f3n y mantener la distancia en lo posible y aquel que tenga una enfermedad o se sienta con gripe o algunos de los s\u00edntomas lo mejor es quedarse en casa.<\/span><\/p>\n<p style=\"text-align: justify;\">&nbsp;<\/p>\n<p style=\"text-align: justify;\">&nbsp;<\/p>\n<p style=\"text-align: justify;\"><span style=\"font-size: 14pt; font-family: arial, helvetica, sans-serif;\">REDACCI\u00d3N\/VISI\u00d3N CIUDADANA.<\/span><\/p>\n","protected":false},"excerpt":{"rendered":"<p>Sinaloa se encuentra actualmente en un escenario que se torna positivo en cuanto a los casos de COVID-19, la disminuci\u00f3n en cuanto a los pacientes que son diagnosticados positivos, as\u00ed como la recuperaci\u00f3n de otros tantos posiciona a la entidad en un panorama alentador. &nbsp; De esta manera, el Secretario de Salud, Dr. Efr\u00e9n Encinas [&hellip;]<\/p>\n","protected":false},"author":1,"featured_media":5655,"comment_status":"open","ping_status":"closed","sticky":false,"template":"","format":"standard","meta":{"footnotes":""},"categories":[24],"tags":[],"ppma_author":[31],"class_list":["post-14224","post","type-post","status-publish","format-standard","has-post-thumbnail","hentry","category-relevantes"],"aioseo_notices":[],"authors":[{"term_id":31,"user_id":1,"is_guest":0,"slug":"ivan3vino","display_name":"Iv\u00e1n Trevi\u00f1o","avatar_url":{"url":"https:\/\/visionciudadana.com.mx\/oficial\/wp-content\/uploads\/2025\/09\/columna-ivan-Trevino.png","url2x":"https:\/\/visionciudadana.com.mx\/oficial\/wp-content\/uploads\/2025\/09\/columna-ivan-Trevino.png"},"0":null,"1":"","2":"","3":"","4":"","5":"","6":"","7":"","8":""}],"_links":{"self":[{"href":"https:\/\/visionciudadana.com.mx\/oficial\/wp-json\/wp\/v2\/posts\/14224","targetHints":{"allow":["GET"]}}],"collection":[{"href":"https:\/\/visionciudadana.com.mx\/oficial\/wp-json\/wp\/v2\/posts"}],"about":[{"href":"https:\/\/visionciudadana.com.mx\/oficial\/wp-json\/wp\/v2\/types\/post"}],"author":[{"embeddable":true,"href":"https:\/\/visionciudadana.com.mx\/oficial\/wp-json\/wp\/v2\/users\/1"}],"replies":[{"embeddable":true,"href":"https:\/\/visionciudadana.com.mx\/oficial\/wp-json\/wp\/v2\/comments?post=14224"}],"version-history":[{"count":0,"href":"https:\/\/visionciudadana.com.mx\/oficial\/wp-json\/wp\/v2\/posts\/14224\/revisions"}],"wp:featuredmedia":[{"embeddable":true,"href":"https:\/\/visionciudadana.com.mx\/oficial\/wp-json\/wp\/v2\/posts\/5655"}],"wp:attachment":[{"href":"https:\/\/visionciudadana.com.mx\/oficial\/wp-json\/wp\/v2\/media?parent=14224"}],"wp:term":[{"taxonomy":"category","embeddable":true,"href":"https:\/\/visionciudadana.com.mx\/oficial\/wp-json\/wp\/v2\/categories?post=14224"},{"taxonomy":"post_tag","embeddable":true,"href":"https:\/\/visionciudadana.com.mx\/oficial\/wp-json\/wp\/v2\/tags?post=14224"},{"taxonomy":"author","embeddable":true,"href":"https:\/\/visionciudadana.com.mx\/oficial\/wp-json\/wp\/v2\/ppma_author?post=14224"}],"curies":[{"name":"wp","href":"https:\/\/api.w.org\/{rel}","templated":true}]}}