{"id":14223,"date":"2020-09-21T22:42:37","date_gmt":"2020-09-21T22:42:37","guid":{"rendered":"https:\/\/visionciudadana.com.mx\/prueba\/2020\/09\/21\/atendera-la-uas-al-92-7-de-la-demanda-de-ingreso-para-el-ciclo-escolar-2020-2021\/"},"modified":"2020-09-21T22:42:37","modified_gmt":"2020-09-21T22:42:37","slug":"atendera-la-uas-al-92-7-de-la-demanda-de-ingreso-para-el-ciclo-escolar-2020-2021","status":"publish","type":"post","link":"https:\/\/visionciudadana.com.mx\/oficial\/2020\/09\/21\/atendera-la-uas-al-92-7-de-la-demanda-de-ingreso-para-el-ciclo-escolar-2020-2021\/","title":{"rendered":"Atender\u00e1 la UAS al 92.7% de la demanda de ingreso para el Ciclo Escolar 2020-2021"},"content":{"rendered":"<p><img decoding=\"async\" style=\"display: block; margin-left: auto; margin-right: auto;\" src=\"images\/2020\/sept.20\/maestro_guerra.PNG\" alt=\"maestro guerra\" \/><\/p>\n<p class=\"x_MsoNormal\" style=\"text-align: justify;\" align=\"right\"><span style=\"font-size: 14pt; font-family: arial, helvetica, sans-serif;\">La Universidad Aut\u00f3noma de Sinaloa (UAS), a trav\u00e9s de su Comisi\u00f3n Institucional de Admisi\u00f3n dio a conocer este d\u00eda los resultados de los aspirantes aceptados tanto en el nivel medio superior como superior para el Ciclo Escolar 2020-2021, donde de manera global la instituci\u00f3n registra una cobertura del 92.7 por ciento, muy por encima de la nacional que es del 39 por ciento.<\/span><\/p>\n<p class=\"x_MsoNormal\" style=\"text-align: justify;\"><span lang=\"ES\" style=\"font-size: 14pt; font-family: arial, helvetica, sans-serif;\"><\/span><\/p>\n<p class=\"x_MsoNormal\" style=\"text-align: justify;\"><span lang=\"ES\" style=\"font-size: 14pt; font-family: arial, helvetica, sans-serif;\">El Rector, doctor Juan Eulogio Guerra Liera, presidente de la Comisi\u00f3n, inform\u00f3 que solo se registra una demanda no atendida de 3 mil 039 j\u00f3venes, ante lo cual la instituci\u00f3n analizar\u00e1 la forma de c\u00f3mo ubicarlos en alguna oferta educativa, mientras que los ya aceptados recibir\u00e1n entre el d\u00eda de hoy y ma\u00f1ana la informaci\u00f3n correspondiente por correo electr\u00f3nico o por mensaje a su celular, y en el portal institucional se publicar\u00e1n, este s\u00e1bado a partir de las 8:00 horas, las listas de los aceptados.<\/span><\/p>\n<p class=\"x_MsoNormal\" style=\"text-align: justify;\"><span lang=\"ES\" style=\"font-size: 14pt; font-family: arial, helvetica, sans-serif;\"><\/span><\/p>\n<p class=\"x_MsoNormal\" style=\"text-align: justify;\"><span style=\"font-size: 14pt; font-family: arial, helvetica, sans-serif;\">\u201cEn el nivel medio superior la demanda de 20 mil 271 se atiende la misma cantidad, el cien por ciento (\u2026) en el nivel superior ya de 21 mil 735 que fue la demanda real, hay una atenci\u00f3n de 18 mil 696, una cobertura del 86 por ciento, hoy tenemos una demanda no atendida de 3 mil 039 aspirantes; en total podemos resumir la demanda real que culminaron su procedimiento fueron 42 mil 006 aspirantes, de ellos ya est\u00e1n en el nivel medio superior y superior 38 mil 967, tenemos en estos momentos una cobertura del 92.7 por ciento\u201d, dijo Guerra Liera.<\/span><\/p>\n<p class=\"x_MsoNormal\" style=\"text-align: justify;\"><span lang=\"ES\" style=\"font-size: 14pt; font-family: arial, helvetica, sans-serif;\"><\/span><\/p>\n<p class=\"x_MsoNormal\" style=\"text-align: justify;\"><span style=\"font-size: 14pt; font-family: arial, helvetica, sans-serif;\"><span lang=\"ES\">En reuni\u00f3n virtual de la Comisi\u00f3n de Admisi\u00f3n, la corrida de las listas se realiz\u00f3 ante la presencia de los notarios p\u00fablicos N\u00famero 162 I<\/span>smael Arenas y N\u00famero 83 Eduardo Niebla \u00c1lvarez, y el evento fue conducido por el Secretario General, doctor Jes\u00fas Madue\u00f1a Molina quien declar\u00f3 instalada la sesi\u00f3n.<\/span><\/p>\n<p class=\"x_MsoNormal\" style=\"text-align: justify;\"><span lang=\"ES\" style=\"font-size: 14pt; font-family: arial, helvetica, sans-serif;\"><\/span><\/p>\n<p class=\"x_MsoNormal\" style=\"text-align: justify;\"><span style=\"font-size: 14pt; font-family: arial, helvetica, sans-serif;\"><span lang=\"ES\">El Rector expuso que&nbsp;<\/span>en el nivel medio superior la UAS prescindi\u00f3 del EXANI I por considerar su aplicaci\u00f3n un riesgo para la salud de los j\u00f3venes, de tal forma que los 20 mil 271 as\u00ecrantes que culminaron todo el procedimiento de preinscripci\u00f3n tiene seguro un espacio en alguna de las preparatorias de la Casa Rosalina y con ello se puede decir que se tiene una cobertura del 100 por ciento en este nivel.<\/span><\/p>\n<p style=\"text-align: justify;\">&nbsp;<\/p>\n<p class=\"x_MsoNormal\" style=\"text-align: justify;\"><span style=\"font-size: 14pt; font-family: arial, helvetica, sans-serif;\">Indic\u00f3 que en el nivel superior se aplic\u00f3 el EXANI II de manera virtual y previamente se acord\u00f3 reducir las cuotas desde un 15 a poco m\u00e1s del 50 por ciento en apoyo a las familias mientras dure la pandemia.<\/span><\/p>\n<p style=\"text-align: justify;\">&nbsp;<\/p>\n<p class=\"x_MsoNormal\" style=\"text-align: justify;\"><span style=\"font-size: 14pt; font-family: arial, helvetica, sans-serif;\">Detall\u00f3 que en total terminaron el procedimiento para presentar CENEVAL 25 mil 114 j\u00f3venes, 3 mil 379 de ellos que ya contaban con un folio y un examen con su nombre no se presentaron, desertaron&nbsp;de su aspiraci\u00f3n<b>&nbsp;<\/b>y<b>&nbsp;<\/b>consideran que es probable que influy\u00f3 el hecho de que la pandemia les afect\u00f3 en el aspecto econ\u00f3mico y laboral.<\/span><\/p>\n<p style=\"text-align: justify;\">&nbsp;<\/p>\n<p class=\"x_MsoNormal\" style=\"text-align: justify;\"><span style=\"font-size: 14pt; font-family: arial, helvetica, sans-serif;\">Guerra Liera indic\u00f3 que 21 mil 735 aspirantes s\u00ed presentaron el Examen CENEVAL, de ellos 18 mil 696 ya tienen asegurado un espacio en alguna de las ofertas educativas, es decir, el 86 por ciento.<\/span><\/p>\n<p style=\"text-align: justify;\">&nbsp;<\/p>\n<p class=\"x_MsoNormal\" style=\"text-align: justify;\"><span style=\"font-size: 14pt; font-family: arial, helvetica, sans-serif;\">\u201cLa demanda no atendida en este momento es de 3 mil 039 aspirantes, ese va a ser un tema que analizaremos de nuevo la Comisi\u00f3n Institucional para, como en otros a\u00f1os, ver qu\u00e9 ajustes le podemos hacer a esa cantidad, si podemos hacer un esfuerzo extraordinario, ubicarlos en alguna oferta educativa para que el n\u00famero de j\u00f3venes que no pueda ser incluidos pueda ser mucho menor\u201d, extern\u00f3.<\/span><\/p>\n<p style=\"text-align: justify;\">&nbsp;<\/p>\n<p class=\"x_MsoNormal\" style=\"text-align: justify;\"><span style=\"font-size: 14pt; font-family: arial, helvetica, sans-serif;\">El Rector dio a conocer la distribuci\u00f3n de alumnos por unidad regional en el bachillerato, donde en la Unidad Regional Norte ingresan 3 mil 264 j\u00f3venes, en la Unidad Centro 10 mil 207, en la Centro Norte 3 mil 570 y en la Sur 3 mil 230; mientras que al nivel superior ingresan 2 mil 597 en la Unidad Norte, 767 en la Centro Norte, 11 mil 745 en el Centro y 3 mil 587 en la Sur.<\/span><\/p>\n<p style=\"text-align: justify;\">&nbsp;<\/p>\n<p class=\"x_MsoNormal\" style=\"text-align: justify;\"><span style=\"font-size: 14pt; font-family: arial, helvetica, sans-serif;\">En el Colegio de Ciencias de la Salud se ingresaron a 3 mil 675 j\u00f3venes, de los cuales mil 036 son de la Facultad de Medicina y de ellos 450 para M\u00e9dico General.<\/span><\/p>\n<p style=\"text-align: justify;\">&nbsp;<\/p>\n<p class=\"x_MsoNormal\" style=\"text-align: justify;\"><span style=\"font-size: 14pt; font-family: arial, helvetica, sans-serif;\">Explic\u00f3 que en el caso de bachillerato se hizo la corrida de listas para tener una proyecci\u00f3n de acuerdo a la infraestructura de las unidades acad\u00e9micas, de la capacidad humana de docentes y personal administrativo en ellas, de los laboratorios y centros de c\u00f3mputo para cuando llegue el momento de regresar a las aulas.<\/span><\/p>\n<p style=\"text-align: justify;\">&nbsp;<\/p>\n<p class=\"x_MsoNormal\" style=\"text-align: justify;\"><span style=\"font-size: 14pt; font-family: arial, helvetica, sans-serif;\">Agreg\u00f3 que en enero cuando concluya el primer semestre se valorar\u00e1 si el ciclo contin\u00faa de manera presencial en su segundo semestre ya que no se comprometer\u00e1 la salud de los universitarios y de los estudiantes si no hay certeza y garant\u00eda de no contagiarse, incluso se podr\u00eda valorar una nueva modalidad que pudiera ser mixta.<\/span><\/p>\n<p style=\"text-align: justify;\">&nbsp;<\/p>\n<p class=\"x_MsoNormal\" style=\"text-align: justify;\"><span style=\"font-size: 14pt; font-family: arial, helvetica, sans-serif;\">Por \u00faltimo, el dirigente universitario reiter\u00f3 el llamado a los padres de familia para que no caigan en fraudes y en manos de personas que piden dinero para ingresar a sus hijos a la Universidad y pidi\u00f3 estar atentos de la informaci\u00f3n que se d\u00e9 por la transmisi\u00f3n de Radio UAS y dem\u00e1s medios institucionales.<\/span><\/p>\n<p style=\"text-align: justify;\">&nbsp;<\/p>\n<p class=\"x_MsoNormal\" style=\"text-align: justify;\"><span style=\"font-size: 14pt; font-family: arial, helvetica, sans-serif;\">Las primeras listas emitidas fueron las de la Unidad Acad\u00e9mica Preparatoria Central Diurna y de la Facultad de Contadur\u00eda y Administraci\u00f3n, la cuales se entregaron al director general de Escuelas Preparatorias, Armando Fl\u00f3rez Arco y al maestro V\u00edctor Manuel M\u00edzquiz Reyes, en ese orden, y tambi\u00e9n a los notarios p\u00fablicos.<\/span><\/p>\n<div style=\"text-align: justify;\"><span style=\"font-size: 14pt; font-family: arial, helvetica, sans-serif;\"><\/span><\/div>\n","protected":false},"excerpt":{"rendered":"<p>La Universidad Aut\u00f3noma de Sinaloa (UAS), a trav\u00e9s de su Comisi\u00f3n Institucional de Admisi\u00f3n dio a conocer este d\u00eda los resultados de los aspirantes aceptados tanto en el nivel medio superior como superior para el Ciclo Escolar 2020-2021, donde de manera global la instituci\u00f3n registra una cobertura del 92.7 por ciento, muy por encima de [&hellip;]<\/p>\n","protected":false},"author":1,"featured_media":5653,"comment_status":"open","ping_status":"closed","sticky":false,"template":"","format":"standard","meta":{"footnotes":""},"categories":[13],"tags":[],"ppma_author":[31],"class_list":["post-14223","post","type-post","status-publish","format-standard","has-post-thumbnail","hentry","category-locales"],"aioseo_notices":[],"authors":[{"term_id":31,"user_id":1,"is_guest":0,"slug":"ivan3vino","display_name":"Iv\u00e1n Trevi\u00f1o","avatar_url":{"url":"https:\/\/visionciudadana.com.mx\/oficial\/wp-content\/uploads\/2025\/09\/columna-ivan-Trevino.png","url2x":"https:\/\/visionciudadana.com.mx\/oficial\/wp-content\/uploads\/2025\/09\/columna-ivan-Trevino.png"},"0":null,"1":"","2":"","3":"","4":"","5":"","6":"","7":"","8":""}],"_links":{"self":[{"href":"https:\/\/visionciudadana.com.mx\/oficial\/wp-json\/wp\/v2\/posts\/14223","targetHints":{"allow":["GET"]}}],"collection":[{"href":"https:\/\/visionciudadana.com.mx\/oficial\/wp-json\/wp\/v2\/posts"}],"about":[{"href":"https:\/\/visionciudadana.com.mx\/oficial\/wp-json\/wp\/v2\/types\/post"}],"author":[{"embeddable":true,"href":"https:\/\/visionciudadana.com.mx\/oficial\/wp-json\/wp\/v2\/users\/1"}],"replies":[{"embeddable":true,"href":"https:\/\/visionciudadana.com.mx\/oficial\/wp-json\/wp\/v2\/comments?post=14223"}],"version-history":[{"count":0,"href":"https:\/\/visionciudadana.com.mx\/oficial\/wp-json\/wp\/v2\/posts\/14223\/revisions"}],"wp:featuredmedia":[{"embeddable":true,"href":"https:\/\/visionciudadana.com.mx\/oficial\/wp-json\/wp\/v2\/posts\/5653"}],"wp:attachment":[{"href":"https:\/\/visionciudadana.com.mx\/oficial\/wp-json\/wp\/v2\/media?parent=14223"}],"wp:term":[{"taxonomy":"category","embeddable":true,"href":"https:\/\/visionciudadana.com.mx\/oficial\/wp-json\/wp\/v2\/categories?post=14223"},{"taxonomy":"post_tag","embeddable":true,"href":"https:\/\/visionciudadana.com.mx\/oficial\/wp-json\/wp\/v2\/tags?post=14223"},{"taxonomy":"author","embeddable":true,"href":"https:\/\/visionciudadana.com.mx\/oficial\/wp-json\/wp\/v2\/ppma_author?post=14223"}],"curies":[{"name":"wp","href":"https:\/\/api.w.org\/{rel}","templated":true}]}}