{"id":14222,"date":"2020-09-21T22:33:06","date_gmt":"2020-09-21T22:33:06","guid":{"rendered":"https:\/\/visionciudadana.com.mx\/prueba\/2020\/09\/21\/abre-la-uas-3-mil-400-espacios-adicionales-en-el-nivel-superior\/"},"modified":"2020-09-21T22:33:06","modified_gmt":"2020-09-21T22:33:06","slug":"abre-la-uas-3-mil-400-espacios-adicionales-en-el-nivel-superior","status":"publish","type":"post","link":"https:\/\/visionciudadana.com.mx\/oficial\/2020\/09\/21\/abre-la-uas-3-mil-400-espacios-adicionales-en-el-nivel-superior\/","title":{"rendered":"Abre la UAS 3 MIL 400 espacios adicionales en el nivel superior"},"content":{"rendered":"<p class=\"x_MsoNormal\" style=\"text-align: justify;\"><span lang=\"ES-TRAD\" style=\"font-size: 14pt; font-family: arial, helvetica, sans-serif;\">&nbsp;<img decoding=\"async\" style=\"display: block; margin-left: auto; margin-right: auto;\" src=\"images\/2020\/sept.20\/medicina.PNG\" alt=\"medicina\" \/><\/span><\/p>\n<p class=\"x_MsoNormal\" style=\"text-align: justify;\"><span lang=\"ES-TRAD\" style=\"font-size: 14pt; font-family: arial, helvetica, sans-serif;\">La Universidad Aut\u00f3noma de Sinaloa (UAS) en un gesto de empat\u00eda y sensibilidad en la aspiraci\u00f3n de los j\u00f3venes anuncia la apertura de 3 mil 400 espacios adicionales para ingresar al nivel superior, en el que se incluye la creaci\u00f3n del Grupo A en la Facultad de Medicina; con este acuerdo tomado al seno de la Comisi\u00f3n Institucional de Admisi\u00f3n la cobertura total pasar\u00e1 del 92.7, que se alcanz\u00f3 en un primer momento, al 99.9 por ciento y solo quedan 39 aspirantes no atendidos.<\/span><\/p>\n<p class=\"x_MsoNormal\" style=\"text-align: justify;\"><span lang=\"ES-TRAD\" style=\"font-size: 14pt; font-family: arial, helvetica, sans-serif;\"><\/span><\/p>\n<p class=\"x_MsoNormal\" style=\"text-align: justify;\"><span lang=\"ES-TRAD\" style=\"font-size: 14pt; font-family: arial, helvetica, sans-serif;\">\u201cHoy estamos anunciando, tuvimos por la ma\u00f1ana reuni\u00f3n de la Comisi\u00f3n Institucional de Admisi\u00f3n y siendo emp\u00e1ticos, tomando en cuenta que es un bien p\u00fablico la Universidad y lo sensible y noble de la aspiraci\u00f3n de estudiar, la Comisi\u00f3n abre 3 mil 400 espacios adicionales en licenciatura, 2 mil 400 en diversos programas y se anuncia la integraci\u00f3n del Grupo A hasta para mil aspirantes que hayan terminado su proceso\u201d, dijo Guerra Liera.<\/span><\/p>\n<p class=\"x_MsoNormal\" style=\"text-align: justify;\"><span lang=\"ES-TRAD\" style=\"font-size: 14pt; font-family: arial, helvetica, sans-serif;\"><\/span><\/p>\n<p class=\"x_MsoNormal\" style=\"text-align: justify;\"><span lang=\"ES-TRAD\" style=\"font-size: 14pt; font-family: arial, helvetica, sans-serif;\">En conferencia de prensa, v\u00eda Zoom, con medios de comunicaci\u00f3n locales y de otros municipios, antes de la cual se realiz\u00f3 una reuni\u00f3n de trabajo de la Comisi\u00f3n de Admisi\u00f3n, el Rector, doctor Juan Eulogio Guerra Liera, anunci\u00f3 que a partir de ma\u00f1ana martes 22 a las 8:00 horas podr\u00e1n consultar los aspirantes si han ocupado estos nuevos espacios.<\/span><\/p>\n<p class=\"x_MsoNormal\" style=\"text-align: justify;\"><span lang=\"ES-TRAD\" style=\"font-size: 14pt; font-family: arial, helvetica, sans-serif;\"><\/span><\/p>\n<p class=\"x_MsoNormal\" style=\"text-align: justify;\"><span lang=\"ES-TRAD\" style=\"font-size: 14pt; font-family: arial, helvetica, sans-serif;\">Tan solo el pasado viernes 18 de septiembre la UAS anunci\u00f3 que de una demanda de 42 mil aspirantes se atendieron 38 mil 567 j\u00f3venes, alcanzando una cobertura del 92.7 por ciento, hoy el Rector detall\u00f3 que con la ampliaci\u00f3n de 3 mil 400 espacios la nueva demanda atendida es de 41 mil 967, para dar una cobertura total, que incluye los dos niveles, del 99.9 por ciento y quedando solo 39 aspirantes como no atendidos. &nbsp;<\/span><\/p>\n<p class=\"x_MsoNormal\" style=\"text-align: justify;\"><span lang=\"ES-TRAD\" style=\"font-size: 14pt; font-family: arial, helvetica, sans-serif;\"><\/span><\/p>\n<p class=\"x_MsoNormal\" style=\"text-align: justify;\"><span lang=\"ES-TRAD\" style=\"font-size: 14pt; font-family: arial, helvetica, sans-serif;\">El Rector detall\u00f3 que la cobertura en el nivel medio superior es del 100 por ciento y en el nivel superior ahora es del 99.8 por ciento mientras que se estima una matr\u00edcula de 169 mil estudiantes para el Ciclo Escolar 2020-2021, y con esta matr\u00edcula la UAS se consolida como la tercera Universidad P\u00fablica Estatal m\u00e1s grande de M\u00e9xico.<\/span><\/p>\n<p class=\"x_MsoNormal\" style=\"text-align: justify;\"><span lang=\"ES-TRAD\" style=\"font-size: 14pt; font-family: arial, helvetica, sans-serif;\"><\/span><\/p>\n<p class=\"x_MsoNormal\" style=\"text-align: justify;\"><span lang=\"ES-TRAD\" style=\"font-size: 14pt; font-family: arial, helvetica, sans-serif;\">Explic\u00f3 que no se puede aceptar a todos los aspirantes en el nivel superior a\u00fan cuando el semestre ser\u00e1 virtual porque habr\u00e1 un momento en que se regrese a clases de manera presencial y se tendr\u00e1n que ubicar en aulas, con docentes y equipamiento de tal forma que \u201cse est\u00e1 siendo responsable con garantizar a los que ingresan las expectativas de infraestructura, de calidad y horas aula\u201d para que puedan culminar sus estudios satisfactoriamente.<\/span><\/p>\n<p class=\"x_MsoNormal\" style=\"text-align: justify;\"><span lang=\"ES-TRAD\" style=\"font-size: 14pt; font-family: arial, helvetica, sans-serif;\"><\/span><\/p>\n<p class=\"x_MsoNormal\" style=\"text-align: justify;\"><span lang=\"ES-TRAD\" style=\"font-size: 14pt; font-family: arial, helvetica, sans-serif;\">Guerra Liera detall\u00f3 por unidad regional la ampliaci\u00f3n de espacios y cobertura en el nivel superior de tal forma que en la Unidad Regional Norte se ampl\u00edan 264 espacios, en la Centro Norte 96, en la Centro 2 mil 6632 y en la Unidad Sur 408, de igual forma explic\u00f3 que la ampliaci\u00f3n se atender\u00e1 recorriendo la lista desde el \u00faltimo aspirante aceptado.&nbsp;<\/span><\/p>\n<p class=\"x_MsoNormal\" style=\"text-align: justify;\"><span lang=\"ES-TRAD\" style=\"font-size: 14pt; font-family: arial, helvetica, sans-serif;\"><\/span><\/p>\n<p class=\"x_MsoNormal\" style=\"text-align: justify;\"><span lang=\"ES-TRAD\" style=\"font-size: 14pt; font-family: arial, helvetica, sans-serif;\">Se\u00f1al\u00f3 que la Comisi\u00f3n Institucional de Admisi\u00f3n siempre ha sido muy sensible y responsable y la Universidad nunca ha puesto como pretexto la situaci\u00f3n presupuestal para no atender la demanda.<\/span><\/p>\n<p class=\"x_MsoNormal\" style=\"text-align: justify;\"><span lang=\"ES-TRAD\" style=\"font-size: 14pt; font-family: arial, helvetica, sans-serif;\"><\/span><\/p>\n<p class=\"x_MsoNormal\" style=\"text-align: justify;\"><span lang=\"ES-TRAD\" style=\"font-size: 14pt; font-family: arial, helvetica, sans-serif;\">El Rector hizo un llamado a los padres de familia a que est\u00e9n atentos porque siempre en esta coyuntura aparecen gestores que s\u00f3lo buscan fraudear y pedir recursos a cambio de ingresar a sus hijos a la instituci\u00f3n, cuando la \u00fanica manera de hacerlo es a trav\u00e9s de la Comisi\u00f3n de Admisi\u00f3n, por lo que reiter\u00f3 que no caigan presa de gente sin escr\u00fapulos que los puedan usar en una situaci\u00f3n de riesgo cuando la UAS no ha sacado a los aspirantes a la calle ni para presentar examen ni para entregar documentos.<\/span><\/p>\n<p class=\"x_MsoNormal\" style=\"text-align: justify;\"><span lang=\"ES-TRAD\" style=\"font-size: 14pt; font-family: arial, helvetica, sans-serif;\"><\/span><\/p>\n<p class=\"x_MsoNormal\" style=\"text-align: justify;\"><span lang=\"ES-TRAD\" style=\"font-size: 14pt; font-family: arial, helvetica, sans-serif;\">\u201cEn la Facultad de Medicina hay una ampliaci\u00f3n de 275 espacios adicionales al primer momento que fueron mil 036, lo que nos va a dar un total de mil 311 espacios; para M\u00e9dico General se ampl\u00eda en 100 espacios para dar un total de 550 j\u00f3venes; en T\u00e9cnico Superior Universitario en Citolog\u00eda Cervical se aumentan 20 para dar 99; en Podolog\u00eda 20 m\u00e1s, en Fisioterapia se aumentan 90 espacios, en Gericultura 15 y en Imagenolog\u00eda 30 m\u00e1s\u201d.<\/span><\/p>\n<p class=\"x_MsoNormal\" style=\"text-align: justify;\"><span lang=\"ES-TRAD\" style=\"font-size: 14pt; font-family: arial, helvetica, sans-serif;\"><\/span><\/p>\n<p class=\"x_MsoNormal\" style=\"text-align: justify;\"><span lang=\"ES-TRAD\" style=\"font-size: 14pt; font-family: arial, helvetica, sans-serif;\">Aclar\u00f3 que en el Grupo A de Medicina s\u00f3lo podr\u00e1n ingresar quienes culminaron el proceso hasta la presentaci\u00f3n del examen donde habr\u00e1 hasta mil espacios disponibles que equivale a crear 25 grupos normales y que llevar\u00e1 una inversi\u00f3n para la Universidad de cerca de 30 millones de pesos.<\/span><\/p>\n<p class=\"x_MsoNormal\" style=\"text-align: justify;\"><span lang=\"ES-TRAD\" style=\"font-size: 14pt; font-family: arial, helvetica, sans-serif;\"><\/span><\/p>\n<p class=\"x_MsoNormal\" style=\"text-align: justify;\"><span style=\"font-size: 14pt; font-family: arial, helvetica, sans-serif;\"><span lang=\"ES-TRAD\">Indic\u00f3 que este martes a las 8:00 horas los interesados podr\u00e1n consultar en el portal de la Universidad&nbsp;<\/span><a href=\"http:\/\/www.dse.uasnet.edu.mx\/admision\" target=\"_blank\" rel=\"noopener noreferrer\" data-auth=\"NotApplicable\"><span lang=\"ES-TRAD\">www.dse.uasnet.edu.mx\/admision<\/span><\/a><span lang=\"ES-TRAD\">&nbsp;con su n\u00famero de ficha y clave si est\u00e1n dentro de los espacios ampliados en todas las licenciaturas; los que deseen integrarse al Grupo A deber\u00e1n registrarse el 22 y 23 de septiembre y el inicio de clases para este grupo ser\u00e1 el 5 de octubre, mientras que el resto de alumnos iniciar\u00e1n clases el 28 de septiembre.<\/span><\/span><\/p>\n<p class=\"x_MsoNormal\" style=\"text-align: justify;\"><span lang=\"ES-TRAD\" style=\"font-size: 14pt; font-family: arial, helvetica, sans-serif;\"><\/span><\/p>\n<p class=\"x_MsoNormal\" style=\"text-align: justify;\"><span lang=\"ES-TRAD\" style=\"font-size: 14pt; font-family: arial, helvetica, sans-serif;\">Para registrarse al Grupo A deber\u00e1n hacerlo en el link&nbsp;&nbsp;<a href=\"http:\/\/www.medicinavirtual.uas.edu.mx\/grupo_a\/preinscripcion\" target=\"_blank\" rel=\"noopener noreferrer\" data-auth=\"NotApplicable\">www.medicinavirtual.uas.edu.mx\/grupo_a\/preinscripcion<\/a>&nbsp;donde ingresar\u00e1n con su folio de CENEVAL, el sistema validar\u00e1 si el aspirante realiz\u00f3 completamente el proceso de preinscripci\u00f3n hasta la presentaci\u00f3n del examen, solo as\u00ed podr\u00e1 seguir con su registro.<\/span><\/p>\n<p class=\"x_MsoNormal\" style=\"text-align: justify;\"><span lang=\"ES-TRAD\" style=\"font-size: 14pt; font-family: arial, helvetica, sans-serif;\"><\/span><\/p>\n<p class=\"x_MsoNormal\" style=\"text-align: justify;\"><span lang=\"ES-TRAD\" style=\"font-size: 14pt; font-family: arial, helvetica, sans-serif;\">Los integrantes del Grupo A llevar\u00e1n los mismos contenidos de aprendizaje que los dem\u00e1s grupos, las clases se impartir\u00e1n en la plataforma Moodle y videoconferencia Zoom, las evaluaciones ser\u00e1n digitales los fines de semana.<\/span><\/p>\n<p class=\"x_MsoNormal\" style=\"text-align: justify;\"><span lang=\"ES-TRAD\" style=\"font-size: 14pt; font-family: arial, helvetica, sans-serif;\"><\/span><\/p>\n<p class=\"x_MsoNormal\" style=\"text-align: justify;\"><span lang=\"ES-TRAD\" style=\"font-size: 14pt; font-family: arial, helvetica, sans-serif;\">\u201cLos aspirantes que aprueben la totalidad de las asignaturas y pr\u00e1cticas, as\u00ed como el 90 por ciento de asistencias podr\u00e1n inscribirse al segundo semestre de Medicina como alumnos regulares a la par de los que iniciaron el primer semestre desde el 28 de septiembre\u201d, inform\u00f3 el Rector.<\/span><\/p>\n<p class=\"x_MsoNormal\" style=\"text-align: justify;\"><span lang=\"ES-TRAD\" style=\"font-size: 14pt; font-family: arial, helvetica, sans-serif;\"><\/span><\/p>\n<p class=\"x_MsoNormal\" style=\"text-align: justify;\"><span lang=\"ES-TRAD\" style=\"font-size: 14pt; font-family: arial, helvetica, sans-serif;\">Como parte de la informaci\u00f3n el Rector present\u00f3 un comparativo de la demanda atendida en diferentes Instituciones de Educaci\u00f3n Superior del pa\u00eds, en donde la media se coloca en un 48.3 por ciento mientras que la UAS supera con mucho ese porcentaje al llegar hoy al 99.9 por ciento.<\/span><\/p>\n<p style=\"text-align: justify;\">&nbsp;<\/p>\n<p style=\"text-align: justify;\"><span style=\"font-size: 14pt; font-family: arial, helvetica, sans-serif;\">REDACCI\u00d3N\/VISI\u00d3N CIUDADANA.<\/span><\/p>\n<p class=\"x_MsoNormal\"><span lang=\"ES\"><\/span><\/p>\n","protected":false},"excerpt":{"rendered":"<p>&nbsp; La Universidad Aut\u00f3noma de Sinaloa (UAS) en un gesto de empat\u00eda y sensibilidad en la aspiraci\u00f3n de los j\u00f3venes anuncia la apertura de 3 mil 400 espacios adicionales para ingresar al nivel superior, en el que se incluye la creaci\u00f3n del Grupo A en la Facultad de Medicina; con este acuerdo tomado al seno [&hellip;]<\/p>\n","protected":false},"author":1,"featured_media":5651,"comment_status":"open","ping_status":"closed","sticky":false,"template":"","format":"standard","meta":{"footnotes":""},"categories":[24],"tags":[],"ppma_author":[31],"class_list":["post-14222","post","type-post","status-publish","format-standard","has-post-thumbnail","hentry","category-relevantes"],"aioseo_notices":[],"authors":[{"term_id":31,"user_id":1,"is_guest":0,"slug":"ivan3vino","display_name":"Iv\u00e1n Trevi\u00f1o","avatar_url":{"url":"https:\/\/visionciudadana.com.mx\/oficial\/wp-content\/uploads\/2025\/09\/columna-ivan-Trevino.png","url2x":"https:\/\/visionciudadana.com.mx\/oficial\/wp-content\/uploads\/2025\/09\/columna-ivan-Trevino.png"},"0":null,"1":"","2":"","3":"","4":"","5":"","6":"","7":"","8":""}],"_links":{"self":[{"href":"https:\/\/visionciudadana.com.mx\/oficial\/wp-json\/wp\/v2\/posts\/14222","targetHints":{"allow":["GET"]}}],"collection":[{"href":"https:\/\/visionciudadana.com.mx\/oficial\/wp-json\/wp\/v2\/posts"}],"about":[{"href":"https:\/\/visionciudadana.com.mx\/oficial\/wp-json\/wp\/v2\/types\/post"}],"author":[{"embeddable":true,"href":"https:\/\/visionciudadana.com.mx\/oficial\/wp-json\/wp\/v2\/users\/1"}],"replies":[{"embeddable":true,"href":"https:\/\/visionciudadana.com.mx\/oficial\/wp-json\/wp\/v2\/comments?post=14222"}],"version-history":[{"count":0,"href":"https:\/\/visionciudadana.com.mx\/oficial\/wp-json\/wp\/v2\/posts\/14222\/revisions"}],"wp:featuredmedia":[{"embeddable":true,"href":"https:\/\/visionciudadana.com.mx\/oficial\/wp-json\/wp\/v2\/posts\/5651"}],"wp:attachment":[{"href":"https:\/\/visionciudadana.com.mx\/oficial\/wp-json\/wp\/v2\/media?parent=14222"}],"wp:term":[{"taxonomy":"category","embeddable":true,"href":"https:\/\/visionciudadana.com.mx\/oficial\/wp-json\/wp\/v2\/categories?post=14222"},{"taxonomy":"post_tag","embeddable":true,"href":"https:\/\/visionciudadana.com.mx\/oficial\/wp-json\/wp\/v2\/tags?post=14222"},{"taxonomy":"author","embeddable":true,"href":"https:\/\/visionciudadana.com.mx\/oficial\/wp-json\/wp\/v2\/ppma_author?post=14222"}],"curies":[{"name":"wp","href":"https:\/\/api.w.org\/{rel}","templated":true}]}}