{"id":14212,"date":"2020-09-17T22:38:20","date_gmt":"2020-09-17T22:38:20","guid":{"rendered":"https:\/\/visionciudadana.com.mx\/prueba\/2020\/09\/17\/lanzan-el-programa-virtual-emprende-en-el-aula-en-linea\/"},"modified":"2020-09-17T22:38:20","modified_gmt":"2020-09-17T22:38:20","slug":"lanzan-el-programa-virtual-emprende-en-el-aula-en-linea","status":"publish","type":"post","link":"https:\/\/visionciudadana.com.mx\/oficial\/2020\/09\/17\/lanzan-el-programa-virtual-emprende-en-el-aula-en-linea\/","title":{"rendered":"Lanzan el programa virtual \u00abEmprende en el Aula en L\u00ednea\u00bb"},"content":{"rendered":"<p><img decoding=\"async\" style=\"display: block; margin-left: auto; margin-right: auto;\" src=\"images\/2020\/sept.20\/sedeko.PNG\" alt=\"sedeko\" \/><\/p>\n<p class=\"x_MsoNormal\" style=\"text-align: justify;\" align=\"center\"><span style=\"font-size: 14pt; font-family: arial, helvetica, sans-serif;\">Bajo el claro compromiso del Gobernador Quirino Ordaz Coppel de seguir fomentando el emprendimiento en Sinaloa, este d\u00eda se llev\u00f3 a cabo el lanzamiento del programa virtual \u201cEmprende en el Aula en L\u00ednea\u201d en donde se ofrecer\u00e1n talleres, capacitaciones y charlas de inspiraci\u00f3n a j\u00f3venes estudiantes sinaloenses de nivel medio superior y superior en temas de emprendimiento.<\/span><\/p>\n<p style=\"text-align: justify;\">&nbsp;<\/p>\n<p class=\"x_MsoNormal\" style=\"text-align: justify;\"><span style=\"font-size: 14pt; font-family: arial, helvetica, sans-serif;\">En su mensaje el Secretario de Econom\u00eda de Sinaloa, Javier Liz\u00e1rraga Mercado destac\u00f3 que en tiempos de pandemia del COVID-19 es necesario continuar prepar\u00e1ndose y capacit\u00e1ndose en los temas de emprendimiento.<\/span><\/p>\n<p style=\"text-align: justify;\">&nbsp;<\/p>\n<p class=\"x_MsoNormal\" style=\"text-align: justify;\"><span style=\"font-size: 14pt; font-family: arial, helvetica, sans-serif;\">\u201cLos retos son oportunidades y la pandemia del COVID-19 nos genera una capacidad enorme de utilizar herramientas en l\u00ednea como es el&nbsp;<i>e-commerce,<\/i>&nbsp;a los j\u00f3venes a seguir ocup\u00e1ndose en momentos diferentes, Sinaloa ha dado claros ejemplos de emprendimiento y lo seguiremos haciendo a nivel nacional\u201d, subray\u00f3.<\/span><\/p>\n<p style=\"text-align: justify;\">&nbsp;<\/p>\n<p class=\"x_MsoNormal\" style=\"text-align: justify;\"><span style=\"font-size: 14pt; font-family: arial, helvetica, sans-serif;\">La capacitaci\u00f3n en el programa \u201cEmprende en el Aula en L\u00ednea\u201d incluir\u00e1 los temas:&nbsp;<em>vocaciones productivas, inteligencia emocional, creatividad, tecnolog\u00eda, modelos de negocio, competencias empresariales, fondeo y dem\u00e1s temas relevantes en el ecosistema de emprendimiento nacional e internacional, para brindar m\u00e1s oportunidades a los j\u00f3venes sinaloenses quienes son el&nbsp;<\/em>principal semillero para la formaci\u00f3n de empresarios exitosos en el estado.<\/span><\/p>\n<p style=\"text-align: justify;\">&nbsp;<\/p>\n<p class=\"x_MsoNormal\" style=\"text-align: justify;\"><span style=\"font-size: 14pt; font-family: arial, helvetica, sans-serif;\">Los j\u00f3venes del nivel medio superior y superior podr\u00e1n acceder al registro de los talleres, capacitaciones y charlas en el sitio:&nbsp;<span class=\"x_gmail-MsoHyperlink\"><a href=\"http:\/\/emprendeenelaula.com\/\" target=\"_blank\" rel=\"noopener noreferrer\" data-auth=\"NotApplicable\"><\/a><a href=\"http:\/\/emprendeenelaula.com\/\">http:\/\/emprendeenelaula.com\/<\/a><\/span>.<em><\/em><\/span><\/p>\n<p style=\"text-align: justify;\">&nbsp;<\/p>\n<p class=\"x_MsoNormal\" style=\"text-align: justify;\"><span style=\"font-size: 14pt; font-family: arial, helvetica, sans-serif;\">En este programa participan m\u00e1s de 40 escuelas, se llevar\u00e1n a cabo 10 conferencias en l\u00ednea con ponentes nacionales e internacionales y la meta es impactar a mas de 5 mil j\u00f3venes estudiantes.<\/span><\/p>\n<p style=\"text-align: justify;\">&nbsp;<\/p>\n<p class=\"x_MsoNormal\" style=\"text-align: justify;\"><span style=\"font-size: 14pt; font-family: arial, helvetica, sans-serif;\">La primera sesi\u00f3n se llevar\u00e1 a cabo el mi\u00e9rcoles 23 de septiembre a las 11 horas por Luis Herrera, CEO y cofundador de Thrust con el tema \u201cDise\u00f1o Estrat\u00e9gico e Innovaci\u00f3n\u201d.<\/span><\/p>\n<p style=\"text-align: justify;\">&nbsp;<\/p>\n<p class=\"x_MsoNormal\" style=\"text-align: justify;\"><span style=\"font-size: 14pt; font-family: arial, helvetica, sans-serif;\">Otros de los temas ser\u00e1n: \u201cMi primer modelo de negocios\u201d, \u201cLa revoluci\u00f3n del Branding\u201d, \u201cDise\u00f1o de culturas responsables, entre otros.<\/span><\/p>\n<p style=\"text-align: justify;\">&nbsp;<\/p>\n<p class=\"x_MsoNormal\" style=\"text-align: justify;\"><span style=\"font-size: 14pt; font-family: arial, helvetica, sans-serif;\">Al lanzamiento del&nbsp;programa virtual \u201cEmprende en el Aula en L\u00ednea\u201d asistieron autoridades educativas, de la SEPYC, la Directora de Educaci\u00f3n Media Superior y Superior, Alma Petris, la Rectora de la UAdeO, Silvia Paz D\u00edaz Camacho, el Director de COBAES, Sergio Mario Arredondo, el Director de ICATSIN, Dr. Francisco Fr\u00edas Castro, la Sub Secretaria de Gesti\u00f3n de Fondos y Financiamiento, Morayma Yaseen Campomanes, la Directora de Proyectos y Emprendimiento de la Secretar\u00eda de Econom\u00eda, Dulce Rodr\u00edguez y representantes de instituciones educativas del estado.<\/span><\/p>\n<p style=\"text-align: justify;\">&nbsp;<\/p>\n<p style=\"text-align: justify;\">&nbsp;<\/p>\n<p style=\"text-align: justify;\"><span style=\"font-size: 14pt; font-family: arial, helvetica, sans-serif;\">REDACCI\u00d3N\/VISI\u00d3N CIUDADANA.<\/span><\/p>\n","protected":false},"excerpt":{"rendered":"<p>Bajo el claro compromiso del Gobernador Quirino Ordaz Coppel de seguir fomentando el emprendimiento en Sinaloa, este d\u00eda se llev\u00f3 a cabo el lanzamiento del programa virtual \u201cEmprende en el Aula en L\u00ednea\u201d en donde se ofrecer\u00e1n talleres, capacitaciones y charlas de inspiraci\u00f3n a j\u00f3venes estudiantes sinaloenses de nivel medio superior y superior en temas [&hellip;]<\/p>\n","protected":false},"author":1,"featured_media":5640,"comment_status":"open","ping_status":"closed","sticky":false,"template":"","format":"standard","meta":{"footnotes":""},"categories":[24],"tags":[],"ppma_author":[31],"class_list":["post-14212","post","type-post","status-publish","format-standard","has-post-thumbnail","hentry","category-relevantes"],"aioseo_notices":[],"authors":[{"term_id":31,"user_id":1,"is_guest":0,"slug":"ivan3vino","display_name":"Iv\u00e1n Trevi\u00f1o","avatar_url":{"url":"https:\/\/visionciudadana.com.mx\/oficial\/wp-content\/uploads\/2025\/09\/columna-ivan-Trevino.png","url2x":"https:\/\/visionciudadana.com.mx\/oficial\/wp-content\/uploads\/2025\/09\/columna-ivan-Trevino.png"},"0":null,"1":"","2":"","3":"","4":"","5":"","6":"","7":"","8":""}],"_links":{"self":[{"href":"https:\/\/visionciudadana.com.mx\/oficial\/wp-json\/wp\/v2\/posts\/14212","targetHints":{"allow":["GET"]}}],"collection":[{"href":"https:\/\/visionciudadana.com.mx\/oficial\/wp-json\/wp\/v2\/posts"}],"about":[{"href":"https:\/\/visionciudadana.com.mx\/oficial\/wp-json\/wp\/v2\/types\/post"}],"author":[{"embeddable":true,"href":"https:\/\/visionciudadana.com.mx\/oficial\/wp-json\/wp\/v2\/users\/1"}],"replies":[{"embeddable":true,"href":"https:\/\/visionciudadana.com.mx\/oficial\/wp-json\/wp\/v2\/comments?post=14212"}],"version-history":[{"count":0,"href":"https:\/\/visionciudadana.com.mx\/oficial\/wp-json\/wp\/v2\/posts\/14212\/revisions"}],"wp:featuredmedia":[{"embeddable":true,"href":"https:\/\/visionciudadana.com.mx\/oficial\/wp-json\/wp\/v2\/posts\/5640"}],"wp:attachment":[{"href":"https:\/\/visionciudadana.com.mx\/oficial\/wp-json\/wp\/v2\/media?parent=14212"}],"wp:term":[{"taxonomy":"category","embeddable":true,"href":"https:\/\/visionciudadana.com.mx\/oficial\/wp-json\/wp\/v2\/categories?post=14212"},{"taxonomy":"post_tag","embeddable":true,"href":"https:\/\/visionciudadana.com.mx\/oficial\/wp-json\/wp\/v2\/tags?post=14212"},{"taxonomy":"author","embeddable":true,"href":"https:\/\/visionciudadana.com.mx\/oficial\/wp-json\/wp\/v2\/ppma_author?post=14212"}],"curies":[{"name":"wp","href":"https:\/\/api.w.org\/{rel}","templated":true}]}}