{"id":14211,"date":"2020-09-17T22:28:56","date_gmt":"2020-09-17T22:28:56","guid":{"rendered":"https:\/\/visionciudadana.com.mx\/prueba\/2020\/09\/17\/dif-sinaloa-ha-entregado-mas-de-4-mil-auxiliares-auditivos\/"},"modified":"2020-09-17T22:28:56","modified_gmt":"2020-09-17T22:28:56","slug":"dif-sinaloa-ha-entregado-mas-de-4-mil-auxiliares-auditivos","status":"publish","type":"post","link":"https:\/\/visionciudadana.com.mx\/oficial\/2020\/09\/17\/dif-sinaloa-ha-entregado-mas-de-4-mil-auxiliares-auditivos\/","title":{"rendered":"DIF Sinaloa ha entregado m\u00e1s de 4 mil auxiliares auditivos"},"content":{"rendered":"<p class=\"x_MsoNormal\" style=\"text-align: justify;\" align=\"center\"><span style=\"font-size: 14pt; font-family: arial, helvetica, sans-serif;\"><b><span lang=\"ES-TRAD\">&nbsp;<img decoding=\"async\" style=\"display: block; margin-left: auto; margin-right: auto;\" src=\"images\/2020\/sept.20\/aparatos_auditivos.PNG\" alt=\"aparatos auditivos\" \/><\/span><\/b><\/span><\/p>\n<p class=\"x_MsoNormal\" style=\"text-align: justify;\"><span style=\"font-size: 14pt; font-family: arial, helvetica, sans-serif;\"><span lang=\"ES-TRAD\">La presidenta del Sistema DIF Sinaloa, Rosy Fuentes de Ordaz y la directora general Connie Zazueta Castro, de nuevo haciendo equipo con Fundaci\u00f3n Telmex, encabezaron una valiosa entrega de auxiliares auditivos, con la cual durante esta administraci\u00f3n suman m\u00e1s 4 mil apoyos de este tipo distribuidos.<\/span><\/span><\/p>\n<p class=\"x_MsoNormal\" style=\"text-align: justify;\"><span lang=\"ES-TRAD\" style=\"font-size: 14pt; font-family: arial, helvetica, sans-serif;\"><\/span><\/p>\n<p class=\"x_MsoNormal\" style=\"text-align: justify;\"><span lang=\"ES-TRAD\" style=\"font-size: 14pt; font-family: arial, helvetica, sans-serif;\">Durante el acto que se efectu\u00f3 en el Centro de Rehabilitaci\u00f3n y Educaci\u00f3n Especial (CREE) Rosy Fuentes de Ordaz, comparti\u00f3 que la cuesti\u00f3n de la audici\u00f3n es indispensable para la vida social, laboral y familiar, donde la diferencia entre escuchar o no, tiene serias repercusiones como la desintegraci\u00f3n en las situaciones cotidianas.<\/span><\/p>\n<p class=\"x_MsoNormal\" style=\"text-align: justify;\"><span lang=\"ES-TRAD\" style=\"font-size: 14pt; font-family: arial, helvetica, sans-serif;\"><\/span><\/p>\n<p class=\"x_MsoNormal\" style=\"text-align: justify;\"><span lang=\"ES-TRAD\" style=\"font-size: 14pt; font-family: arial, helvetica, sans-serif;\">\u201cRealmente es un compromiso muy grande de esta administraci\u00f3n que encabeza el gobernador Quirino Ordaz Coppel, de apoyar a las personas con discapacidad, por ello hemos logrado beneficiar a m\u00e1s de 3 mil 500 personas entreg\u00e1ndoles m\u00e1s de 4 mil auxiliares auditivos en lo que va de esta administraci\u00f3n, y hoy haremos la entrega de 127 que viene a complementar esta cifra\u201d detall\u00f3 Fuentes de Ordaz.<\/span><\/p>\n<p class=\"x_MsoNormal\" style=\"text-align: justify;\"><span lang=\"ES-TRAD\" style=\"font-size: 14pt; font-family: arial, helvetica, sans-serif;\"><\/span><\/p>\n<p class=\"x_MsoNormal\" style=\"text-align: justify;\"><span lang=\"ES-TRAD\" style=\"font-size: 14pt; font-family: arial, helvetica, sans-serif;\">Agreg\u00f3: \u201csiempre estamos tocando puertas, viendo c\u00f3mo gestionar m\u00e1s apoyos para impactar a un mayor n\u00famero de personas, con el compromiso de nuestra directora general Connie Zazueta Castro quien se mantiene muy activa buscando acercamientos con quienes pueden ayudarnos\u201d.<\/span><\/p>\n<p style=\"text-align: justify;\"><span style=\"font-size: 14pt; font-family: arial, helvetica, sans-serif;\">Destacar que esto se logra a trav\u00e9s del convenio \u201cpeso por peso\u201d, el sistema DIF Sinaloa con Fundaci\u00f3n Telmex, donde cada uno aporta el 50 por ciento del costo total del aparato, con el prop\u00f3sito de impactar a un mayor n\u00famero de beneficiarios.<\/span><\/p>\n<p class=\"x_MsoNormal\" style=\"text-align: justify;\"><span lang=\"ES-TRAD\" style=\"font-size: 14pt; font-family: arial, helvetica, sans-serif;\"><\/span><\/p>\n<p class=\"x_MsoNormal\" style=\"text-align: justify;\"><span lang=\"ES-TRAD\" style=\"font-size: 14pt; font-family: arial, helvetica, sans-serif;\">Por su parte, el beneficiario Eugenio Guti\u00e9rrez, expres\u00f3 su gratitud en representaci\u00f3n de quienes recibieron el apoyo: \u201cmuchas gracias yo no tengo palabras para expresarles mi agradecimiento, a la instituci\u00f3n DIF Sinaloa, estoy muy agradecido\u201d.<\/span><\/p>\n<p class=\"x_MsoNormal\" style=\"text-align: justify;\"><span lang=\"ES-TRAD\" style=\"font-size: 14pt; font-family: arial, helvetica, sans-serif;\"><\/span><\/p>\n<p class=\"x_MsoNormal\" style=\"text-align: justify;\"><span lang=\"ES-TRAD\" style=\"font-size: 14pt; font-family: arial, helvetica, sans-serif;\">Para finalizar, Connie Zazueta, agradeci\u00f3 a An\u00edbal L\u00f3pez Cuadras, director de Rehabilitaci\u00f3n y Medicina Social; a Miguel \u00c1ngel Jacobo G\u00e1mez, jefe de Valoraci\u00f3n y Tratamiento del CREE y al Dr. Rub\u00e9n Reynaga I\u00f1iguez, m\u00e9dico Audi\u00f3logo del CREE, por la log\u00edstica del evento donde se siguieron todos los protocolos emitidos por el sector Salud.<\/span><\/p>\n<p style=\"text-align: justify;\">&nbsp;<\/p>\n<p style=\"text-align: justify;\">&nbsp;<\/p>\n<p style=\"text-align: justify;\"><span style=\"font-size: 14pt; font-family: arial, helvetica, sans-serif;\">REDACCI\u00d3N\/VISI\u00d3N CIUDADANA.<\/span><\/p>\n","protected":false},"excerpt":{"rendered":"<p>&nbsp; La presidenta del Sistema DIF Sinaloa, Rosy Fuentes de Ordaz y la directora general Connie Zazueta Castro, de nuevo haciendo equipo con Fundaci\u00f3n Telmex, encabezaron una valiosa entrega de auxiliares auditivos, con la cual durante esta administraci\u00f3n suman m\u00e1s 4 mil apoyos de este tipo distribuidos. Durante el acto que se efectu\u00f3 en el [&hellip;]<\/p>\n","protected":false},"author":1,"featured_media":5638,"comment_status":"open","ping_status":"closed","sticky":false,"template":"","format":"standard","meta":{"footnotes":""},"categories":[24],"tags":[],"ppma_author":[31],"class_list":["post-14211","post","type-post","status-publish","format-standard","has-post-thumbnail","hentry","category-relevantes"],"aioseo_notices":[],"authors":[{"term_id":31,"user_id":1,"is_guest":0,"slug":"ivan3vino","display_name":"Iv\u00e1n Trevi\u00f1o","avatar_url":{"url":"https:\/\/visionciudadana.com.mx\/oficial\/wp-content\/uploads\/2025\/09\/columna-ivan-Trevino.png","url2x":"https:\/\/visionciudadana.com.mx\/oficial\/wp-content\/uploads\/2025\/09\/columna-ivan-Trevino.png"},"0":null,"1":"","2":"","3":"","4":"","5":"","6":"","7":"","8":""}],"_links":{"self":[{"href":"https:\/\/visionciudadana.com.mx\/oficial\/wp-json\/wp\/v2\/posts\/14211","targetHints":{"allow":["GET"]}}],"collection":[{"href":"https:\/\/visionciudadana.com.mx\/oficial\/wp-json\/wp\/v2\/posts"}],"about":[{"href":"https:\/\/visionciudadana.com.mx\/oficial\/wp-json\/wp\/v2\/types\/post"}],"author":[{"embeddable":true,"href":"https:\/\/visionciudadana.com.mx\/oficial\/wp-json\/wp\/v2\/users\/1"}],"replies":[{"embeddable":true,"href":"https:\/\/visionciudadana.com.mx\/oficial\/wp-json\/wp\/v2\/comments?post=14211"}],"version-history":[{"count":0,"href":"https:\/\/visionciudadana.com.mx\/oficial\/wp-json\/wp\/v2\/posts\/14211\/revisions"}],"wp:featuredmedia":[{"embeddable":true,"href":"https:\/\/visionciudadana.com.mx\/oficial\/wp-json\/wp\/v2\/media\/5638"}],"wp:attachment":[{"href":"https:\/\/visionciudadana.com.mx\/oficial\/wp-json\/wp\/v2\/media?parent=14211"}],"wp:term":[{"taxonomy":"category","embeddable":true,"href":"https:\/\/visionciudadana.com.mx\/oficial\/wp-json\/wp\/v2\/categories?post=14211"},{"taxonomy":"post_tag","embeddable":true,"href":"https:\/\/visionciudadana.com.mx\/oficial\/wp-json\/wp\/v2\/tags?post=14211"},{"taxonomy":"author","embeddable":true,"href":"https:\/\/visionciudadana.com.mx\/oficial\/wp-json\/wp\/v2\/ppma_author?post=14211"}],"curies":[{"name":"wp","href":"https:\/\/api.w.org\/{rel}","templated":true}]}}