{"id":14210,"date":"2020-09-17T22:18:39","date_gmt":"2020-09-17T22:18:39","guid":{"rendered":"https:\/\/visionciudadana.com.mx\/prueba\/2020\/09\/17\/sinaloa-no-esta-recibiendo-en-el-proyecto-de-presupuesto-federal\/"},"modified":"2020-09-17T22:18:39","modified_gmt":"2020-09-17T22:18:39","slug":"sinaloa-no-esta-recibiendo-en-el-proyecto-de-presupuesto-federal","status":"publish","type":"post","link":"https:\/\/visionciudadana.com.mx\/oficial\/2020\/09\/17\/sinaloa-no-esta-recibiendo-en-el-proyecto-de-presupuesto-federal\/","title":{"rendered":"Sinaloa no est\u00e1 recibiendo en el Proyecto de presupuesto federal"},"content":{"rendered":"<p><img decoding=\"async\" style=\"display: block; margin-left: auto; margin-right: auto;\" src=\"images\/2020\/sept.20\/sinaloa_no_est\u00e1.PNG\" alt=\"sinaloa no est\u00e1\" \/><\/p>\n<p class=\"x_MsoNormal\" style=\"text-align: justify;\" align=\"right\"><span style=\"font-size: 14pt; font-family: arial, helvetica, sans-serif;\">Durante Sesi\u00f3n P\u00fablica virtual de la Diputaci\u00f3n Permanente, en voz de la Dip. Ana Cecilia Moreno Romero, el Grupo Parlamentario del PRI en el Congreso local manifest\u00f3 que \u201cEs preocupante, y lo decimos con toda sus letras, que Sinaloa no est\u00e9 recibiendo en el Proyecto de Presupuesto federal el trato justo que merecemos, porque la disminuci\u00f3n que se est\u00e1 proponiendo para nuestro estado en participaciones y aportaciones federales, supera el promedio nacional\u201d.<\/span><\/p>\n<p style=\"text-align: justify;\">&nbsp;<\/p>\n<p class=\"x_MsoNormal\" style=\"text-align: justify;\"><span style=\"font-size: 14pt; font-family: arial, helvetica, sans-serif;\">La legisladora priista explic\u00f3 que en el caso del Ramo 28, de aportaciones federales para entidades federales, se plantea una reducci\u00f3n para Sinaloa del 8.6%; en el Ramo 33&nbsp; de aportaciones federales para estados y municipios, el decremento propuesto es del 3.3%; y en relaci\u00f3n con los subsidios a entidades federativas y municipios la disminuci\u00f3n ser\u00eda del 5.7%.<\/span><\/p>\n<p style=\"text-align: justify;\">&nbsp;<\/p>\n<p class=\"x_MsoNormal\" style=\"text-align: justify;\"><span style=\"font-size: 14pt; font-family: arial, helvetica, sans-serif;\">Ana Cecilia Moreno precis\u00f3 que \u201cSi se concreta esta reducci\u00f3n en las participaciones y aportaciones federales, se pondr\u00e1 en serias dificultades a los gobiernos estatal y municipales. Esta disminuci\u00f3n de recursos, significar\u00eda menos inversi\u00f3n, menos obras p\u00fablicas, menos&nbsp; capacidad de operaci\u00f3n de los gobiernos locales, menos capacidad de atenci\u00f3n y respuesta a las demandas de los ciudadanos\u201d.<\/span><\/p>\n<p style=\"text-align: justify;\">&nbsp;<\/p>\n<p class=\"x_MsoNormal\" style=\"text-align: justify;\"><span style=\"font-size: 14pt; font-family: arial, helvetica, sans-serif;\">Adem\u00e1s destac\u00f3 que al Grupo Parlamentario del PRI tambi\u00e9n preocupa el presupuesto para el campo, la ganader\u00eda y la pesca, que representan los sectores productivos m\u00e1s estrat\u00e9gicos de Sinaloa.<\/span><\/p>\n<p style=\"text-align: justify;\">&nbsp;<\/p>\n<p class=\"x_MsoNormal\" style=\"text-align: justify;\"><span style=\"font-size: 14pt; font-family: arial, helvetica, sans-serif;\">\u201cAdvertimos que en el Proyecto de Presupuesto federal no vienen recursos para apoyos&nbsp; a la comercializaci\u00f3n, cobertura de precios, fomento agr\u00edcola, seguro catastr\u00f3fico y concurrencia con las entidades federativas. Tambi\u00e9n se est\u00e1n eliminado los programas de fomento ganadero y cr\u00e9dito ganadero&nbsp; a la palabra. Y en el caso de la pesca, no se est\u00e1 considerado el subsidio para el diesel marino y la gasolina rivere\u00f1a\u201d.<\/span><\/p>\n<p style=\"text-align: justify;\">&nbsp;<\/p>\n<p class=\"x_MsoNormal\" style=\"text-align: justify;\"><span style=\"font-size: 14pt; font-family: arial, helvetica, sans-serif;\">Moreno Romero durante su mensaje advirti\u00f3 estar convencida de que \u201cAlgo se tiene que hacer en Sinaloa, para cambiar algunos enfoques del Proyecto de Presupuesto federal, y mejorar la asignaci\u00f3n de recursos, se debe conformar un gran frente com\u00fan, para demandar que en el Presupuesto de Egresos de la Federaci\u00f3n se le d\u00e9 a Sinaloa y a los sinaloenses el trato digno y justo que merecemos\u201d, puntualiz\u00f3.<\/span><\/p>\n<p style=\"text-align: justify;\">&nbsp;<\/p>\n<p style=\"text-align: justify;\"><span style=\"font-size: 14pt; font-family: arial, helvetica, sans-serif;\">REDACCI\u00d3N\/VISI\u00d3N CIUDADANA.<\/span><\/p>\n","protected":false},"excerpt":{"rendered":"<p>Durante Sesi\u00f3n P\u00fablica virtual de la Diputaci\u00f3n Permanente, en voz de la Dip. Ana Cecilia Moreno Romero, el Grupo Parlamentario del PRI en el Congreso local manifest\u00f3 que \u201cEs preocupante, y lo decimos con toda sus letras, que Sinaloa no est\u00e9 recibiendo en el Proyecto de Presupuesto federal el trato justo que merecemos, porque la [&hellip;]<\/p>\n","protected":false},"author":1,"featured_media":5636,"comment_status":"open","ping_status":"closed","sticky":false,"template":"","format":"standard","meta":{"footnotes":""},"categories":[24],"tags":[],"ppma_author":[31],"class_list":["post-14210","post","type-post","status-publish","format-standard","has-post-thumbnail","hentry","category-relevantes"],"aioseo_notices":[],"authors":[{"term_id":31,"user_id":1,"is_guest":0,"slug":"ivan3vino","display_name":"Iv\u00e1n Trevi\u00f1o","avatar_url":{"url":"https:\/\/visionciudadana.com.mx\/oficial\/wp-content\/uploads\/2025\/09\/columna-ivan-Trevino.png","url2x":"https:\/\/visionciudadana.com.mx\/oficial\/wp-content\/uploads\/2025\/09\/columna-ivan-Trevino.png"},"0":null,"1":"","2":"","3":"","4":"","5":"","6":"","7":"","8":""}],"_links":{"self":[{"href":"https:\/\/visionciudadana.com.mx\/oficial\/wp-json\/wp\/v2\/posts\/14210","targetHints":{"allow":["GET"]}}],"collection":[{"href":"https:\/\/visionciudadana.com.mx\/oficial\/wp-json\/wp\/v2\/posts"}],"about":[{"href":"https:\/\/visionciudadana.com.mx\/oficial\/wp-json\/wp\/v2\/types\/post"}],"author":[{"embeddable":true,"href":"https:\/\/visionciudadana.com.mx\/oficial\/wp-json\/wp\/v2\/users\/1"}],"replies":[{"embeddable":true,"href":"https:\/\/visionciudadana.com.mx\/oficial\/wp-json\/wp\/v2\/comments?post=14210"}],"version-history":[{"count":0,"href":"https:\/\/visionciudadana.com.mx\/oficial\/wp-json\/wp\/v2\/posts\/14210\/revisions"}],"wp:featuredmedia":[{"embeddable":true,"href":"https:\/\/visionciudadana.com.mx\/oficial\/wp-json\/wp\/v2\/media\/5636"}],"wp:attachment":[{"href":"https:\/\/visionciudadana.com.mx\/oficial\/wp-json\/wp\/v2\/media?parent=14210"}],"wp:term":[{"taxonomy":"category","embeddable":true,"href":"https:\/\/visionciudadana.com.mx\/oficial\/wp-json\/wp\/v2\/categories?post=14210"},{"taxonomy":"post_tag","embeddable":true,"href":"https:\/\/visionciudadana.com.mx\/oficial\/wp-json\/wp\/v2\/tags?post=14210"},{"taxonomy":"author","embeddable":true,"href":"https:\/\/visionciudadana.com.mx\/oficial\/wp-json\/wp\/v2\/ppma_author?post=14210"}],"curies":[{"name":"wp","href":"https:\/\/api.w.org\/{rel}","templated":true}]}}