{"id":14208,"date":"2020-09-17T21:51:26","date_gmt":"2020-09-17T21:51:26","guid":{"rendered":"https:\/\/visionciudadana.com.mx\/prueba\/2020\/09\/17\/respalda-pri-nueva-directora-de-ismujeres\/"},"modified":"2020-09-17T21:51:26","modified_gmt":"2020-09-17T21:51:26","slug":"respalda-pri-nueva-directora-de-ismujeres","status":"publish","type":"post","link":"https:\/\/visionciudadana.com.mx\/oficial\/2020\/09\/17\/respalda-pri-nueva-directora-de-ismujeres\/","title":{"rendered":"Respalda PRI nueva directora de ISMUJERES"},"content":{"rendered":"<p><img decoding=\"async\" style=\"display: block; margin-left: auto; margin-right: auto;\" src=\"images\/2020\/sept.20\/MONICA.PNG\" alt=\"MONICA\" \/><\/p>\n<div dir=\"ltr\">\n<p class=\"x_MsoNormal\" style=\"text-align: justify;\" align=\"right\"><span style=\"font-size: 14pt; font-family: arial, helvetica, sans-serif;\">Ante el apoyo a la propuesta del Ejecutivo para la direcci\u00f3n del Ismujeres, la diputada del PRI M\u00f3nica L\u00f3pez Hern\u00e1ndez hizo un exhorto a la Lic. Laura Gonz\u00e1lez Bon para que de inmediato profundice en las acciones para la defensa de los derechos y la dignidad de las mujeres.<\/span><\/p>\n<p style=\"text-align: justify;\">&nbsp;<\/p>\n<p class=\"x_MsoNormal\" style=\"text-align: justify;\"><span style=\"font-size: 14pt; font-family: arial, helvetica, sans-serif;\">La legisladora M\u00f3nica L\u00f3pez, destac\u00f3 que este apoyo permitir\u00e1 a la nueva funcionaria trabajar de manera coordinada con otras instituciones y organizaciones defensoras y promotoras de los derechos de la mujer, a fin de eficientar y ampliar los programas a favor de este sector.<\/span><\/p>\n<p style=\"text-align: justify;\">&nbsp;<\/p>\n<p class=\"x_MsoNormal\" style=\"text-align: justify;\"><span style=\"font-size: 14pt; font-family: arial, helvetica, sans-serif;\">Durante sesi\u00f3n p\u00fablica virtual, en su posicionamiento la diputada del PRI dijo que \u201cToca ahora fortalecer de manera integral los trabajos del instituto, desplegar las pol\u00edticas p\u00fablicas para profundizar las acciones en defensa de los derechos y la dignidad de las mujeres y trabajar de manera coordinada con otras instituciones y organizaciones defensoras y promotoras de los derechos humanos de las mujeres\u00bb.<\/span><\/p>\n<p style=\"text-align: justify;\">&nbsp;<\/p>\n<p class=\"x_MsoNormal\" style=\"text-align: justify;\"><span style=\"font-size: 14pt; font-family: arial, helvetica, sans-serif;\">\u201cCuando hay voluntad y compromiso, el trabajo legislativo es fruct\u00edfero, avanza, construye, reforma, innova y actualiza leyes y procedimientos legales, a\u00f1adiendo valor al ejercicio de lo p\u00fablico y consolidando nuestro ordenamiento democr\u00e1tico\u201d, se\u00f1al\u00f3.<\/span><\/p>\n<p style=\"text-align: justify;\">&nbsp;<\/p>\n<p class=\"x_MsoNormal\" style=\"text-align: justify;\"><span style=\"font-size: 14pt; font-family: arial, helvetica, sans-serif;\">La legisladora local L\u00f3pez Hern\u00e1ndez, indic\u00f3 que este ejercicio democr\u00e1tico entre todas las fuerzas pol\u00edticas representadas en el Congreso del Estado&nbsp; demuestra que cuando se privilegian las razones y los argumentos sobre las diferencias ideol\u00f3gicas se forjan acuerdos que redundan en beneficios para la ciudadan\u00eda y progreso para Sinaloa.<\/span><\/p>\n<p style=\"text-align: justify;\">&nbsp;<\/p>\n<p class=\"x_MsoNormal\" style=\"text-align: justify;\"><span style=\"font-size: 14pt; font-family: arial, helvetica, sans-serif;\">\u00abHemos logrado un acuerdo que si bien beneficia de manera general a toda la sociedad, pues contribuye a la construcci\u00f3n de un mundo m\u00e1s equitativo e igualitario, fortalece y legitima de manera directa a una instituci\u00f3n clave para la defensa de los derechos y la dignidad de las mujeres sinaloenses y a la par da paso a un clima de tolerancia, respeto mutuo y acuerdo construido con sensibilidad y responsabilidad pol\u00edtica\u00bb.<\/span><\/p>\n<p style=\"text-align: justify;\">&nbsp;<\/p>\n<p class=\"x_MsoNormal\" style=\"text-align: justify;\"><span style=\"font-size: 14pt; font-family: arial, helvetica, sans-serif;\">La diputada M\u00f3nica L\u00f3pez Hern\u00e1ndez insisti\u00f3 en que por encima de desacuerdos y divergencias sobre temas de la agenda p\u00fablica local y nacional, este apoyo a la nueva directora del ISMUJERES demuestra que los diferentes grupos parlamentarios pueden alcanzar acuerdos, acercando posiciones y encontrando un campo com\u00fan de entendimiento <\/span><\/p>\n<p style=\"text-align: justify;\">&nbsp;<\/p>\n<p class=\"x_MsoNormal\" style=\"text-align: justify;\"><span style=\"font-size: 14pt; font-family: arial, helvetica, sans-serif;\">Cu\u00e1ndo se trata de garantizar el ejercicio pleno de todos los derechos de las mujeres y su participaci\u00f3n igualitaria en la toma de decisiones desde todos los \u00e1mbitos y niveles de la vida p\u00fablica.<\/span><\/p>\n<p style=\"text-align: justify;\">&nbsp;<\/p>\n<p style=\"text-align: justify;\">&nbsp;<\/p>\n<p style=\"text-align: justify;\"><span style=\"font-size: 14pt; font-family: arial, helvetica, sans-serif;\">REDACCI\u00d3N\/VISI\u00d3N CIUDADANA.<\/span><\/p>\n<\/div>\n<p style=\"text-align: justify;\"><span style=\"font-size: 14pt; font-family: arial, helvetica, sans-serif;\"><\/span><\/p>\n","protected":false},"excerpt":{"rendered":"<p>Ante el apoyo a la propuesta del Ejecutivo para la direcci\u00f3n del Ismujeres, la diputada del PRI M\u00f3nica L\u00f3pez Hern\u00e1ndez hizo un exhorto a la Lic. Laura Gonz\u00e1lez Bon para que de inmediato profundice en las acciones para la defensa de los derechos y la dignidad de las mujeres. &nbsp; La legisladora M\u00f3nica L\u00f3pez, destac\u00f3 [&hellip;]<\/p>\n","protected":false},"author":1,"featured_media":5632,"comment_status":"open","ping_status":"closed","sticky":false,"template":"","format":"standard","meta":{"footnotes":""},"categories":[24],"tags":[],"ppma_author":[31],"class_list":["post-14208","post","type-post","status-publish","format-standard","has-post-thumbnail","hentry","category-relevantes"],"aioseo_notices":[],"authors":[{"term_id":31,"user_id":1,"is_guest":0,"slug":"ivan3vino","display_name":"Iv\u00e1n Trevi\u00f1o","avatar_url":{"url":"https:\/\/visionciudadana.com.mx\/oficial\/wp-content\/uploads\/2025\/09\/columna-ivan-Trevino.png","url2x":"https:\/\/visionciudadana.com.mx\/oficial\/wp-content\/uploads\/2025\/09\/columna-ivan-Trevino.png"},"0":null,"1":"","2":"","3":"","4":"","5":"","6":"","7":"","8":""}],"_links":{"self":[{"href":"https:\/\/visionciudadana.com.mx\/oficial\/wp-json\/wp\/v2\/posts\/14208","targetHints":{"allow":["GET"]}}],"collection":[{"href":"https:\/\/visionciudadana.com.mx\/oficial\/wp-json\/wp\/v2\/posts"}],"about":[{"href":"https:\/\/visionciudadana.com.mx\/oficial\/wp-json\/wp\/v2\/types\/post"}],"author":[{"embeddable":true,"href":"https:\/\/visionciudadana.com.mx\/oficial\/wp-json\/wp\/v2\/users\/1"}],"replies":[{"embeddable":true,"href":"https:\/\/visionciudadana.com.mx\/oficial\/wp-json\/wp\/v2\/comments?post=14208"}],"version-history":[{"count":0,"href":"https:\/\/visionciudadana.com.mx\/oficial\/wp-json\/wp\/v2\/posts\/14208\/revisions"}],"wp:featuredmedia":[{"embeddable":true,"href":"https:\/\/visionciudadana.com.mx\/oficial\/wp-json\/wp\/v2\/posts\/5632"}],"wp:attachment":[{"href":"https:\/\/visionciudadana.com.mx\/oficial\/wp-json\/wp\/v2\/media?parent=14208"}],"wp:term":[{"taxonomy":"category","embeddable":true,"href":"https:\/\/visionciudadana.com.mx\/oficial\/wp-json\/wp\/v2\/categories?post=14208"},{"taxonomy":"post_tag","embeddable":true,"href":"https:\/\/visionciudadana.com.mx\/oficial\/wp-json\/wp\/v2\/tags?post=14208"},{"taxonomy":"author","embeddable":true,"href":"https:\/\/visionciudadana.com.mx\/oficial\/wp-json\/wp\/v2\/ppma_author?post=14208"}],"curies":[{"name":"wp","href":"https:\/\/api.w.org\/{rel}","templated":true}]}}