{"id":14207,"date":"2020-09-17T21:47:51","date_gmt":"2020-09-17T21:47:51","guid":{"rendered":"https:\/\/visionciudadana.com.mx\/prueba\/2020\/09\/17\/el-pas-lleva-a-cabo-su-6ta-reunion-para-validar-estructura-de-comites-seccionales\/"},"modified":"2020-09-17T21:47:51","modified_gmt":"2020-09-17T21:47:51","slug":"el-pas-lleva-a-cabo-su-6ta-reunion-para-validar-estructura-de-comites-seccionales","status":"publish","type":"post","link":"https:\/\/visionciudadana.com.mx\/oficial\/2020\/09\/17\/el-pas-lleva-a-cabo-su-6ta-reunion-para-validar-estructura-de-comites-seccionales\/","title":{"rendered":"El PAS lleva a cabo su 6ta. reuni\u00f3n para validar estructura de comit\u00e9s seccionales"},"content":{"rendered":"<p><img decoding=\"async\" style=\"display: block; margin-left: auto; margin-right: auto;\" src=\"images\/2020\/sept.20\/valida_seccionales.PNG\" alt=\"valida seccionales\" \/><\/p>\n<div><span style=\"font-size: 14pt; font-family: arial, helvetica, sans-serif;\">Correspondi\u00f3 a Am\u00e9rica Cynthia Carrasco Valenzuela, presidente del Comit\u00e9 Directivo Municipal de Mazatl\u00e1n, Melina Marbella Elenes Liz\u00e1rraga, coordinadora del distrito 22 y Rafael Mendoza Zatarain, delegado pol\u00edtico del sur, informar los resultados del proceso de validaci\u00f3n territorial de los Comit\u00e9s Seccionales del distrito 22, y lo hicieron partiendo de una frase que ha generalizado el maestro Cu\u00e9n Ojeda; \u201cUn partido sin estructura, pobre partido\u201d, y que evidentemente no es el caso del PAS, pues al contrario con los resultados que estamos brindando se est\u00e1 demostrando que nuestro partido tiene una s\u00f3lida estructura territorial.<\/span><br \/><span style=\"font-size: 14pt; font-family: arial, helvetica, sans-serif;\"><\/span><\/div>\n<div><span style=\"font-size: 14pt; font-family: arial, helvetica, sans-serif;\">Cu\u00e9n Ojeda expres\u00f3 su benepl\u00e1cito por los resultados vertidos. \u201cEl distrito 22 se ubica centralmente en el puerto de Mazatl\u00e1n, lo conforman 289 colonias, algunas de ellas son 20 de Noviembre, Reforma, Montuosa, Ju\u00e1rez, Santa Elena, Venustiano Carranza, Esperanza, Estero, Reforma, Ferrocarrilera, etc., hay un padr\u00f3n electoral de 94,595 electores de un total de 350,793 que hay en Mazatl\u00e1n, se ubicar\u00e1n 212 casillas electorales de 719 y tiene registrado 1687 manzanas de un total de 10,245\u201d, expres\u00f3 el dirigente del PAS.<\/span><br \/><span style=\"font-size: 14pt; font-family: arial, helvetica, sans-serif;\"><\/span><\/div>\n<div><span style=\"font-size: 14pt; font-family: arial, helvetica, sans-serif;\">El PAS en este distrito ha definido tener 21 subcomit\u00e9s los cuales est\u00e1n totalmente validados, 189 comit\u00e9s seccionales de los cuales se tienen registrados en plataforma 187, es decir un avance del 98.94 %, pero, adem\u00e1s de las 212 casillas que se instalar\u00e1n en este distrito, nuestro organismo ya tiene registrado los 212 representantes que defender\u00e1n los intereses del partido, es decir un 100 %, expres\u00f3 Cu\u00e9n Ojeda.<\/span><\/div>\n<div><span style=\"font-size: 14pt; font-family: arial, helvetica, sans-serif;\"><\/span><br \/><span style=\"font-size: 14pt; font-family: arial, helvetica, sans-serif;\">Los avances mostrados son extraordinarios, indican que estamos preparados para competir en las elecciones del 2021, y lo haremos con toda la confianza que obtendremos muy buenos resultados, de eso no tenemos la menor duda.<\/span><br \/><span style=\"font-size: 14pt; font-family: arial, helvetica, sans-serif;\"><\/span><\/div>\n<div><span style=\"font-size: 14pt; font-family: arial, helvetica, sans-serif;\">Cu\u00e9n Ojeda tambi\u00e9n inform\u00f3 que a nivel estatal ya se tienen de \u201ccarne y hueso\u201d los 630 subcomit\u00e9s, de los 3622 comit\u00e9s seccionales posibles a conformar por las condiciones de seguridad, sobre todo, ya se tienen organizados 3315, es decir el 91.52 %, lo cual es un excelente resultado.&nbsp;Los representantes jur\u00eddicos ante los \u00f3rganos electorales de nuestro partido est\u00e1n al 100%, para este distrito son 4 abogados los que se registrar\u00e1n una vez que inicie el proceso electoral.<\/span><\/div>\n<div>\n<p><span style=\"font-size: 14pt; font-family: arial, helvetica, sans-serif;\">Por hoy un dato final, el Instituto Nacional Electoral, ya formaliz\u00f3 que el PAS tiene 145 mil 941 afiliados. 25,5 veces m\u00e1s de lo que necesita un partido local para mantener su registro &nbsp;<\/span><br \/><span style=\"font-size: 14pt; font-family: arial, helvetica, sans-serif;\"><\/span><\/div>\n<div><span style=\"font-size: 14pt; font-family: arial, helvetica, sans-serif;\">Finalmente, en la sala de trabajo zoom se registraron 650&nbsp;integrantes de los seccionales, que sumando a los dirigentes estatales, municipales, delegados pol\u00edticos de subcomit\u00e9s y operativos se tuvo una asistencia total de 723.<\/span><\/div>\n<div>&nbsp;<\/div>\n<div>&nbsp;<\/div>\n<div>&nbsp;<\/div>\n","protected":false},"excerpt":{"rendered":"<p>Correspondi\u00f3 a Am\u00e9rica Cynthia Carrasco Valenzuela, presidente del Comit\u00e9 Directivo Municipal de Mazatl\u00e1n, Melina Marbella Elenes Liz\u00e1rraga, coordinadora del distrito 22 y Rafael Mendoza Zatarain, delegado pol\u00edtico del sur, informar los resultados del proceso de validaci\u00f3n territorial de los Comit\u00e9s Seccionales del distrito 22, y lo hicieron partiendo de una frase que ha generalizado el [&hellip;]<\/p>\n","protected":false},"author":1,"featured_media":5630,"comment_status":"open","ping_status":"closed","sticky":false,"template":"","format":"standard","meta":{"footnotes":""},"categories":[13],"tags":[],"ppma_author":[31],"class_list":["post-14207","post","type-post","status-publish","format-standard","has-post-thumbnail","hentry","category-locales"],"aioseo_notices":[],"authors":[{"term_id":31,"user_id":1,"is_guest":0,"slug":"ivan3vino","display_name":"Iv\u00e1n Trevi\u00f1o","avatar_url":{"url":"https:\/\/visionciudadana.com.mx\/oficial\/wp-content\/uploads\/2025\/09\/columna-ivan-Trevino.png","url2x":"https:\/\/visionciudadana.com.mx\/oficial\/wp-content\/uploads\/2025\/09\/columna-ivan-Trevino.png"},"0":null,"1":"","2":"","3":"","4":"","5":"","6":"","7":"","8":""}],"_links":{"self":[{"href":"https:\/\/visionciudadana.com.mx\/oficial\/wp-json\/wp\/v2\/posts\/14207","targetHints":{"allow":["GET"]}}],"collection":[{"href":"https:\/\/visionciudadana.com.mx\/oficial\/wp-json\/wp\/v2\/posts"}],"about":[{"href":"https:\/\/visionciudadana.com.mx\/oficial\/wp-json\/wp\/v2\/types\/post"}],"author":[{"embeddable":true,"href":"https:\/\/visionciudadana.com.mx\/oficial\/wp-json\/wp\/v2\/users\/1"}],"replies":[{"embeddable":true,"href":"https:\/\/visionciudadana.com.mx\/oficial\/wp-json\/wp\/v2\/comments?post=14207"}],"version-history":[{"count":0,"href":"https:\/\/visionciudadana.com.mx\/oficial\/wp-json\/wp\/v2\/posts\/14207\/revisions"}],"wp:featuredmedia":[{"embeddable":true,"href":"https:\/\/visionciudadana.com.mx\/oficial\/wp-json\/wp\/v2\/posts\/5630"}],"wp:attachment":[{"href":"https:\/\/visionciudadana.com.mx\/oficial\/wp-json\/wp\/v2\/media?parent=14207"}],"wp:term":[{"taxonomy":"category","embeddable":true,"href":"https:\/\/visionciudadana.com.mx\/oficial\/wp-json\/wp\/v2\/categories?post=14207"},{"taxonomy":"post_tag","embeddable":true,"href":"https:\/\/visionciudadana.com.mx\/oficial\/wp-json\/wp\/v2\/tags?post=14207"},{"taxonomy":"author","embeddable":true,"href":"https:\/\/visionciudadana.com.mx\/oficial\/wp-json\/wp\/v2\/ppma_author?post=14207"}],"curies":[{"name":"wp","href":"https:\/\/api.w.org\/{rel}","templated":true}]}}