{"id":14206,"date":"2020-09-17T21:44:23","date_gmt":"2020-09-17T21:44:23","guid":{"rendered":"https:\/\/visionciudadana.com.mx\/prueba\/2020\/09\/17\/conmemora-quirino-inicio-de-la-independencia-de-mexico\/"},"modified":"2020-09-17T21:44:23","modified_gmt":"2020-09-17T21:44:23","slug":"conmemora-quirino-inicio-de-la-independencia-de-mexico","status":"publish","type":"post","link":"https:\/\/visionciudadana.com.mx\/oficial\/2020\/09\/17\/conmemora-quirino-inicio-de-la-independencia-de-mexico\/","title":{"rendered":"Conmemora Quirino inicio de la independencia de M\u00e9xico"},"content":{"rendered":"<p><img decoding=\"async\" style=\"display: block; margin-left: auto; margin-right: auto;\" src=\"images\/2020\/sept.20\/independenci.PNG\" alt=\"independenci\" \/><\/p>\n<p class=\"x_MsoNormal\" style=\"text-align: justify;\"><span style=\"font-size: 14pt; font-family: arial, helvetica, sans-serif;\">Para conmemorar el 210 aniversario del inicio de la Independencia de M\u00e9xico, el gobernador Quirino Ordaz Coppel, dio el tradicional Grito y replic\u00f3 la campana desde el balc\u00f3n de Palacio de Gobierno, tal como lo hiciera la noche del 15 de septiembre de 1810 el cura don Miguel Hidalgo y Costilla en su llamado al pueblo para luchar por la patria y libertad de la que ahora gozamos los mexicanos.<\/span><\/p>\n<p style=\"text-align: justify;\">&nbsp;<\/p>\n<p class=\"x_MsoNormal\" style=\"text-align: justify;\"><span style=\"font-size: 14pt; font-family: arial, helvetica, sans-serif;\">Cabe destacar que se trat\u00f3 de una ceremonia muy inusual, diferente a las ceremonias multitudinarias que cada a\u00f1o hab\u00edan congregado a m\u00e1s de 20 mil personas en la explanada de Palacio de Gobierno, y en esta ocasi\u00f3n, solamente asistieron 500 invitados, para observar el protocolo y las medidas de sana distancia recomendadas por la Secretar\u00eda de Salud, a fin de evitar contagios del COVID 19, ceremonia que se transmiti\u00f3 tambi\u00e9n a trav\u00e9s de las redes sociales del Gobierno del Estado.<\/span><\/p>\n<p style=\"text-align: justify;\">&nbsp;<\/p>\n<p class=\"x_MsoNormal\" style=\"text-align: justify;\"><span style=\"font-size: 14pt; font-family: arial, helvetica, sans-serif;\">En punto de las 11 de la noche, el mandatario estatal recibi\u00f3 el l\u00e1baro patrio de manos de una escolta de soldados de la Novena Zona Militar, y al lado de su familia, y autoridades civiles y militares, se dirigi\u00f3 al pueblo sinaloense con las siguientes emotivas palabras:<\/span><\/p>\n<p style=\"text-align: justify;\">&nbsp;<\/p>\n<p class=\"x_MsoNormal\" style=\"text-align: justify;\"><span style=\"font-size: 14pt; font-family: arial, helvetica, sans-serif;\">\u201cSinaloenses, vivan los h\u00e9roes que nos dieron patria y libertad, viva Hidalgo, viva Morelos, viva la Corregidora Josefa Ortiz de Dom\u00ednguez, viva Allende, viva Aldama, viva Matamoros, viva Guerrero, viva el personal de salud de Sinaloa, viva la Independencia Nacional, viva M\u00e9xico, viva M\u00e9xico, viva M\u00e9xico, viva Sinaloa, Puro Sinaloa\u201d.<\/span><\/p>\n<p style=\"text-align: justify;\">&nbsp;<\/p>\n<p class=\"x_MsoNormal\" style=\"text-align: justify;\"><span style=\"font-size: 14pt; font-family: arial, helvetica, sans-serif;\">Previamente, durante una entrevista con conductores de las cuatro televisoras locales, donde estuvo acompa\u00f1ado por su esposa, Rosy Fuentes de Ordaz, el gobernador Quirino Ordaz Coppel, dijo que \u00e9sta es la ceremonia m\u00e1s importante que tenemos los mexicanos, y ante una situaci\u00f3n tan in\u00e9dita y diferente como la vivida actualmente debido a la contingencia sanitaria del COVID, consider\u00f3 que no se pod\u00eda dejar de tener este evento en el que se recuerda y reconoce a los h\u00e9roes que nos dieron patria y libertad.<\/span><\/p>\n<p class=\"x_MsoNormal\" style=\"text-align: justify;\"><span style=\"font-family: arial, helvetica, sans-serif; font-size: 14pt;\"><\/span><\/p>\n<p class=\"x_MsoNormal\" style=\"text-align: justify;\"><span style=\"font-size: 14pt; font-family: arial, helvetica, sans-serif;\">\u201cCiertamente estamos privilegiando el que sea una ceremonia virtual, transmitida a trav\u00e9s de las redes sociales y la televisi\u00f3n, con una asistencia muy limitada, con representantes de los diferentes Poderes del Estado, pues para nosotros es algo muy especial, por eso es que decidimos llevarla a cabo\u201d, coment\u00f3.<\/span><\/p>\n<p style=\"text-align: justify;\">&nbsp;<\/p>\n<p class=\"x_MsoNormal\" style=\"text-align: justify;\"><span style=\"font-size: 14pt; font-family: arial, helvetica, sans-serif;\">La ceremonia concluy\u00f3 con el tradicional espect\u00e1culo de fuegos pirot\u00e9cnicos que iluminaron de colores patrios el negro cielo de la noche, para el deleite de los asistentes a la explanada de Palacio de Gobierno, que guardaron una sana distancia entre s\u00ed.<\/span><\/p>\n<p style=\"text-align: justify;\">&nbsp;<\/p>\n<p class=\"x_MsoNormal\" style=\"text-align: justify;\"><span style=\"font-size: 14pt; font-family: arial, helvetica, sans-serif;\">Acompa\u00f1aron al gobernador Quirino Ordaz Coppel, el presidente del Supremo Tribunal de Justicia, magistrado Enrique Inzunza C\u00e1zarez; la presidenta de la Junta de Coordinaci\u00f3n Pol\u00edtica del Congreso del Estado, diputada Graciela Dom\u00ednguez Nava, y tambi\u00e9n la presidenta de la Mesa Directiva, diputada Gloria Himelda F\u00e9lix Niebla; el presidente municipal de Culiac\u00e1n, Jes\u00fas Estrada Ferreiro; y el comandante de la Novena Zona Militar, general de Brigada, Maximiliano Cruz Ramos.<\/span><\/p>\n<p style=\"text-align: justify;\">&nbsp;<\/p>\n<p style=\"text-align: justify;\">&nbsp;<\/p>\n<p style=\"text-align: justify;\"><span style=\"font-size: 14pt; font-family: arial, helvetica, sans-serif;\">REDACCI\u00d3N\/VISI\u00d3N CIUDADANA.<\/span><\/p>\n","protected":false},"excerpt":{"rendered":"<p>Para conmemorar el 210 aniversario del inicio de la Independencia de M\u00e9xico, el gobernador Quirino Ordaz Coppel, dio el tradicional Grito y replic\u00f3 la campana desde el balc\u00f3n de Palacio de Gobierno, tal como lo hiciera la noche del 15 de septiembre de 1810 el cura don Miguel Hidalgo y Costilla en su llamado al [&hellip;]<\/p>\n","protected":false},"author":1,"featured_media":5628,"comment_status":"open","ping_status":"closed","sticky":false,"template":"","format":"standard","meta":{"footnotes":""},"categories":[13],"tags":[],"ppma_author":[31],"class_list":["post-14206","post","type-post","status-publish","format-standard","has-post-thumbnail","hentry","category-locales"],"aioseo_notices":[],"authors":[{"term_id":31,"user_id":1,"is_guest":0,"slug":"ivan3vino","display_name":"Iv\u00e1n Trevi\u00f1o","avatar_url":{"url":"https:\/\/visionciudadana.com.mx\/oficial\/wp-content\/uploads\/2025\/09\/columna-ivan-Trevino.png","url2x":"https:\/\/visionciudadana.com.mx\/oficial\/wp-content\/uploads\/2025\/09\/columna-ivan-Trevino.png"},"0":null,"1":"","2":"","3":"","4":"","5":"","6":"","7":"","8":""}],"_links":{"self":[{"href":"https:\/\/visionciudadana.com.mx\/oficial\/wp-json\/wp\/v2\/posts\/14206","targetHints":{"allow":["GET"]}}],"collection":[{"href":"https:\/\/visionciudadana.com.mx\/oficial\/wp-json\/wp\/v2\/posts"}],"about":[{"href":"https:\/\/visionciudadana.com.mx\/oficial\/wp-json\/wp\/v2\/types\/post"}],"author":[{"embeddable":true,"href":"https:\/\/visionciudadana.com.mx\/oficial\/wp-json\/wp\/v2\/users\/1"}],"replies":[{"embeddable":true,"href":"https:\/\/visionciudadana.com.mx\/oficial\/wp-json\/wp\/v2\/comments?post=14206"}],"version-history":[{"count":0,"href":"https:\/\/visionciudadana.com.mx\/oficial\/wp-json\/wp\/v2\/posts\/14206\/revisions"}],"wp:featuredmedia":[{"embeddable":true,"href":"https:\/\/visionciudadana.com.mx\/oficial\/wp-json\/wp\/v2\/media\/5628"}],"wp:attachment":[{"href":"https:\/\/visionciudadana.com.mx\/oficial\/wp-json\/wp\/v2\/media?parent=14206"}],"wp:term":[{"taxonomy":"category","embeddable":true,"href":"https:\/\/visionciudadana.com.mx\/oficial\/wp-json\/wp\/v2\/categories?post=14206"},{"taxonomy":"post_tag","embeddable":true,"href":"https:\/\/visionciudadana.com.mx\/oficial\/wp-json\/wp\/v2\/tags?post=14206"},{"taxonomy":"author","embeddable":true,"href":"https:\/\/visionciudadana.com.mx\/oficial\/wp-json\/wp\/v2\/ppma_author?post=14206"}],"curies":[{"name":"wp","href":"https:\/\/api.w.org\/{rel}","templated":true}]}}