{"id":14204,"date":"2020-09-17T21:32:43","date_gmt":"2020-09-17T21:32:43","guid":{"rendered":"https:\/\/visionciudadana.com.mx\/prueba\/2020\/09\/17\/firma-quirino-convenio-con-la-uas-para-inversion-de-infraestructura-educativa\/"},"modified":"2020-09-17T21:32:43","modified_gmt":"2020-09-17T21:32:43","slug":"firma-quirino-convenio-con-la-uas-para-inversion-de-infraestructura-educativa","status":"publish","type":"post","link":"https:\/\/visionciudadana.com.mx\/oficial\/2020\/09\/17\/firma-quirino-convenio-con-la-uas-para-inversion-de-infraestructura-educativa\/","title":{"rendered":"Firma Quirino convenio con la UAS para inversi\u00f3n de infraestructura educativa"},"content":{"rendered":"<p><img decoding=\"async\" style=\"display: block; margin-left: auto; margin-right: auto;\" src=\"images\/2020\/sept.20\/firma_gober_y_rect.PNG\" alt=\"firma gober y rect\" \/><\/p>\n<div>\n<p class=\"x_MsoNormal\" style=\"text-align: justify;\"><span style=\"font-size: 14pt; font-family: arial, helvetica, sans-serif;\">El gobernador Quirino Ordaz Coppel y el rector de la Universidad Aut\u00f3noma de Sinaloa, Juan Eulogio Guerra Liera, firmaron un convenio mediante el cual se formaliza una inversi\u00f3n de 96.7 millones de pesos, que ser\u00e1n utilizados para la construcci\u00f3n de aulas, laboratorios, m\u00f3dulos sanitarios e instalaciones el\u00e9ctricas, adem\u00e1s para la realizaci\u00f3n y equipamiento de un auditorio y de un centro de pr\u00e1cticas profesionales.<\/span><\/p>\n<p style=\"text-align: justify;\">&nbsp;<\/p>\n<p class=\"x_MsoNormal\" style=\"text-align: justify;\"><span style=\"font-size: 14pt; font-family: arial, helvetica, sans-serif;\">El acuerdo firmado a trav\u00e9s del Convenio del Fondo de Aportaciones M\u00faltiples (FAM) con la Universidad Aut\u00f3noma de Sinaloa, contempla recursos por 61 millones proyectados para este a\u00f1o, al cual se le adicionan 35.7 millones los cuales se aplicar\u00e1n en nivel bachillerato y universidad.<\/span><\/p>\n<p style=\"text-align: justify;\">&nbsp;<\/p>\n<p class=\"x_MsoNormal\" style=\"text-align: justify;\"><span style=\"font-size: 14pt; font-family: arial, helvetica, sans-serif;\">En su intervenci\u00f3n el gobernador Quirino Ordaz Coppel, expres\u00f3 que la UAS es el alma m\u00e1ter m\u00e1s importante de los sinaloenses, afirmando que los 96 millones que se invertir\u00e1n en la universidad, es un monto importante en estos momentos de crisis econ\u00f3mica, asegurando que no escatimar\u00e1 apoyos y recursos para priorizar la modernizaci\u00f3n y rehabilitaci\u00f3n de la infraestructura, lo cual le dar\u00e1 mayor capacidad de respuesta.<\/span><\/p>\n<p style=\"text-align: justify;\">&nbsp;<\/p>\n<p class=\"x_MsoNormal\" style=\"text-align: justify;\"><span style=\"font-size: 14pt; font-family: arial, helvetica, sans-serif;\">\u201cLa universidad tiene gran estabilidad, tiene ese gran posicionamiento y reconocimiento, para nosotros es fundamental seguir trabajando en equipo. Para m\u00ed la universidad es important\u00edsima, yo los llevo en mi coraz\u00f3n, y sobre todo soy su amigo y tambi\u00e9n su aliado\u201d, expres\u00f3.<\/span><\/p>\n<p style=\"text-align: justify;\">&nbsp;<\/p>\n<p class=\"x_MsoNormal\" style=\"text-align: justify;\"><span style=\"font-size: 14pt; font-family: arial, helvetica, sans-serif;\">Quirino Ordaz, reconoci\u00f3 el trabajo del rector Juan Eulogio Guerra Liera, por poner en alto el nombre de la universidad no s\u00f3lo a nivel nacional, tambi\u00e9n en el campo internacional.<\/span><\/p>\n<p style=\"text-align: justify;\">&nbsp;<\/p>\n<p class=\"x_MsoNormal\" style=\"text-align: justify;\"><span style=\"font-size: 14pt; font-family: arial, helvetica, sans-serif;\">En su intervenci\u00f3n, el rector de la UAS Juan Eulogio Guerra Liera, destac\u00f3 el equipo que ha hecho con el gobernador Quirino Ordaz, por garantizar la salud pero tambi\u00e9n por no detener la educaci\u00f3n durante la pandemia, otorgando 35.7 millones de pesos adicionales, para la terminaci\u00f3n de un centro de investigaci\u00f3n de la salud en Culiac\u00e1n y la construcci\u00f3n de un gimnasio en Mazatl\u00e1n.<\/span><\/p>\n<p style=\"text-align: justify;\">&nbsp;<\/p>\n<p class=\"x_MsoNormal\" style=\"text-align: justify;\"><span style=\"font-size: 14pt; font-family: arial, helvetica, sans-serif;\">\u201cUno de los aspectos m\u00e1s delicados en educaci\u00f3n, tiene que ver en las condiciones en las que se atienden a nuestros estudiantes, hay exigencia en infraestructura, hay exigencias en laboratorios, laboratorios de c\u00f3mputo, y otros aspectos que tienen que ver con la ciencia y el deporte\u201d, coment\u00f3.<\/span><\/p>\n<p style=\"text-align: justify;\">&nbsp;<\/p>\n<p class=\"x_MsoNormal\" style=\"text-align: justify;\"><span style=\"font-size: 14pt; font-family: arial, helvetica, sans-serif;\">Por su parte, el director del ISIFE, \u00c1lvaro Ruelas Echave, explic\u00f3 que dicho convenio de participaci\u00f3n servir\u00e1 para construir nuevas aulas, laboratorios, instalaciones sanitarias y el\u00e9ctricas, sumando un total de 911 millones para educaci\u00f3n superior, en lo que va de la administraci\u00f3n.<\/span><\/p>\n<p style=\"text-align: justify;\">&nbsp;<\/p>\n<p class=\"x_MsoNormal\" style=\"text-align: justify;\"><span style=\"font-size: 14pt; font-family: arial, helvetica, sans-serif;\">\u201cDe esta manera estaremos ayudando a nivel medio superior (bachillerato), y tambi\u00e9n esta inversi\u00f3n va para el nivel superior en especial para inversiones que se realizar\u00e1n en municipio de Culiac\u00e1n y Mazatl\u00e1n\u201d, detall\u00f3.<\/span><\/p>\n<p style=\"text-align: justify;\">&nbsp;<\/p>\n<p class=\"x_MsoNormal\" style=\"text-align: justify;\"><span style=\"font-size: 14pt; font-family: arial, helvetica, sans-serif;\">En su turno, el secretario de Educaci\u00f3n P\u00fablica y Cultura, Juan Alfonso Mej\u00eda L\u00f3pez resalt\u00f3 que el Gobierno de Quirino Ordaz Coppel defiende la igualdad y la b\u00fasqueda de oportunidades, destacando que invertir en educaci\u00f3n, significa invertir en salud y en capital humano, en la gente.<\/span><\/p>\n<p style=\"text-align: justify;\">&nbsp;<\/p>\n<p class=\"x_MsoNormal\" style=\"text-align: justify;\"><span style=\"font-size: 14pt; font-family: arial, helvetica, sans-serif;\">\u201cParticularmente que en este momento se est\u00e9 firmando un convenio de esta naturaleza, de inversi\u00f3n a la educaci\u00f3n no es fortuito, una y otra vez no me cansar\u00e9 de decir lo que significa pertenecer a un gobierno que tiene rostro humano\u201d, dijo.<\/span><\/p>\n<p style=\"text-align: justify;\">&nbsp;<\/p>\n<p class=\"x_MsoNormal\" style=\"text-align: justify;\"><span style=\"font-size: 14pt; font-family: arial, helvetica, sans-serif;\">Con los recursos de este convenio, en bachillerato se atender\u00e1n los municipios de Mazatl\u00e1n y Culiac\u00e1n con la construcci\u00f3n de aulas, laboratorios, m\u00f3dulos sanitarios e instalaciones el\u00e9ctricas.<\/span><\/p>\n<p style=\"text-align: justify;\">&nbsp;<\/p>\n<p class=\"x_MsoNormal\" style=\"text-align: justify;\"><span style=\"font-size: 14pt; font-family: arial, helvetica, sans-serif;\">Para el grado universitario se tiene programado la construcci\u00f3n y equipamiento de un auditorio y un centro de pr\u00e1cticas profesionales.<\/span><\/p>\n<p style=\"text-align: justify;\">&nbsp;<\/p>\n<p style=\"text-align: justify;\">&nbsp;<\/p>\n<p style=\"text-align: justify;\"><span style=\"font-size: 14pt; font-family: arial, helvetica, sans-serif;\">REDACCI\u00d3N\/VISI\u00d3N CIUDADANA.<\/span><\/p>\n<\/div>\n<div style=\"text-align: justify;\"><span style=\"font-size: 14pt; font-family: arial, helvetica, sans-serif;\"><\/span><\/div>\n","protected":false},"excerpt":{"rendered":"<p>El gobernador Quirino Ordaz Coppel y el rector de la Universidad Aut\u00f3noma de Sinaloa, Juan Eulogio Guerra Liera, firmaron un convenio mediante el cual se formaliza una inversi\u00f3n de 96.7 millones de pesos, que ser\u00e1n utilizados para la construcci\u00f3n de aulas, laboratorios, m\u00f3dulos sanitarios e instalaciones el\u00e9ctricas, adem\u00e1s para la realizaci\u00f3n y equipamiento de un [&hellip;]<\/p>\n","protected":false},"author":1,"featured_media":5624,"comment_status":"open","ping_status":"closed","sticky":false,"template":"","format":"standard","meta":{"footnotes":""},"categories":[24],"tags":[],"ppma_author":[31],"class_list":["post-14204","post","type-post","status-publish","format-standard","has-post-thumbnail","hentry","category-relevantes"],"aioseo_notices":[],"authors":[{"term_id":31,"user_id":1,"is_guest":0,"slug":"ivan3vino","display_name":"Iv\u00e1n Trevi\u00f1o","avatar_url":{"url":"https:\/\/visionciudadana.com.mx\/oficial\/wp-content\/uploads\/2025\/09\/columna-ivan-Trevino.png","url2x":"https:\/\/visionciudadana.com.mx\/oficial\/wp-content\/uploads\/2025\/09\/columna-ivan-Trevino.png"},"0":null,"1":"","2":"","3":"","4":"","5":"","6":"","7":"","8":""}],"_links":{"self":[{"href":"https:\/\/visionciudadana.com.mx\/oficial\/wp-json\/wp\/v2\/posts\/14204","targetHints":{"allow":["GET"]}}],"collection":[{"href":"https:\/\/visionciudadana.com.mx\/oficial\/wp-json\/wp\/v2\/posts"}],"about":[{"href":"https:\/\/visionciudadana.com.mx\/oficial\/wp-json\/wp\/v2\/types\/post"}],"author":[{"embeddable":true,"href":"https:\/\/visionciudadana.com.mx\/oficial\/wp-json\/wp\/v2\/users\/1"}],"replies":[{"embeddable":true,"href":"https:\/\/visionciudadana.com.mx\/oficial\/wp-json\/wp\/v2\/comments?post=14204"}],"version-history":[{"count":0,"href":"https:\/\/visionciudadana.com.mx\/oficial\/wp-json\/wp\/v2\/posts\/14204\/revisions"}],"wp:featuredmedia":[{"embeddable":true,"href":"https:\/\/visionciudadana.com.mx\/oficial\/wp-json\/wp\/v2\/media\/5624"}],"wp:attachment":[{"href":"https:\/\/visionciudadana.com.mx\/oficial\/wp-json\/wp\/v2\/media?parent=14204"}],"wp:term":[{"taxonomy":"category","embeddable":true,"href":"https:\/\/visionciudadana.com.mx\/oficial\/wp-json\/wp\/v2\/categories?post=14204"},{"taxonomy":"post_tag","embeddable":true,"href":"https:\/\/visionciudadana.com.mx\/oficial\/wp-json\/wp\/v2\/tags?post=14204"},{"taxonomy":"author","embeddable":true,"href":"https:\/\/visionciudadana.com.mx\/oficial\/wp-json\/wp\/v2\/ppma_author?post=14204"}],"curies":[{"name":"wp","href":"https:\/\/api.w.org\/{rel}","templated":true}]}}