{"id":14203,"date":"2020-09-17T21:26:15","date_gmt":"2020-09-17T21:26:15","guid":{"rendered":"https:\/\/visionciudadana.com.mx\/prueba\/2020\/09\/17\/la-uas-seguira-en-dialogo-abierto-con-el-poder-legislativo-y-ejecutivo-para-acceder-a-recursos-que-requiere\/"},"modified":"2020-09-17T21:26:15","modified_gmt":"2020-09-17T21:26:15","slug":"la-uas-seguira-en-dialogo-abierto-con-el-poder-legislativo-y-ejecutivo-para-acceder-a-recursos-que-requiere","status":"publish","type":"post","link":"https:\/\/visionciudadana.com.mx\/oficial\/2020\/09\/17\/la-uas-seguira-en-dialogo-abierto-con-el-poder-legislativo-y-ejecutivo-para-acceder-a-recursos-que-requiere\/","title":{"rendered":"La UAS seguir\u00e1 en di\u00e1logo abierto con el poder Legislativo y Ejecutivo para acceder a recursos que requiere"},"content":{"rendered":"<p style=\"text-align: justify;\"><img decoding=\"async\" style=\"display: block; margin-left: auto; margin-right: auto;\" src=\"images\/2020\/sept.20\/recursos_que_req.PNG\" alt=\"recursos que req\" \/><\/p>\n<p style=\"text-align: justify;\"><i><span lang=\"ES\"><\/span><\/i>La&nbsp;<span lang=\"ES\">Universidad Aut\u00f3noma de Sinaloa (UAS) seguir\u00e1 en un di\u00e1logo abierto con los poderes Ejecutivo y Legislativo para acceder a los recursos que la misi\u00f3n de esta Casa de Estudios requiere, seguir\u00e1 impulsando su consolidaci\u00f3n y trabajando por la educaci\u00f3n y salud de todos, as\u00ed lo plante\u00f3 el Rector, doctor Juan Eulogio Guerra Liera durante el&nbsp;<\/span>mensaje conmemorativo del 210 Aniversario del inicio de la Independencia de M\u00e9xico.<\/p>\n<p style=\"text-align: justify;\">&nbsp;<\/p>\n<p class=\"x_MsoNormal\" style=\"text-align: justify;\"><span style=\"font-size: 14pt; font-family: arial, helvetica, sans-serif;\">A trav\u00e9s de las plataformas electr\u00f3nicas institucionales, el Rector encabez\u00f3 un acto c\u00edvico virtual para conmemorar esta fecha, fue la Banda Sinf\u00f3nica de la Universidad la que interpret\u00f3 el Himno Nacional y despu\u00e9s se guard\u00f3 un minuto de silencio en memoria de todos los que lamentablemente han perdido la batalla ante el Covid-19.<\/span><\/p>\n<p class=\"x_MsoNormal\" style=\"text-align: justify;\"><span lang=\"ES\" style=\"font-size: 14pt; font-family: arial, helvetica, sans-serif;\"><\/span><\/p>\n<p class=\"x_MsoNormal\" style=\"text-align: justify;\"><span style=\"font-size: 14pt; font-family: arial, helvetica, sans-serif;\">Guerra Liera expuso que hoy se vive un momento in\u00e9dito y que los universitarios siempre han estado a la altura de la historia, hoy ante la pandemia actuaron de manera inmediata, respondieron a la exigencia de una actitud innovadora y nunca les gan\u00f3 el cansancio o el miedo ante la exigencia de un trabajo arduo y eficiente, fieles a su esp\u00edritu de unidad.<\/span><\/p>\n<p style=\"text-align: justify;\">&nbsp;<\/p>\n<p class=\"x_MsoNormal\" style=\"text-align: justify;\"><span style=\"font-size: 14pt; font-family: arial, helvetica, sans-serif;\">\u201cLos meses que est\u00e1n por venir ser\u00e1n de un trabajo intenso, marcado por el compromiso que tenemos con la educaci\u00f3n, con los j\u00f3venes y con el porvenir, como instituci\u00f3n seguiremos coordin\u00e1ndonos con las autoridades para seguir aportando nuestras fortalezas al desarrollo integral de Sinaloa, seguiremos en un di\u00e1logo abierto con los poderes Ejecutivo y Legislativo para acceder a los recursos que nuestra misi\u00f3n requiere, seguiremos impulsando la consolidaci\u00f3n de nuestra instituci\u00f3n a partir del trabajo y bienestar de los universitarios, seguiremos trabajando por la educaci\u00f3n y la salud de todos\u201d, enfatiz\u00f3.<\/span><\/p>\n<p class=\"x_MsoNormal\" style=\"text-align: justify;\"><span lang=\"ES\" style=\"font-size: 14pt; font-family: arial, helvetica, sans-serif;\"><\/span><\/p>\n<p class=\"x_MsoNormal\" style=\"text-align: justify;\"><span style=\"font-size: 14pt; font-family: arial, helvetica, sans-serif;\">El Rector consider\u00f3 que algo digno de reconocimiento es la apertura que se ha encontrado en los senadores de la Rep\u00fablica y los diputados federales de todos los grupos parlamentarios, que a trav\u00e9s de la ANUIES han recibido a los rectores para establecer un di\u00e1logo permanente y productivo.<\/span><\/p>\n<p style=\"text-align: justify;\">&nbsp;<\/p>\n<p class=\"x_MsoNormal\" style=\"text-align: justify;\"><span style=\"font-size: 14pt; font-family: arial, helvetica, sans-serif;\">\u201cEsperamos que esta comunicaci\u00f3n y confianza que se ha construido se vea reflejada en el Presupuesto de Egresos de la Federaci\u00f3n del Ejercicio 2021, y podamos contar con recursos, bolsas y fondos que den viabilidad a las universidades y sentido a la nueva Ley General de Educaci\u00f3n Superior, entendemos que el panorama para el pr\u00f3ximo a\u00f1o es m\u00e1s que complicado, que hay que hacer inversiones estrat\u00e9gicas (\u2026) sin embargo, es imperativo afianzar una pol\u00edtica educativa que potencie las capacidades de los mexicanos y nos ayude a superar los retos que hemos enunciado\u201d, manifest\u00f3, al considerar que solo as\u00ed ser\u00e1 viable nuestra naci\u00f3n, nuestro futuro y se podr\u00e1 engrandecer a la patria.<\/span><\/p>\n<p style=\"text-align: justify;\">&nbsp;<\/p>\n<p class=\"x_MsoNormal\" style=\"text-align: justify;\"><span style=\"font-size: 14pt; font-family: arial, helvetica, sans-serif;\">Rememor\u00f3 que la madrugada de un d\u00eda como hoy, hace 210 a\u00f1os, inici\u00f3 la gesta her\u00f3ica que habr\u00eda de lograr, 11 a\u00f1os despu\u00e9s, la independencia de nuestro pa\u00eds y fue un proceso largo y doloroso, donde hombres y mujeres de gran valent\u00eda ofrendaron su vida para ver libre a la sociedad.<\/span><\/p>\n<p style=\"text-align: justify;\">&nbsp;<\/p>\n<p class=\"x_MsoNormal\" style=\"text-align: justify;\"><span style=\"font-size: 14pt; font-family: arial, helvetica, sans-serif;\">A 21 d\u00e9cadas, indic\u00f3 el Rector, se registran en el pa\u00eds avances de gran significado y se &nbsp;enfrentan desaf\u00edos que se deben asumir con inteligencia, unidad y compromiso ya que la naci\u00f3n tiene ante s\u00ed enormes y complejos retos adem\u00e1s se\u00f1al\u00f3 que con la llegada del virus Covid-19 y producto de la pandemia se observan dos grandes crisis: la sanitaria y la econ\u00f3mica.<\/span><\/p>\n<p style=\"text-align: justify;\">&nbsp;<\/p>\n<p class=\"x_MsoNormal\" style=\"text-align: justify;\"><span style=\"font-size: 14pt; font-family: arial, helvetica, sans-serif;\">Asegur\u00f3 que han sido meses dif\u00edciles donde adem\u00e1s del personal de la salud, los prestadores de diversos servicios han estado al pie del ca\u00f1\u00f3n por ello \u201cson los h\u00e9roes y hero\u00ednas de hoy, a quienes toda la naci\u00f3n debe respetar, reconocer y honrar\u201d.<\/span><\/p>\n<p style=\"text-align: justify;\">&nbsp;<\/p>\n<p class=\"x_MsoNormal\" style=\"text-align: justify;\"><span style=\"font-size: 14pt; font-family: arial, helvetica, sans-serif;\">Se refiri\u00f3 tambi\u00e9n al esfuerzo colectivo de maestros, estudiantes y padres de familia que han intensificado su papel durante el proceso acad\u00e9mico en este periodo de aislamiento.<\/span><\/p>\n<p style=\"text-align: justify;\">&nbsp;<\/p>\n<p class=\"x_MsoNormal\" style=\"text-align: justify;\"><span style=\"font-size: 14pt; font-family: arial, helvetica, sans-serif;\">\u201cEn el caso de la Universidad Aut\u00f3noma de Sinaloa asumimos este desaf\u00edo desde el primer momento, poniendo como objetivo principal salvaguardar la salud de toda la comunidad universitaria y sus familias, gracias al esfuerzo de todos, el ciclo escolar 2019-2020 se concluy\u00f3 satisfactoriamente, y hemos estado colaborando con las autoridades de salud para prevenir y atender la enfermedad\u201d, expres\u00f3.<\/span><\/p>\n<p style=\"text-align: justify;\">&nbsp;<\/p>\n<p class=\"x_MsoNormal\" style=\"text-align: justify;\"><span style=\"font-size: 14pt; font-family: arial, helvetica, sans-serif;\">Detall\u00f3 que para el ciclo escolar 2020-2021, esta M\u00e1xima Casa de Estudios y su Honorable Consejo Universitario, tomaron decisiones sin precedentes y de vanguardia en el pa\u00eds, refiri\u00e9ndose a la cancelaci\u00f3n del examen de admisi\u00f3n en el bachillerato y acordando en \u00e9l una cobertura del cien por ciento, as\u00ed como a la reducci\u00f3n de cuotas de inscripci\u00f3n.<\/span><\/p>\n<p style=\"text-align: justify;\">&nbsp;<\/p>\n<p class=\"x_MsoNormal\" style=\"text-align: justify;\"><span style=\"font-size: 14pt; font-family: arial, helvetica, sans-serif;\">El dirigente universitario tambi\u00e9n se refiri\u00f3 a la reflexi\u00f3n que se lleva a cabo a nivel nacional para contar con una Nueva Ley General de Educaci\u00f3n Superior, la cual recoge aspectos importantes como la cobertura universal, la obligatoriedad y la gratuidad, y retoma el aspecto de la autonom\u00eda.<\/span><\/p>\n<p style=\"text-align: justify;\">&nbsp;<\/p>\n<p class=\"x_MsoNormal\" style=\"text-align: justify;\"><span style=\"font-size: 14pt; font-family: arial, helvetica, sans-serif;\">Agreg\u00f3 que en ese marco la UAS ha pugnado por una autonom\u00eda plena y ha propuesto que las decisiones que afectan la vida institucional se tomen con base en la opini\u00f3n de las comunidades universitarias, de igual forma ha insistido en la necesidad de una autonom\u00eda que trascienda las cuestiones financieras y brinde certidumbre en el mediano y largo plazo.<\/span><\/p>\n<p style=\"text-align: justify;\">&nbsp;<\/p>\n<p class=\"x_MsoNormal\" style=\"text-align: justify;\"><span style=\"font-size: 14pt; font-family: arial, helvetica, sans-serif;\">Al t\u00e9rmino del mensaje el Rector inaugur\u00f3 a distancia la Galer\u00eda Fotogr\u00e1fica que se ubica en la barda perimetral de la Torre Acad\u00e9mica Culiac\u00e1n y donde adem\u00e1s de im\u00e1genes alusivas a las fechas patrias se agregaron fotos del trabajo de la instituci\u00f3n en esta pandemia.<\/span><\/p>\n<p style=\"text-align: justify;\">&nbsp;<\/p>\n<p style=\"text-align: justify;\">&nbsp;<\/p>\n<p style=\"text-align: justify;\"><span style=\"font-size: 14pt; font-family: arial, helvetica, sans-serif;\">REDACCI\u00d3N\/VISI\u00d3N CIUDADANA.<\/span><\/p>\n<div>&nbsp;<\/div>\n","protected":false},"excerpt":{"rendered":"<p>La&nbsp;Universidad Aut\u00f3noma de Sinaloa (UAS) seguir\u00e1 en un di\u00e1logo abierto con los poderes Ejecutivo y Legislativo para acceder a los recursos que la misi\u00f3n de esta Casa de Estudios requiere, seguir\u00e1 impulsando su consolidaci\u00f3n y trabajando por la educaci\u00f3n y salud de todos, as\u00ed lo plante\u00f3 el Rector, doctor Juan Eulogio Guerra Liera durante el&nbsp;mensaje [&hellip;]<\/p>\n","protected":false},"author":1,"featured_media":5622,"comment_status":"open","ping_status":"closed","sticky":false,"template":"","format":"standard","meta":{"footnotes":""},"categories":[13],"tags":[],"ppma_author":[31],"class_list":["post-14203","post","type-post","status-publish","format-standard","has-post-thumbnail","hentry","category-locales"],"aioseo_notices":[],"authors":[{"term_id":31,"user_id":1,"is_guest":0,"slug":"ivan3vino","display_name":"Iv\u00e1n Trevi\u00f1o","avatar_url":{"url":"https:\/\/visionciudadana.com.mx\/oficial\/wp-content\/uploads\/2025\/09\/columna-ivan-Trevino.png","url2x":"https:\/\/visionciudadana.com.mx\/oficial\/wp-content\/uploads\/2025\/09\/columna-ivan-Trevino.png"},"0":null,"1":"","2":"","3":"","4":"","5":"","6":"","7":"","8":""}],"_links":{"self":[{"href":"https:\/\/visionciudadana.com.mx\/oficial\/wp-json\/wp\/v2\/posts\/14203","targetHints":{"allow":["GET"]}}],"collection":[{"href":"https:\/\/visionciudadana.com.mx\/oficial\/wp-json\/wp\/v2\/posts"}],"about":[{"href":"https:\/\/visionciudadana.com.mx\/oficial\/wp-json\/wp\/v2\/types\/post"}],"author":[{"embeddable":true,"href":"https:\/\/visionciudadana.com.mx\/oficial\/wp-json\/wp\/v2\/users\/1"}],"replies":[{"embeddable":true,"href":"https:\/\/visionciudadana.com.mx\/oficial\/wp-json\/wp\/v2\/comments?post=14203"}],"version-history":[{"count":0,"href":"https:\/\/visionciudadana.com.mx\/oficial\/wp-json\/wp\/v2\/posts\/14203\/revisions"}],"wp:featuredmedia":[{"embeddable":true,"href":"https:\/\/visionciudadana.com.mx\/oficial\/wp-json\/wp\/v2\/media\/5622"}],"wp:attachment":[{"href":"https:\/\/visionciudadana.com.mx\/oficial\/wp-json\/wp\/v2\/media?parent=14203"}],"wp:term":[{"taxonomy":"category","embeddable":true,"href":"https:\/\/visionciudadana.com.mx\/oficial\/wp-json\/wp\/v2\/categories?post=14203"},{"taxonomy":"post_tag","embeddable":true,"href":"https:\/\/visionciudadana.com.mx\/oficial\/wp-json\/wp\/v2\/tags?post=14203"},{"taxonomy":"author","embeddable":true,"href":"https:\/\/visionciudadana.com.mx\/oficial\/wp-json\/wp\/v2\/ppma_author?post=14203"}],"curies":[{"name":"wp","href":"https:\/\/api.w.org\/{rel}","templated":true}]}}