{"id":14186,"date":"2020-09-10T23:09:19","date_gmt":"2020-09-10T23:09:19","guid":{"rendered":"https:\/\/visionciudadana.com.mx\/prueba\/2020\/09\/10\/movimiento-ciudadano-muy-pendiente-de-las-necesidades-de-la-poblacion-en-sinaloa-durante-esta-pandemia\/"},"modified":"2020-09-10T23:09:19","modified_gmt":"2020-09-10T23:09:19","slug":"movimiento-ciudadano-muy-pendiente-de-las-necesidades-de-la-poblacion-en-sinaloa-durante-esta-pandemia","status":"publish","type":"post","link":"https:\/\/visionciudadana.com.mx\/oficial\/2020\/09\/10\/movimiento-ciudadano-muy-pendiente-de-las-necesidades-de-la-poblacion-en-sinaloa-durante-esta-pandemia\/","title":{"rendered":"Movimiento Ciudadano muy pendiente de las necesidades de la poblaci\u00f3n en Sinaloa durante esta Pandemia"},"content":{"rendered":"<p>.<img decoding=\"async\" style=\"display: block; margin-left: auto; margin-right: auto;\" src=\"images\/2020\/sept.20\/atento_en_pandemia.PNG\" alt=\"atento en pandemia\" \/><\/p>\n<p style=\"text-align: justify;\"><span style=\"font-size: 14pt; font-family: arial, helvetica, sans-serif;\">Una de las principales actividades que hemos estado realizando como partido es entregar despensas as\u00ed como gel anti bacterial y cubrebocas .<\/span><\/p>\n<p style=\"text-align: justify;\"><span style=\"font-size: 14pt; font-family: arial, helvetica, sans-serif;\"><\/span><br \/><span style=\"font-size: 14pt; font-family: arial, helvetica, sans-serif;\">Debido a la gran ca\u00edda de la economia nacional sabemos que muchas familias sinaloenses est\u00e1n pasando por un trago muy amargo en cuanto a econom\u00eda se refiere, por ello nuestro partido ha estado apoyando a esas familias con despensas, ropa y art\u00edculos de limpieza en las comunidades y colonias populares. <\/span><\/p>\n<p style=\"text-align: justify;\">&nbsp;<\/p>\n<p style=\"text-align: justify;\"><span style=\"font-size: 14pt; font-family: arial, helvetica, sans-serif;\">As\u00ed mismo estamos acerc\u00e1ndonos a la gente para escuchar sus necesidades y gestionar cada una de ellas ya que como sabemos el gobierno tiene en el olvido a toda la poblaci\u00f3n.<\/span><\/p>\n<p style=\"text-align: justify;\"><span style=\"font-size: 14pt; font-family: arial, helvetica, sans-serif;\">Movimiento ciudadano es un partido que se preocupa por las familias sinaloenses y por ello hemos estado visit\u00e1ndolas constantemente para ayudar con nuestro granito de arena .<\/span><\/p>\n<p style=\"text-align: justify;\">&nbsp;<\/p>\n<p style=\"text-align: justify;\">&nbsp;<\/p>\n<p style=\"text-align: justify;\"><span style=\"font-size: 14pt; font-family: arial, helvetica, sans-serif;\">REDACCI\u00d3N\/VISI\u00d3N CIUDADANA.<\/span><\/p>\n","protected":false},"excerpt":{"rendered":"<p>. Una de las principales actividades que hemos estado realizando como partido es entregar despensas as\u00ed como gel anti bacterial y cubrebocas . Debido a la gran ca\u00edda de la economia nacional sabemos que muchas familias sinaloenses est\u00e1n pasando por un trago muy amargo en cuanto a econom\u00eda se refiere, por ello nuestro partido ha [&hellip;]<\/p>\n","protected":false},"author":1,"featured_media":5601,"comment_status":"open","ping_status":"closed","sticky":false,"template":"","format":"standard","meta":{"footnotes":""},"categories":[24],"tags":[],"ppma_author":[31],"class_list":["post-14186","post","type-post","status-publish","format-standard","has-post-thumbnail","hentry","category-relevantes"],"aioseo_notices":[],"authors":[{"term_id":31,"user_id":1,"is_guest":0,"slug":"ivan3vino","display_name":"Iv\u00e1n Trevi\u00f1o","avatar_url":{"url":"https:\/\/visionciudadana.com.mx\/oficial\/wp-content\/uploads\/2025\/09\/columna-ivan-Trevino.png","url2x":"https:\/\/visionciudadana.com.mx\/oficial\/wp-content\/uploads\/2025\/09\/columna-ivan-Trevino.png"},"0":null,"1":"","2":"","3":"","4":"","5":"","6":"","7":"","8":""}],"_links":{"self":[{"href":"https:\/\/visionciudadana.com.mx\/oficial\/wp-json\/wp\/v2\/posts\/14186","targetHints":{"allow":["GET"]}}],"collection":[{"href":"https:\/\/visionciudadana.com.mx\/oficial\/wp-json\/wp\/v2\/posts"}],"about":[{"href":"https:\/\/visionciudadana.com.mx\/oficial\/wp-json\/wp\/v2\/types\/post"}],"author":[{"embeddable":true,"href":"https:\/\/visionciudadana.com.mx\/oficial\/wp-json\/wp\/v2\/users\/1"}],"replies":[{"embeddable":true,"href":"https:\/\/visionciudadana.com.mx\/oficial\/wp-json\/wp\/v2\/comments?post=14186"}],"version-history":[{"count":0,"href":"https:\/\/visionciudadana.com.mx\/oficial\/wp-json\/wp\/v2\/posts\/14186\/revisions"}],"wp:featuredmedia":[{"embeddable":true,"href":"https:\/\/visionciudadana.com.mx\/oficial\/wp-json\/wp\/v2\/media\/5601"}],"wp:attachment":[{"href":"https:\/\/visionciudadana.com.mx\/oficial\/wp-json\/wp\/v2\/media?parent=14186"}],"wp:term":[{"taxonomy":"category","embeddable":true,"href":"https:\/\/visionciudadana.com.mx\/oficial\/wp-json\/wp\/v2\/categories?post=14186"},{"taxonomy":"post_tag","embeddable":true,"href":"https:\/\/visionciudadana.com.mx\/oficial\/wp-json\/wp\/v2\/tags?post=14186"},{"taxonomy":"author","embeddable":true,"href":"https:\/\/visionciudadana.com.mx\/oficial\/wp-json\/wp\/v2\/ppma_author?post=14186"}],"curies":[{"name":"wp","href":"https:\/\/api.w.org\/{rel}","templated":true}]}}