{"id":14183,"date":"2020-09-10T18:01:16","date_gmt":"2020-09-10T18:01:16","guid":{"rendered":"https:\/\/visionciudadana.com.mx\/prueba\/2020\/09\/10\/realiza-la-ss-actividades-para-la-prevencion-del-suicidio\/"},"modified":"2020-09-10T18:01:16","modified_gmt":"2020-09-10T18:01:16","slug":"realiza-la-ss-actividades-para-la-prevencion-del-suicidio","status":"publish","type":"post","link":"https:\/\/visionciudadana.com.mx\/oficial\/2020\/09\/10\/realiza-la-ss-actividades-para-la-prevencion-del-suicidio\/","title":{"rendered":"Realiza la SS actividades para la prevenci\u00f3n del suicidio"},"content":{"rendered":"<p>&nbsp;<\/p>\n<p><img decoding=\"async\" style=\"display: block; margin-left: auto; margin-right: auto;\" src=\"images\/2020\/sept.20\/realizan_activida.PNG\" alt=\"realizan activida\" \/><\/p>\n<p class=\"x_MsoNormal\" style=\"text-align: justify;\"><span lang=\"ES-MX\" style=\"font-size: 14pt; font-family: arial, helvetica, sans-serif;\">Como sociedad tenemos que mejorar la calidad de vida y fortalecer v\u00ednculos con las personas, el 10 de septiembre, D\u00eda Mundial de la Prevenci\u00f3n del Suicidio, busca crear conciencia en este tema y evitar sus consecuencias con la campa\u00f1a \u201cVive, Habla y sonr\u00ede\u201d.<\/span><\/p>\n<p style=\"text-align: justify;\">&nbsp;<\/p>\n<p class=\"x_MsoNormal\" style=\"text-align: justify;\"><span lang=\"ES-MX\" style=\"font-size: 14pt; font-family: arial, helvetica, sans-serif;\">Es por ello que la Secretar\u00eda de Salud de Sinaloa, a trav\u00e9s de la Comisi\u00f3n Estatal para la Prevenci\u00f3n, Tratamiento y Control de las Adicciones (CEPTCA), se suma a las actividades de este D\u00eda Mundial de la Prevenci\u00f3n del Suicidio, el Dr. Cristhian Aldo Mu\u00f1oz Madrid, Comisionado Estatal, hace el llamado a la poblaci\u00f3n sinaloense a sumarse, portar un mo\u00f1o amarillo y trabajar en familia para evitar estos sucesos.<\/span><\/p>\n<p style=\"text-align: justify;\">&nbsp;<\/p>\n<p class=\"x_MsoNormal\" style=\"text-align: justify;\"><span lang=\"ES-MX\" style=\"font-size: 14pt; font-family: arial, helvetica, sans-serif;\">\u201cEl suicidio es un producto de un estilo de vida con muchos factores de riesgo, debemos, como sociedad, seguir esforz\u00e1ndonos por mejorar nuestros estilos de vida, por mejorar la comunicaci\u00f3n con nuestros hijos y sobre todo fortalecernos como seres humanos; desafortunadamente lo hemos y lo seguimos viendo en personas que tienen serios conflictos con su personalidad, con situaciones del orden com\u00fan, dentro y fuera de la familia y con el consumo de sustancias, quiero invitarlos a todos que este 10 de septiembre, D\u00eda Mundial de la Prevenci\u00f3n del Suicidio, portemos un mo\u00f1o amarillo o algo que distinga esta prevenci\u00f3n que queremos fortalecer en el estado de Sinaloa\u201d, explic\u00f3.<\/span><\/p>\n<p style=\"text-align: justify;\">&nbsp;<\/p>\n<p class=\"x_MsoNormal\" style=\"text-align: justify;\"><span lang=\"ES-MX\" style=\"font-size: 14pt; font-family: arial, helvetica, sans-serif;\">En el marco al 10 de septiembre, CEPTCA lleva a cabo actividades en diferentes municipios por medio de los UNEME CAPA, en las cuales se habla e informa de la importancia, prevenciones y recomendaciones para aquellas personas que necesiten ayuda<\/span><\/p>\n<p style=\"text-align: justify;\">&nbsp;<\/p>\n<p class=\"x_MsoNormal\" style=\"text-align: justify;\"><span lang=\"ES-MX\" style=\"font-size: 14pt; font-family: arial, helvetica, sans-serif;\">Para promover la salud emocional, en Guam\u00fachil se imparti\u00f3 la videoconferencia Prevenci\u00f3n del suicidio a internos del Centro de Rehabilitaci\u00f3n Jader; de igual manera, se estuvo trabajando con los ni\u00f1os el tema de bullyng para brindarles informaci\u00f3n y medidas de prevenci\u00f3n y promoci\u00f3n de salud mental y suicidio.<\/span><\/p>\n<p class=\"x_MsoNormal\" style=\"text-align: justify;\"><span lang=\"ES-MX\" style=\"font-size: 14pt; font-family: arial, helvetica, sans-serif;\"><\/span><\/p>\n<p class=\"x_MsoNormal\" style=\"text-align: justify;\"><span style=\"font-size: 14pt; font-family: arial, helvetica, sans-serif;\"><span lang=\"ES-MX\"><\/span><span lang=\"ES-MX\">El UNEME CAPA de El Fuerte trabaja con el tema de Prevenci\u00f3n del suicidio y estilos de vida saludable en el Centro de Rehabilitaci\u00f3n CADAR EL FUERTE. Mientras que en Navolato se ha tenido participaci\u00f3n en la Campa\u00f1a del Suicidio de manera paralela con el UNEME CAPA de Mazatl\u00e1n.<\/span><\/span><\/p>\n<p style=\"text-align: justify;\">&nbsp;<\/p>\n<p class=\"x_MsoNormal\" style=\"text-align: justify;\"><span lang=\"ES-MX\" style=\"font-size: 14pt; font-family: arial, helvetica, sans-serif;\">Por su parte, en Guasave, personal del UNEME CAPA sali\u00f3 a los alrededores para llevar a cabo la actividad de entrega de folletos y la colocaci\u00f3n del list\u00f3n amarillo representativo, creando conciencia y haciendo \u00e9nfasis a la vulnerabilidad en torno a este tema.<\/span><\/p>\n<p style=\"text-align: justify;\">&nbsp;<\/p>\n<p class=\"x_MsoNormal\" style=\"text-align: justify;\"><span lang=\"ES-MX\" style=\"font-size: 14pt; font-family: arial, helvetica, sans-serif;\">Cada a\u00f1o, cerca de 800 000 personas fallecen por esta causa y otras muchas intentan suicidarse. Cada suicidio es una tragedia que afecta a una familia, a una comunidad o a todo un pa\u00eds y que tiene consecuencias duraderas en las personas cercanas a las v\u00edctimas, no obstante, se puede prevenir el suicidio.<\/span><\/p>\n<p style=\"text-align: justify;\">&nbsp;<\/p>\n<p style=\"text-align: justify;\">&nbsp;<\/p>\n<p style=\"text-align: justify;\"><span style=\"font-size: 14pt; font-family: arial, helvetica, sans-serif;\">REDACCI\u00d3N\/VISI\u00d3N CIUDADANA.<\/span><\/p>\n","protected":false},"excerpt":{"rendered":"<p>&nbsp; Como sociedad tenemos que mejorar la calidad de vida y fortalecer v\u00ednculos con las personas, el 10 de septiembre, D\u00eda Mundial de la Prevenci\u00f3n del Suicidio, busca crear conciencia en este tema y evitar sus consecuencias con la campa\u00f1a \u201cVive, Habla y sonr\u00ede\u201d. &nbsp; Es por ello que la Secretar\u00eda de Salud de Sinaloa, [&hellip;]<\/p>\n","protected":false},"author":1,"featured_media":5597,"comment_status":"open","ping_status":"closed","sticky":false,"template":"","format":"standard","meta":{"footnotes":""},"categories":[24],"tags":[],"ppma_author":[31],"class_list":["post-14183","post","type-post","status-publish","format-standard","has-post-thumbnail","hentry","category-relevantes"],"aioseo_notices":[],"authors":[{"term_id":31,"user_id":1,"is_guest":0,"slug":"ivan3vino","display_name":"Iv\u00e1n Trevi\u00f1o","avatar_url":{"url":"https:\/\/visionciudadana.com.mx\/oficial\/wp-content\/uploads\/2025\/09\/columna-ivan-Trevino.png","url2x":"https:\/\/visionciudadana.com.mx\/oficial\/wp-content\/uploads\/2025\/09\/columna-ivan-Trevino.png"},"0":null,"1":"","2":"","3":"","4":"","5":"","6":"","7":"","8":""}],"_links":{"self":[{"href":"https:\/\/visionciudadana.com.mx\/oficial\/wp-json\/wp\/v2\/posts\/14183","targetHints":{"allow":["GET"]}}],"collection":[{"href":"https:\/\/visionciudadana.com.mx\/oficial\/wp-json\/wp\/v2\/posts"}],"about":[{"href":"https:\/\/visionciudadana.com.mx\/oficial\/wp-json\/wp\/v2\/types\/post"}],"author":[{"embeddable":true,"href":"https:\/\/visionciudadana.com.mx\/oficial\/wp-json\/wp\/v2\/users\/1"}],"replies":[{"embeddable":true,"href":"https:\/\/visionciudadana.com.mx\/oficial\/wp-json\/wp\/v2\/comments?post=14183"}],"version-history":[{"count":0,"href":"https:\/\/visionciudadana.com.mx\/oficial\/wp-json\/wp\/v2\/posts\/14183\/revisions"}],"wp:featuredmedia":[{"embeddable":true,"href":"https:\/\/visionciudadana.com.mx\/oficial\/wp-json\/wp\/v2\/media\/5597"}],"wp:attachment":[{"href":"https:\/\/visionciudadana.com.mx\/oficial\/wp-json\/wp\/v2\/media?parent=14183"}],"wp:term":[{"taxonomy":"category","embeddable":true,"href":"https:\/\/visionciudadana.com.mx\/oficial\/wp-json\/wp\/v2\/categories?post=14183"},{"taxonomy":"post_tag","embeddable":true,"href":"https:\/\/visionciudadana.com.mx\/oficial\/wp-json\/wp\/v2\/tags?post=14183"},{"taxonomy":"author","embeddable":true,"href":"https:\/\/visionciudadana.com.mx\/oficial\/wp-json\/wp\/v2\/ppma_author?post=14183"}],"curies":[{"name":"wp","href":"https:\/\/api.w.org\/{rel}","templated":true}]}}