{"id":14182,"date":"2020-09-10T17:55:36","date_gmt":"2020-09-10T17:55:36","guid":{"rendered":"https:\/\/visionciudadana.com.mx\/prueba\/2020\/09\/10\/lamentable-que-pretendan-reducir-presupuesto-federal-2021-para-estados-y-municipios\/"},"modified":"2020-09-10T17:55:36","modified_gmt":"2020-09-10T17:55:36","slug":"lamentable-que-pretendan-reducir-presupuesto-federal-2021-para-estados-y-municipios","status":"publish","type":"post","link":"https:\/\/visionciudadana.com.mx\/oficial\/2020\/09\/10\/lamentable-que-pretendan-reducir-presupuesto-federal-2021-para-estados-y-municipios\/","title":{"rendered":"Lamentable que pretendan reducir presupuesto federal 2021 para estados y municipios"},"content":{"rendered":"<p style=\"text-align: justify;\"><img decoding=\"async\" style=\"display: block; margin-left: auto; margin-right: auto;\" src=\"images\/2020\/sept.20\/lamentable_que_gob_fed.PNG\" alt=\"lamentable que gob fed\" \/><\/p>\n<p class=\"x_MsoNormal\" style=\"text-align: justify;\"><span style=\"font-size: 14pt; font-family: arial, helvetica, sans-serif;\">\u00abMuy lamentable que la iniciativa de Ley de Ingresos y Presupuesto de Egresos para el ejercicio fiscal 2021 contemple una reducci\u00f3n de los recursos que se distribuyen a las entidades federativas y municipios\u201d, consider\u00f3 el&nbsp; diputado Sergio Jacobo Guti\u00e9rrez, coordinador del Grupo Parlamentario del PRI en Congreso del Estado.<\/span><\/p>\n<p style=\"text-align: justify;\">&nbsp;<\/p>\n<p class=\"x_MsoNormal\" style=\"text-align: justify;\"><span style=\"font-size: 14pt; font-family: arial, helvetica, sans-serif;\">Para el legislador pri\u00edsta, es positivo que el proyecto de presupuesto federal no incorpore nuevos impuestos, aumente los recursos a salud y considere recursos para proyectos estrat\u00e9gicos de Sinaloa, como la continuaci\u00f3n de la presa Santa Mar\u00eda, el distrito de riego de la presa Picachos, la continuaci\u00f3n de la carretera Badiraguato-Parral, el dren Ju\u00e1rez en Los Mochis, el libramiento de Escuinapa y el camino San Ignacio &#8211; Tayoltita.<\/span><\/p>\n<p style=\"text-align: justify;\">&nbsp;<\/p>\n<p class=\"x_MsoNormal\" style=\"text-align: justify;\"><span style=\"font-size: 14pt; font-family: arial, helvetica, sans-serif;\">\u00abSin embargo, lo real es que el presupuesto viene castigado y en general con menos recursos para los estados\u00bb, afirm\u00f3 Sergio Jacobo.<\/span><\/p>\n<p style=\"text-align: justify;\">&nbsp;<\/p>\n<p class=\"x_MsoNormal\" style=\"text-align: justify;\"><span style=\"font-size: 14pt; font-family: arial, helvetica, sans-serif;\">El legislador pri\u00edsta detall\u00f3 que en el proyecto de presupuesto para el a\u00f1o 2021 el ejecutivo federal est\u00e1 proponiendo una reducci\u00f3n del 25 %&nbsp; en los subsidios a entidades federativas y municipios, as\u00ed como una decremento del 6.4 % en el Ramo 28 de participaciones federales para entidades federativas.<\/span><\/p>\n<p style=\"text-align: justify;\">&nbsp;<\/p>\n<p class=\"x_MsoNormal\" style=\"text-align: justify;\"><span style=\"font-size: 14pt; font-family: arial, helvetica, sans-serif;\">En opini\u00f3n del coordinador de los diputados del PRI, Sergio Jacobo Guti\u00e9rrez, &nbsp;los criterios generales de pol\u00edtica econ\u00f3mica que sustentan el proyecto de presupuesto son endebles y demasiado optimistas.<\/span><\/p>\n<p style=\"text-align: justify;\">&nbsp;<\/p>\n<p class=\"x_MsoNormal\" style=\"text-align: justify;\"><span style=\"font-size: 14pt; font-family: arial, helvetica, sans-serif;\">\u00abEst\u00e1n planteando para el a\u00f1o 2021 un crecimiento del Producto Interno Bruto del 4.6%, cuando la mayor\u00eda de las estimaciones de instituciones financieras y especialistas es menor y en promedio se ubica en el 3%\u00bb, explic\u00f3 el legislador pri\u00edsta.<\/span><\/p>\n<p style=\"text-align: justify;\">&nbsp;<\/p>\n<p class=\"x_MsoNormal\" style=\"text-align: justify;\"><span style=\"font-size: 14pt; font-family: arial, helvetica, sans-serif;\">Jacobo Guti\u00e9rrez advirti\u00f3 que el propio Secretario de Hacienda y Cr\u00e9dito P\u00fablico admiti\u00f3 que para al alcanzar un crecimiento del 4.6% del PIB ser\u00e1 indispensable controlar la pandemia y contar con la vacuna contra el Covid 19, algo que es totalmente incierto.<\/span><\/p>\n<p style=\"text-align: justify;\">&nbsp;<\/p>\n<p class=\"x_MsoNormal\" style=\"text-align: justify;\"><span style=\"font-size: 14pt; font-family: arial, helvetica, sans-serif;\">El l\u00edder de las diputadas y diputados pri\u00edsta considera que \u00abDefinitivamente hay cuentas alegres y buenos deseos en la estimaci\u00f3n de crecimiento del PIB, as\u00ed como en el aumento de la producci\u00f3n petrolera\u00bb.<\/span><\/p>\n<p style=\"text-align: justify;\">&nbsp;<\/p>\n<p class=\"x_MsoNormal\" style=\"text-align: justify;\"><span style=\"font-size: 14pt; font-family: arial, helvetica, sans-serif;\">Sergio Jacobo lament\u00f3 que en la Iniciativa de Ley de Ingresos y Presupuesto de Egresos no se consideren incentivos, est\u00edmulos y programas para impulsar la reactivaci\u00f3n de la econom\u00eda.<\/span><\/p>\n<p style=\"text-align: justify;\">&nbsp;<\/p>\n<p class=\"x_MsoNormal\" style=\"text-align: justify;\"><span style=\"font-size: 14pt; font-family: arial, helvetica, sans-serif;\">\u00abA pesar de que tenemos un escenario diferente y extremadamente cr\u00edtico, las prioridades del ejecutivo federal no cambian. La mayor parte del presupuesto se destinar\u00e1 a los proyectos fara\u00f3nicos del Tren Maya, Refiner\u00eda Dos Bocas y aeropuerto de Santa Luc\u00eda, as\u00ed como a un barril sin fondo como es Pemex y a los programas sociales clientelistas con miras a la elecci\u00f3n del pr\u00f3ximo a\u00f1o\u00bb, concluy\u00f3 el coordinador de los diputados del PRI.<\/span><\/p>\n<p style=\"text-align: justify;\">&nbsp;<\/p>\n<p style=\"text-align: justify;\">&nbsp;<\/p>\n<p style=\"text-align: justify;\"><span style=\"font-size: 14pt; font-family: arial, helvetica, sans-serif;\">REDACCI\u00d3N\/VISI\u00d3N CIUDADANA.<\/span><\/p>\n","protected":false},"excerpt":{"rendered":"<p>\u00abMuy lamentable que la iniciativa de Ley de Ingresos y Presupuesto de Egresos para el ejercicio fiscal 2021 contemple una reducci\u00f3n de los recursos que se distribuyen a las entidades federativas y municipios\u201d, consider\u00f3 el&nbsp; diputado Sergio Jacobo Guti\u00e9rrez, coordinador del Grupo Parlamentario del PRI en Congreso del Estado. &nbsp; Para el legislador pri\u00edsta, es [&hellip;]<\/p>\n","protected":false},"author":1,"featured_media":5595,"comment_status":"open","ping_status":"closed","sticky":false,"template":"","format":"standard","meta":{"footnotes":""},"categories":[13],"tags":[],"ppma_author":[31],"class_list":["post-14182","post","type-post","status-publish","format-standard","has-post-thumbnail","hentry","category-locales"],"aioseo_notices":[],"authors":[{"term_id":31,"user_id":1,"is_guest":0,"slug":"ivan3vino","display_name":"Iv\u00e1n Trevi\u00f1o","avatar_url":{"url":"https:\/\/visionciudadana.com.mx\/oficial\/wp-content\/uploads\/2025\/09\/columna-ivan-Trevino.png","url2x":"https:\/\/visionciudadana.com.mx\/oficial\/wp-content\/uploads\/2025\/09\/columna-ivan-Trevino.png"},"0":null,"1":"","2":"","3":"","4":"","5":"","6":"","7":"","8":""}],"_links":{"self":[{"href":"https:\/\/visionciudadana.com.mx\/oficial\/wp-json\/wp\/v2\/posts\/14182","targetHints":{"allow":["GET"]}}],"collection":[{"href":"https:\/\/visionciudadana.com.mx\/oficial\/wp-json\/wp\/v2\/posts"}],"about":[{"href":"https:\/\/visionciudadana.com.mx\/oficial\/wp-json\/wp\/v2\/types\/post"}],"author":[{"embeddable":true,"href":"https:\/\/visionciudadana.com.mx\/oficial\/wp-json\/wp\/v2\/users\/1"}],"replies":[{"embeddable":true,"href":"https:\/\/visionciudadana.com.mx\/oficial\/wp-json\/wp\/v2\/comments?post=14182"}],"version-history":[{"count":0,"href":"https:\/\/visionciudadana.com.mx\/oficial\/wp-json\/wp\/v2\/posts\/14182\/revisions"}],"wp:featuredmedia":[{"embeddable":true,"href":"https:\/\/visionciudadana.com.mx\/oficial\/wp-json\/wp\/v2\/posts\/5595"}],"wp:attachment":[{"href":"https:\/\/visionciudadana.com.mx\/oficial\/wp-json\/wp\/v2\/media?parent=14182"}],"wp:term":[{"taxonomy":"category","embeddable":true,"href":"https:\/\/visionciudadana.com.mx\/oficial\/wp-json\/wp\/v2\/categories?post=14182"},{"taxonomy":"post_tag","embeddable":true,"href":"https:\/\/visionciudadana.com.mx\/oficial\/wp-json\/wp\/v2\/tags?post=14182"},{"taxonomy":"author","embeddable":true,"href":"https:\/\/visionciudadana.com.mx\/oficial\/wp-json\/wp\/v2\/ppma_author?post=14182"}],"curies":[{"name":"wp","href":"https:\/\/api.w.org\/{rel}","templated":true}]}}