{"id":14181,"date":"2020-09-10T17:46:04","date_gmt":"2020-09-10T17:46:04","guid":{"rendered":"https:\/\/visionciudadana.com.mx\/prueba\/2020\/09\/10\/apoyo-a-trabajadores-del-pediatrico-ees-logo-de-todos-los-diputados\/"},"modified":"2020-09-10T17:46:04","modified_gmt":"2020-09-10T17:46:04","slug":"apoyo-a-trabajadores-del-pediatrico-ees-logo-de-todos-los-diputados","status":"publish","type":"post","link":"https:\/\/visionciudadana.com.mx\/oficial\/2020\/09\/10\/apoyo-a-trabajadores-del-pediatrico-ees-logo-de-todos-los-diputados\/","title":{"rendered":"Apoyo a trabajadores del pedi\u00e1trico ees logo de todos los diputados"},"content":{"rendered":"<p><img decoding=\"async\" style=\"display: block; margin-left: auto; margin-right: auto;\" src=\"images\/2020\/sept.20\/gpel_iribe.PNG\" alt=\"gpel iribe\" \/><\/p>\n<p class=\"x_MsoNormal\" style=\"text-align: justify;\" align=\"right\"><span style=\"font-size: 14pt; font-family: arial, helvetica, sans-serif;\">La Presidenta de la Comisi\u00f3n de Salud en el Congreso del Estado de Sinaloa, la diputada pri\u00edsta Guadalupe Iribe Gasc\u00f3n,&nbsp; dijo que es muy lamentable que se den declaraciones totalmente irresponsables, respecto al pago a los trabajadores del Hospital Pedi\u00e1trico y no se vale hacer clientelismo pol\u00edtico, cuando se tiene toda la voluntad por parte del ejecutivo del estado de cumplirles a los trabajadores de salud y adem\u00e1s las y los diputados del Congreso del Estado, sin colores y sin partidos, estamos trabajando haciendo lo propio para lograr resolver el tema.<\/span><\/p>\n<p style=\"text-align: justify;\">&nbsp;<\/p>\n<p class=\"x_MsoNormal\" style=\"text-align: justify;\"><span style=\"font-size: 14pt; font-family: arial, helvetica, sans-serif;\">Al referirse a las declaraciones que realizaron hace algunos d\u00edas los diputados Pedro Villegas Lobo y Yeraldine Bonilla, donde dieron a conocer que gracias a Morena los trabajadores del Pedi\u00e1trico tendr\u00edan resuelto el problema de su pago, Guadalupe Iribe dijo que \u201cHay que decir y dejar muy en claro que no es una gesti\u00f3n de los diputados de Morena y una preocupaci\u00f3n de ellos solucionar el tema, si no que esto es producto de un presupuesto aprobado por la mayor\u00eda de los diputados\u201d.<\/span><\/p>\n<p style=\"text-align: justify;\">&nbsp;<\/p>\n<p class=\"x_MsoNormal\" style=\"text-align: justify;\"><span style=\"font-size: 14pt; font-family: arial, helvetica, sans-serif;\">Adem\u00e1s, aclar\u00f3&nbsp; que no es v\u00e1lido \u201cque se cuelguen medallas cuando es un logro de todas y todos los diputados y sin duda es un tema que no se tiene que politizar\u201d.<\/span><\/p>\n<p style=\"text-align: justify;\">&nbsp;<\/p>\n<p class=\"x_MsoNormal\" style=\"text-align: justify;\"><span style=\"font-size: 14pt; font-family: arial, helvetica, sans-serif;\">Sobre los avances en este asunto, Guadalupe Iribe Gasc\u00f3n, Presidenta de la Comisi\u00f3n de Salud, coment\u00f3 que ha estado muy atenta del recurso etiquetado para la compensaci\u00f3n salarial para los trabajadores precarios del hospital pedi\u00e1trico.<\/span><\/p>\n<p style=\"text-align: justify;\">&nbsp;<\/p>\n<p class=\"x_MsoNormal\" style=\"text-align: justify;\"><span style=\"font-size: 14pt; font-family: arial, helvetica, sans-serif;\">Dijo que ha sido un trabajo en equipo, un trabajo de Comisi\u00f3n, donde el Gobierno del Estado ha tenido mucha apertura con los diputados del Congreso y para esto se llevaron a cabo varias reuniones tanto virtuales y presenciales en donde ha formado parte el secretario de salud y el secretario de finanzas del&nbsp; gobierno del estado y parte del equipo de recursos humanos y administrativos de la secretaria de salud para trabajar en una propuesta en donde se beneficien todos aquellos trabajadores del hospital pedi\u00e1trico, donde puedan recibir una compensaci\u00f3n salarial.<\/span><\/p>\n<p style=\"text-align: justify;\">&nbsp;<\/p>\n<p class=\"x_MsoNormal\" style=\"text-align: justify;\"><span style=\"font-size: 14pt; font-family: arial, helvetica, sans-serif;\">La presidenta de la Comisi\u00f3n de Salud se\u00f1al\u00f3 que durante junio participaron los dos secretarios estatales que tiene que ver con este tema as\u00ed como los integrantes de la comisi\u00f3n de salud y los integrantes de la comisi\u00f3n de hacienda. El 11 de agosto se realiz\u00f3 una reuni\u00f3n presencial con la secretaria de salud para lograr una propuesta que viniera a beneficiar de manera significativa a todo aquel trabajador precario del hospital pedi\u00e1trico.<\/span><\/p>\n<p style=\"text-align: justify;\">&nbsp;<\/p>\n<p class=\"x_MsoNormal\" style=\"text-align: justify;\"><span style=\"font-size: 14pt; font-family: arial, helvetica, sans-serif;\">\u201cEste tema de los trabajadores precarios del Hospital Pedi\u00e1trico no es un tema pol\u00edtico, es un tema de todos los legisladores que hemos trabajado, y que hemos buscado la manera de ayudarles, en el mejoramiento a sus salarios, en este caso, a la compensaci\u00f3n, esperando que la soluci\u00f3n a este problema, en definitiva, sea la federalizaci\u00f3n que tanto esperamos, que el Presidente de la Rep\u00fablica ha anunciado y que tiene un compromiso que esperamos pronto llegue a cumplir\u201d.<\/span><\/p>\n<p style=\"text-align: justify;\">&nbsp;<\/p>\n<p class=\"x_MsoNormal\" style=\"text-align: justify;\"><span style=\"font-size: 14pt; font-family: arial, helvetica, sans-serif;\">\u00abComo Comisi\u00f3n de Salud estaremos atentos a que concluya este proceso y cuando se tenga una fecha real para cumplir con el pago de la compensaci\u00f3n oportunamente se la daremos a conocer a los a los trabajadores. Todav\u00eda no tenemos una fecha exacta, pero si hay el compromiso del gobierno del estado de pagar una vez que se finiquite el acuerdo. Estoy segura que pronto los trabajadores del Pedi\u00e1trico recibir\u00e1n ese justo pago por la gran labor que realizan\u00bb.<\/span><\/p>\n<p style=\"text-align: justify;\">&nbsp;<\/p>\n<p style=\"text-align: justify;\"><span style=\"font-size: 14pt; font-family: arial, helvetica, sans-serif;\">REDACCI\u00d3N\/VISI\u00d3N CIUDADANA.<\/span><\/p>\n<p>&nbsp;<\/p>\n","protected":false},"excerpt":{"rendered":"<p>La Presidenta de la Comisi\u00f3n de Salud en el Congreso del Estado de Sinaloa, la diputada pri\u00edsta Guadalupe Iribe Gasc\u00f3n,&nbsp; dijo que es muy lamentable que se den declaraciones totalmente irresponsables, respecto al pago a los trabajadores del Hospital Pedi\u00e1trico y no se vale hacer clientelismo pol\u00edtico, cuando se tiene toda la voluntad por parte [&hellip;]<\/p>\n","protected":false},"author":1,"featured_media":5593,"comment_status":"open","ping_status":"closed","sticky":false,"template":"","format":"standard","meta":{"footnotes":""},"categories":[13],"tags":[],"ppma_author":[31],"class_list":["post-14181","post","type-post","status-publish","format-standard","has-post-thumbnail","hentry","category-locales"],"aioseo_notices":[],"authors":[{"term_id":31,"user_id":1,"is_guest":0,"slug":"ivan3vino","display_name":"Iv\u00e1n Trevi\u00f1o","avatar_url":{"url":"https:\/\/visionciudadana.com.mx\/oficial\/wp-content\/uploads\/2025\/09\/columna-ivan-Trevino.png","url2x":"https:\/\/visionciudadana.com.mx\/oficial\/wp-content\/uploads\/2025\/09\/columna-ivan-Trevino.png"},"0":null,"1":"","2":"","3":"","4":"","5":"","6":"","7":"","8":""}],"_links":{"self":[{"href":"https:\/\/visionciudadana.com.mx\/oficial\/wp-json\/wp\/v2\/posts\/14181","targetHints":{"allow":["GET"]}}],"collection":[{"href":"https:\/\/visionciudadana.com.mx\/oficial\/wp-json\/wp\/v2\/posts"}],"about":[{"href":"https:\/\/visionciudadana.com.mx\/oficial\/wp-json\/wp\/v2\/types\/post"}],"author":[{"embeddable":true,"href":"https:\/\/visionciudadana.com.mx\/oficial\/wp-json\/wp\/v2\/users\/1"}],"replies":[{"embeddable":true,"href":"https:\/\/visionciudadana.com.mx\/oficial\/wp-json\/wp\/v2\/comments?post=14181"}],"version-history":[{"count":0,"href":"https:\/\/visionciudadana.com.mx\/oficial\/wp-json\/wp\/v2\/posts\/14181\/revisions"}],"wp:featuredmedia":[{"embeddable":true,"href":"https:\/\/visionciudadana.com.mx\/oficial\/wp-json\/wp\/v2\/posts\/5593"}],"wp:attachment":[{"href":"https:\/\/visionciudadana.com.mx\/oficial\/wp-json\/wp\/v2\/media?parent=14181"}],"wp:term":[{"taxonomy":"category","embeddable":true,"href":"https:\/\/visionciudadana.com.mx\/oficial\/wp-json\/wp\/v2\/categories?post=14181"},{"taxonomy":"post_tag","embeddable":true,"href":"https:\/\/visionciudadana.com.mx\/oficial\/wp-json\/wp\/v2\/tags?post=14181"},{"taxonomy":"author","embeddable":true,"href":"https:\/\/visionciudadana.com.mx\/oficial\/wp-json\/wp\/v2\/ppma_author?post=14181"}],"curies":[{"name":"wp","href":"https:\/\/api.w.org\/{rel}","templated":true}]}}