{"id":14180,"date":"2020-09-10T17:41:15","date_gmt":"2020-09-10T17:41:15","guid":{"rendered":"https:\/\/visionciudadana.com.mx\/prueba\/2020\/09\/10\/arranca-la-campana-leydecambioclimaticoya\/"},"modified":"2020-09-10T17:41:15","modified_gmt":"2020-09-10T17:41:15","slug":"arranca-la-campana-leydecambioclimaticoya","status":"publish","type":"post","link":"https:\/\/visionciudadana.com.mx\/oficial\/2020\/09\/10\/arranca-la-campana-leydecambioclimaticoya\/","title":{"rendered":"Arranca la campa\u00f1a #LeyDeCambioClim\u00e1ticoYA"},"content":{"rendered":"<p style=\"text-align: justify;\"><span style=\"font-size: 14pt;\"><b><img decoding=\"async\" style=\"display: block; margin-left: auto; margin-right: auto;\" src=\"images\/2020\/sept.20\/ley_cambio_cllim\u00e1tico.PNG\" alt=\"ley cambio cllim\u00e1tico\" \/><br \/><\/b><\/span><\/p>\n<p class=\"x_MsoNormal\" style=\"text-align: justify;\"><span style=\"font-size: 14pt;\">Armados con palas, barras, g\u00fcingos y la voluntad inquebrantable de enmendar el presente para garantizar el futuro, un centenar de j\u00f3venes y voluntarios de todas las edades, fueron convocados la ma\u00f1ana de este mi\u00e9rcoles por el Diputado Jes\u00fas Armando \u201cKechu\u201d Ram\u00edrez para llevar a cabo la siembra simb\u00f3lica de 60 \u00e1rboles en el parque las riberas de la capital Sinaloense.<\/span><\/p>\n<p>&nbsp;<\/p>\n<p class=\"x_MsoNormal\" style=\"text-align: justify;\"><span style=\"font-size: 14pt;\">Esta acci\u00f3n por el clima, se dio como una muestra clara de respaldo a la Ley de Cambio Clim\u00e1tico para el Estado de Sinaloa que ha sido presentada ante el H. Congreso del Estado y que pretende homologarse con la legislaci\u00f3n federal para elaborar y aplicar pol\u00edticas p\u00fablicas de mitigaci\u00f3n y adaptaci\u00f3n ante las alteraciones generadas por la actividad humana en el medio ambiente.<\/span><\/p>\n<p>&nbsp;<\/p>\n<p class=\"x_MsoNormal\" style=\"text-align: justify;\"><span style=\"font-size: 14pt;\">Durante la jornada, estuvieron presentes, el Diputado Sergio Jacobo Guti\u00e9rrez, coordinador del Grupo Parlamentario del PRI en Sinaloa, la Secretaria General del Revolucionario Institucional, Cinthia Valenzuela, Ruby Romero, Presidenta de M\u00e1s Planeta, diversos representantes de Sectores y Organizaciones, as\u00ed como integrantes de colectivos ecologistas y activistas de diversa \u00edndole.<\/span><\/p>\n<p>&nbsp;<\/p>\n<p>&nbsp;<\/p>\n<p><span style=\"font-size: 14pt;\">REDACCI\u00d3N\/VISI\u00d3N CIUDADANA.<\/span><\/p>\n<div>&nbsp;<\/div>\n","protected":false},"excerpt":{"rendered":"<p>Armados con palas, barras, g\u00fcingos y la voluntad inquebrantable de enmendar el presente para garantizar el futuro, un centenar de j\u00f3venes y voluntarios de todas las edades, fueron convocados la ma\u00f1ana de este mi\u00e9rcoles por el Diputado Jes\u00fas Armando \u201cKechu\u201d Ram\u00edrez para llevar a cabo la siembra simb\u00f3lica de 60 \u00e1rboles en el parque las [&hellip;]<\/p>\n","protected":false},"author":1,"featured_media":5591,"comment_status":"open","ping_status":"closed","sticky":false,"template":"","format":"standard","meta":{"footnotes":""},"categories":[24],"tags":[],"ppma_author":[31],"class_list":["post-14180","post","type-post","status-publish","format-standard","has-post-thumbnail","hentry","category-relevantes"],"aioseo_notices":[],"authors":[{"term_id":31,"user_id":1,"is_guest":0,"slug":"ivan3vino","display_name":"Iv\u00e1n Trevi\u00f1o","avatar_url":{"url":"https:\/\/visionciudadana.com.mx\/oficial\/wp-content\/uploads\/2025\/09\/columna-ivan-Trevino.png","url2x":"https:\/\/visionciudadana.com.mx\/oficial\/wp-content\/uploads\/2025\/09\/columna-ivan-Trevino.png"},"0":null,"1":"","2":"","3":"","4":"","5":"","6":"","7":"","8":""}],"_links":{"self":[{"href":"https:\/\/visionciudadana.com.mx\/oficial\/wp-json\/wp\/v2\/posts\/14180","targetHints":{"allow":["GET"]}}],"collection":[{"href":"https:\/\/visionciudadana.com.mx\/oficial\/wp-json\/wp\/v2\/posts"}],"about":[{"href":"https:\/\/visionciudadana.com.mx\/oficial\/wp-json\/wp\/v2\/types\/post"}],"author":[{"embeddable":true,"href":"https:\/\/visionciudadana.com.mx\/oficial\/wp-json\/wp\/v2\/users\/1"}],"replies":[{"embeddable":true,"href":"https:\/\/visionciudadana.com.mx\/oficial\/wp-json\/wp\/v2\/comments?post=14180"}],"version-history":[{"count":0,"href":"https:\/\/visionciudadana.com.mx\/oficial\/wp-json\/wp\/v2\/posts\/14180\/revisions"}],"wp:featuredmedia":[{"embeddable":true,"href":"https:\/\/visionciudadana.com.mx\/oficial\/wp-json\/wp\/v2\/media\/5591"}],"wp:attachment":[{"href":"https:\/\/visionciudadana.com.mx\/oficial\/wp-json\/wp\/v2\/media?parent=14180"}],"wp:term":[{"taxonomy":"category","embeddable":true,"href":"https:\/\/visionciudadana.com.mx\/oficial\/wp-json\/wp\/v2\/categories?post=14180"},{"taxonomy":"post_tag","embeddable":true,"href":"https:\/\/visionciudadana.com.mx\/oficial\/wp-json\/wp\/v2\/tags?post=14180"},{"taxonomy":"author","embeddable":true,"href":"https:\/\/visionciudadana.com.mx\/oficial\/wp-json\/wp\/v2\/ppma_author?post=14180"}],"curies":[{"name":"wp","href":"https:\/\/api.w.org\/{rel}","templated":true}]}}