{"id":14179,"date":"2020-09-10T17:35:03","date_gmt":"2020-09-10T17:35:03","guid":{"rendered":"https:\/\/visionciudadana.com.mx\/prueba\/2020\/09\/10\/exhorta-carlos-gandarilla-a-un-cambio-generacional-para-hacer-frente-al-cambio-climatico\/"},"modified":"2020-09-10T17:35:03","modified_gmt":"2020-09-10T17:35:03","slug":"exhorta-carlos-gandarilla-a-un-cambio-generacional-para-hacer-frente-al-cambio-climatico","status":"publish","type":"post","link":"https:\/\/visionciudadana.com.mx\/oficial\/2020\/09\/10\/exhorta-carlos-gandarilla-a-un-cambio-generacional-para-hacer-frente-al-cambio-climatico\/","title":{"rendered":"Exhorta Carlos Gandarilla a un cambio generacional para hacer frente al cambio clim\u00e1tico"},"content":{"rendered":"<p style=\"text-align: justify;\">&nbsp;<\/p>\n<p style=\"text-align: justify;\"><img decoding=\"async\" style=\"display: block; margin-left: auto; margin-right: auto;\" src=\"images\/2020\/sept.20\/ganda.PNG\" alt=\"ganda\" \/><\/p>\n<p class=\"x_gmail-x_MsoNormal\" style=\"text-align: justify;\"><span style=\"font-size: 14pt; font-family: arial, helvetica, sans-serif;\">Carlos Gandarilla Garc\u00eda llam\u00f3 a los j\u00f3venes a tomar acci\u00f3n y formar parte de un cambio generacional para hacer frente a la crisis clim\u00e1tica que amenaza el futuro de los recursos naturales.<\/span><\/p>\n<p style=\"text-align: justify;\">&nbsp;<\/p>\n<p class=\"x_gmail-x_MsoNormal\" style=\"text-align: justify;\"><span style=\"font-size: 14pt; font-family: arial, helvetica, sans-serif;\">Durante una charla v\u00eda Zoom con integrantes del colectivo Kybernus, el secretario de Desarrollo Sustentable del gobierno de Sinaloa subray\u00f3 que la contaminaci\u00f3n del medio ambiente es consecuencia en gran medida de nuestros h\u00e1bitos de consumo y producci\u00f3n.<\/span><\/p>\n<p style=\"text-align: justify;\">&nbsp;<\/p>\n<p class=\"x_gmail-x_MsoNormal\" style=\"text-align: justify;\"><span style=\"font-size: 14pt; font-family: arial, helvetica, sans-serif;\">El consumo responsable y el manejo integral de los residuos son fundamentales para evitar consecuencias a\u00fan m\u00e1s devastadoras en nuestra relaci\u00f3n con la naturaleza, la pandemia por el Covid-19 es el ejemplo m\u00e1s visible, puntualiz\u00f3.<\/span><\/p>\n<p style=\"text-align: justify;\">&nbsp;<\/p>\n<p class=\"x_gmail-x_MsoNormal\" style=\"text-align: justify;\"><span style=\"font-size: 14pt; font-family: arial, helvetica, sans-serif;\">El titular de la SEDESU dijo que desde el gobierno de Quirino Ordaz Coppel se impulsan acciones para lograr un desarrollo sostenible en las actividades productivas, sin embargo, la suma de todos los sectores sociales ser\u00e1 determinante para lograrlo.<\/span><\/p>\n<p style=\"text-align: justify;\">&nbsp;<\/p>\n<p class=\"x_gmail-x_MsoNormal\" style=\"text-align: justify;\"><span style=\"font-size: 14pt; font-family: arial, helvetica, sans-serif;\">Los participantes, encabezados por Grace Conde enlace del colectivo Kybernus Sinaloa, acordaron sumarse como activistas ambientales en las actividades de reforestaci\u00f3n y limpieza de playas que promueve la Secretar\u00eda, as\u00ed como a evitar la utilizaci\u00f3n de los pl\u00e1sticos de un solo uso.<\/span><\/p>\n<p style=\"text-align: justify;\">&nbsp;<\/p>\n<p style=\"text-align: justify;\">&nbsp;<\/p>\n<p style=\"text-align: justify;\"><span style=\"font-size: 14pt; font-family: arial, helvetica, sans-serif;\">REDACCI\u00d3N\/VIS\u00d3N CIUDADANA.<\/span><\/p>\n","protected":false},"excerpt":{"rendered":"<p>&nbsp; Carlos Gandarilla Garc\u00eda llam\u00f3 a los j\u00f3venes a tomar acci\u00f3n y formar parte de un cambio generacional para hacer frente a la crisis clim\u00e1tica que amenaza el futuro de los recursos naturales. &nbsp; Durante una charla v\u00eda Zoom con integrantes del colectivo Kybernus, el secretario de Desarrollo Sustentable del gobierno de Sinaloa subray\u00f3 que [&hellip;]<\/p>\n","protected":false},"author":1,"featured_media":5589,"comment_status":"open","ping_status":"closed","sticky":false,"template":"","format":"standard","meta":{"footnotes":""},"categories":[24],"tags":[],"ppma_author":[31],"class_list":["post-14179","post","type-post","status-publish","format-standard","has-post-thumbnail","hentry","category-relevantes"],"aioseo_notices":[],"authors":[{"term_id":31,"user_id":1,"is_guest":0,"slug":"ivan3vino","display_name":"Iv\u00e1n Trevi\u00f1o","avatar_url":{"url":"https:\/\/visionciudadana.com.mx\/oficial\/wp-content\/uploads\/2025\/09\/columna-ivan-Trevino.png","url2x":"https:\/\/visionciudadana.com.mx\/oficial\/wp-content\/uploads\/2025\/09\/columna-ivan-Trevino.png"},"0":null,"1":"","2":"","3":"","4":"","5":"","6":"","7":"","8":""}],"_links":{"self":[{"href":"https:\/\/visionciudadana.com.mx\/oficial\/wp-json\/wp\/v2\/posts\/14179","targetHints":{"allow":["GET"]}}],"collection":[{"href":"https:\/\/visionciudadana.com.mx\/oficial\/wp-json\/wp\/v2\/posts"}],"about":[{"href":"https:\/\/visionciudadana.com.mx\/oficial\/wp-json\/wp\/v2\/types\/post"}],"author":[{"embeddable":true,"href":"https:\/\/visionciudadana.com.mx\/oficial\/wp-json\/wp\/v2\/users\/1"}],"replies":[{"embeddable":true,"href":"https:\/\/visionciudadana.com.mx\/oficial\/wp-json\/wp\/v2\/comments?post=14179"}],"version-history":[{"count":0,"href":"https:\/\/visionciudadana.com.mx\/oficial\/wp-json\/wp\/v2\/posts\/14179\/revisions"}],"wp:featuredmedia":[{"embeddable":true,"href":"https:\/\/visionciudadana.com.mx\/oficial\/wp-json\/wp\/v2\/media\/5589"}],"wp:attachment":[{"href":"https:\/\/visionciudadana.com.mx\/oficial\/wp-json\/wp\/v2\/media?parent=14179"}],"wp:term":[{"taxonomy":"category","embeddable":true,"href":"https:\/\/visionciudadana.com.mx\/oficial\/wp-json\/wp\/v2\/categories?post=14179"},{"taxonomy":"post_tag","embeddable":true,"href":"https:\/\/visionciudadana.com.mx\/oficial\/wp-json\/wp\/v2\/tags?post=14179"},{"taxonomy":"author","embeddable":true,"href":"https:\/\/visionciudadana.com.mx\/oficial\/wp-json\/wp\/v2\/ppma_author?post=14179"}],"curies":[{"name":"wp","href":"https:\/\/api.w.org\/{rel}","templated":true}]}}