{"id":14178,"date":"2020-09-10T17:32:06","date_gmt":"2020-09-10T17:32:06","guid":{"rendered":"https:\/\/visionciudadana.com.mx\/prueba\/2020\/09\/10\/se-profesionaliza-funcionariado-en-temas-de-ninez-y-adolescencia\/"},"modified":"2020-09-10T17:32:06","modified_gmt":"2020-09-10T17:32:06","slug":"se-profesionaliza-funcionariado-en-temas-de-ninez-y-adolescencia","status":"publish","type":"post","link":"https:\/\/visionciudadana.com.mx\/oficial\/2020\/09\/10\/se-profesionaliza-funcionariado-en-temas-de-ninez-y-adolescencia\/","title":{"rendered":"Se profesionaliza funcionariado en temas de ni\u00f1\u00e9z y adolescencia"},"content":{"rendered":"<p><img decoding=\"async\" style=\"display: block; margin-left: auto; margin-right: auto;\" src=\"images\/2020\/sept.20\/funcionariado.PNG\" alt=\"funcionariado\" \/><\/p>\n<p><b>&nbsp;<\/b><\/p>\n<p style=\"text-align: justify;\"><span style=\"font-size: 14pt; font-family: arial, helvetica, sans-serif;\">Con el objetivo de continuar con las capacitaciones al funcionariado en temas que se relacionan con ni\u00f1ez y adolescencia, un total de 5 mil 245 personas de diferentes instituciones p\u00fablicas y privadas se han capacitado en l\u00ednea.<\/span><\/p>\n<p style=\"text-align: justify;\">&nbsp;<\/p>\n<p style=\"text-align: justify;\"><span style=\"font-size: 14pt; font-family: arial, helvetica, sans-serif;\">La Secretaria Ejecutiva del Sistema de Protecci\u00f3n de Ni\u00f1as, Ni\u00f1os y Adolescentes (SIPINNA), Margarita Ur\u00edas Burgos inform\u00f3 que este registro es del desde el 27 de marzo al 21 de agosto, siendo el 83 por ciento mujeres y el 18 por ciento hombres.<\/span><\/p>\n<p style=\"text-align: justify;\">&nbsp;<\/p>\n<p style=\"text-align: justify;\"><span style=\"font-size: 14pt; font-family: arial, helvetica, sans-serif;\">Agreg\u00f3 que la invitaci\u00f3n est\u00e1 abierta para quienes gusten capacitarse en temas de la garant\u00eda de derechos de ni\u00f1ez y adolescencia, puesto que la responsabilidad no s\u00f3lo es de las y los funcionarios, sino tambi\u00e9n de la sociedad en general.<\/span><\/p>\n<p style=\"text-align: justify;\">&nbsp;<\/p>\n<p style=\"text-align: justify;\"><span style=\"font-size: 14pt; font-family: arial, helvetica, sans-serif;\">\u201cHoy que las circunstancias de ellos y ellas son de mayor dificultad por este confinamiento y ellos necesitan de mucha protecci\u00f3n de la familia, de las autoridades de los tres niveles de gobierno y desde luego de las acciones que hemos configurado de esta agenda de confinamiento, hemos hecho acciones que conlleven a la capacitaci\u00f3n, de las autoridades y las instituciones responsables pero tambi\u00e9n mucho qu\u00e9 hacer con pap\u00e1s y mam\u00e1s, tutores de esta ni\u00f1ez y adolescencia\u201d, expres\u00f3.<\/span><\/p>\n<p style=\"text-align: justify;\">&nbsp;<\/p>\n<p style=\"text-align: justify;\"><span style=\"font-size: 14pt; font-family: arial, helvetica, sans-serif;\">Cabe destacar que algunas de las capacitaciones abordan temas estrat\u00e9gicos desde la experiencia de expertas y expertos internacionales, organizaciones sociales, quienes reflexionan sobre los desaf\u00edos para garantizar los derechos de la infancia frente a la pandemia del COVID-19 y ahora el regreso a clases en la modalidad en l\u00ednea.<\/span><\/p>\n<p style=\"text-align: justify;\">&nbsp;<\/p>\n<p style=\"text-align: justify;\"><span style=\"font-size: 14pt; font-family: arial, helvetica, sans-serif;\">Recordemos dijo, que la Organizaci\u00f3n Mundial de la Salud declar\u00f3 el 11 de marzo la pandemia de COVID-19 y pidi\u00f3 a los estados adoptar medidas urgentes para su contenci\u00f3n y mitigaci\u00f3n, en este contexto dijo, es prioritario estos ejercicios para la visibilizaci\u00f3n de los derechos de la ni\u00f1ez y adolescencia.<\/span><\/p>\n<p style=\"text-align: justify;\">&nbsp;<\/p>\n<p style=\"text-align: justify;\"><span style=\"font-size: 14pt; font-family: arial, helvetica, sans-serif;\">Estas capacitaciones est\u00e1n divididas en cursos, diplomados y webinars, y algunas de las instituciones que han participado con su personal son la Secretar\u00eda de Educaci\u00f3n P\u00fablica y Cultura (SEPyC); Centro de Justicia para las Mujeres; Ceprevsin; Ayuntamiento de Culiac\u00e1n, Procuradur\u00eda de Protecci\u00f3n de Ni\u00f1as, Ni\u00f1os y Adolescentes; Secretar\u00eda de Salud; y del Centro de Internamiento para Adolescentes, asimismo de organizaciones de la sociedad civil y de las secretar\u00edas ejecutivas en los municipios.<\/span><\/p>\n<p style=\"text-align: justify;\">&nbsp;<\/p>\n<p style=\"text-align: justify;\"><span style=\"font-size: 14pt; font-family: arial, helvetica, sans-serif;\">Otras de las instituciones en las que su personal se ha capacitado son: CEPTCA, OEEMA, Fiscal\u00eda, Secretar\u00eda de Seguridad P\u00fablica, Secretar\u00eda de Econom\u00eda y Defensor\u00eda de Oficio.<\/span><\/p>\n<p style=\"text-align: justify;\">&nbsp;<\/p>\n<p style=\"text-align: justify;\">&nbsp;<\/p>\n<p style=\"text-align: justify;\"><span style=\"font-size: 14pt; font-family: arial, helvetica, sans-serif;\">REDACCI\u00d3N\/VISI\u00d3N CIUDADANA.<\/span><\/p>\n","protected":false},"excerpt":{"rendered":"<p>&nbsp; Con el objetivo de continuar con las capacitaciones al funcionariado en temas que se relacionan con ni\u00f1ez y adolescencia, un total de 5 mil 245 personas de diferentes instituciones p\u00fablicas y privadas se han capacitado en l\u00ednea. &nbsp; La Secretaria Ejecutiva del Sistema de Protecci\u00f3n de Ni\u00f1as, Ni\u00f1os y Adolescentes (SIPINNA), Margarita Ur\u00edas Burgos [&hellip;]<\/p>\n","protected":false},"author":1,"featured_media":5587,"comment_status":"open","ping_status":"closed","sticky":false,"template":"","format":"standard","meta":{"footnotes":""},"categories":[24],"tags":[],"ppma_author":[31],"class_list":["post-14178","post","type-post","status-publish","format-standard","has-post-thumbnail","hentry","category-relevantes"],"aioseo_notices":[],"authors":[{"term_id":31,"user_id":1,"is_guest":0,"slug":"ivan3vino","display_name":"Iv\u00e1n Trevi\u00f1o","avatar_url":{"url":"https:\/\/visionciudadana.com.mx\/oficial\/wp-content\/uploads\/2025\/09\/columna-ivan-Trevino.png","url2x":"https:\/\/visionciudadana.com.mx\/oficial\/wp-content\/uploads\/2025\/09\/columna-ivan-Trevino.png"},"0":null,"1":"","2":"","3":"","4":"","5":"","6":"","7":"","8":""}],"_links":{"self":[{"href":"https:\/\/visionciudadana.com.mx\/oficial\/wp-json\/wp\/v2\/posts\/14178","targetHints":{"allow":["GET"]}}],"collection":[{"href":"https:\/\/visionciudadana.com.mx\/oficial\/wp-json\/wp\/v2\/posts"}],"about":[{"href":"https:\/\/visionciudadana.com.mx\/oficial\/wp-json\/wp\/v2\/types\/post"}],"author":[{"embeddable":true,"href":"https:\/\/visionciudadana.com.mx\/oficial\/wp-json\/wp\/v2\/users\/1"}],"replies":[{"embeddable":true,"href":"https:\/\/visionciudadana.com.mx\/oficial\/wp-json\/wp\/v2\/comments?post=14178"}],"version-history":[{"count":0,"href":"https:\/\/visionciudadana.com.mx\/oficial\/wp-json\/wp\/v2\/posts\/14178\/revisions"}],"wp:featuredmedia":[{"embeddable":true,"href":"https:\/\/visionciudadana.com.mx\/oficial\/wp-json\/wp\/v2\/media\/5587"}],"wp:attachment":[{"href":"https:\/\/visionciudadana.com.mx\/oficial\/wp-json\/wp\/v2\/media?parent=14178"}],"wp:term":[{"taxonomy":"category","embeddable":true,"href":"https:\/\/visionciudadana.com.mx\/oficial\/wp-json\/wp\/v2\/categories?post=14178"},{"taxonomy":"post_tag","embeddable":true,"href":"https:\/\/visionciudadana.com.mx\/oficial\/wp-json\/wp\/v2\/tags?post=14178"},{"taxonomy":"author","embeddable":true,"href":"https:\/\/visionciudadana.com.mx\/oficial\/wp-json\/wp\/v2\/ppma_author?post=14178"}],"curies":[{"name":"wp","href":"https:\/\/api.w.org\/{rel}","templated":true}]}}