{"id":14177,"date":"2020-09-10T17:28:05","date_gmt":"2020-09-10T17:28:05","guid":{"rendered":"https:\/\/visionciudadana.com.mx\/prueba\/2020\/09\/10\/tras-72-dias-hospitalizado-es-dado-de-alta-primer-paciente-del-cadci-culiacan\/"},"modified":"2020-09-10T17:28:05","modified_gmt":"2020-09-10T17:28:05","slug":"tras-72-dias-hospitalizado-es-dado-de-alta-primer-paciente-del-cadci-culiacan","status":"publish","type":"post","link":"https:\/\/visionciudadana.com.mx\/oficial\/2020\/09\/10\/tras-72-dias-hospitalizado-es-dado-de-alta-primer-paciente-del-cadci-culiacan\/","title":{"rendered":"Tras 72 d\u00edas hospitalizado es dado de alta primer paciente del CADCI Culiac\u00e1n"},"content":{"rendered":"<p>&nbsp;<\/p>\n<div dir=\"ltr\">\n<div class=\"x_gmail_quote\">\n<div dir=\"ltr\">\n<div>\n<p class=\"x_MsoNormal\"><b><span style=\"font-family: verdana, sans-serif; font-size: large;\">&nbsp;<img decoding=\"async\" style=\"display: block; margin-left: auto; margin-right: auto;\" src=\"images\/2020\/sept.20\/guerrero_covid.PNG\" alt=\"guerrero covid\" \/><\/span><\/b><\/p>\n<p class=\"x_MsoNormal\"><span style=\"font-family: verdana, sans-serif; font-size: large;\">Fue el primer paciente en ingresar tras la apertura del CADCI y tras 72 d\u00edas hospitalizado, Pedro Torres Mijares consigui\u00f3 ganarle la batalla al Covid-19 al recibir su alta en el Hospital General de Culiac\u00e1n.<\/span><\/p>\n<p>&nbsp;<\/p>\n<p class=\"x_MsoNormal\"><span style=\"font-family: verdana, sans-serif; font-size: large;\">Al salir le esperaba una nueva alegr\u00eda: la sorpresiva celebraci\u00f3n de su alta hospitalaria. Cuando se abri\u00f3 la puerta de la sala fue recibido por sonoros y sentidos aplausos, flores y unas paredes adornadas con globos de colores.<\/span><\/p>\n<p>&nbsp;<\/p>\n<p class=\"x_MsoNormal\"><span style=\"font-family: verdana, sans-serif; font-size: large;\">Al avanzar la camilla por el pasillo la salud le dio la bienvenida de nuevo al estallar dispersas las estrellas de confeti brillante sobre su cabeza.<\/span><\/p>\n<p>&nbsp;<\/p>\n<p class=\"x_MsoNormal\"><span style=\"font-family: verdana, sans-serif; font-size: large;\">Todos aplaudieron, gritaron y agitaron sus manos mientras la lluvia de confeti marcaba tambi\u00e9n la emotiva despedida del personal que le brind\u00f3 sus cuidados intensivos y la bienvenida por parte de su familia.<\/span><\/p>\n<p>&nbsp;<\/p>\n<p class=\"x_MsoNormal\"><span style=\"font-family: verdana, sans-serif; font-size: large;\">Fue un homenaje a la vida que tom\u00f3 totalmente por sorpresa a Pedro, un guerrero visiblemente emocionado por tan noble gesto, las muestras de afecto y la dicha de volver con sus seres queridos.<\/span><\/p>\n<p>&nbsp;<\/p>\n<p class=\"x_MsoNormal\"><span style=\"font-family: verdana, sans-serif; font-size: large;\">\u201cNo solo la medicina cura sino tambi\u00e9n el amor\u201d, fue uno de los mensajes que le brind\u00f3 el personal m\u00e9dico y de enfermer\u00eda que estuvo a su cuidado en el Centro de Atenci\u00f3n, Diagn\u00f3stico y Cuidados Intensivos (CADCI) para Pacientes COVID-19 en el Hospital General de Culiac\u00e1n \u201cDr. Bernardo J. Gast\u00e9lum\u201d.<\/span><\/p>\n<p>&nbsp;<\/p>\n<p class=\"x_MsoNormal\"><span style=\"font-family: verdana, sans-serif; font-size: large;\">Fernanda, Mireya, Marco, Yuriana, Juan, \u201cLeidy\u201d, el Dr. Gonz\u00e1lez, y la Dra. Iracema, escribieron en sus espaldas:<\/span><\/p>\n<p class=\"x_MsoNormal\"><span style=\"font-family: verdana, sans-serif; font-size: large;\"><\/span><\/p>\n<p class=\"x_MsoNormal\"><span style=\"font-family: verdana, sans-serif; font-size: large;\">&#8211; Cu\u00eddese mucho don Pedro.<\/span><\/p>\n<p class=\"x_MsoNormal\"><span style=\"font-family: verdana, sans-serif; font-size: large;\">&#8211; S\u00ed se pudo.<\/span><\/p>\n<p class=\"x_MsoNormal\"><span style=\"font-family: verdana, sans-serif; font-size: large;\">&#8211; Sonr\u00ede, buena suerte don Pedro.<\/span><\/p>\n<p class=\"x_MsoNormal\"><span style=\"font-family: verdana, sans-serif; font-size: large;\">&#8211; Te vamos a extra\u00f1ar.<\/span><\/p>\n<p class=\"x_MsoNormal\"><span style=\"font-family: verdana, sans-serif; font-size: large;\">&#8211; Eres un guerrero Pedro.<\/span><\/p>\n<p class=\"x_MsoNormal\"><span style=\"font-family: verdana, sans-serif; font-size: large;\">&#8211; \u00a1Te queremos mucho Pedro!<\/span><\/p>\n<p class=\"x_MsoNormal\"><span style=\"font-family: verdana, sans-serif; font-size: large;\">&#8211; Sonr\u00ede, tu familia te espera.<\/span><\/p>\n<p class=\"x_MsoNormal\"><span style=\"font-family: verdana, sans-serif; font-size: large;\">&#8211; No solo la medicina cura sino tambi\u00e9n el amor<\/span><\/p>\n<p class=\"x_MsoNormal\"><span style=\"font-family: verdana, sans-serif; font-size: large;\"><\/span><\/p>\n<p class=\"x_MsoNormal\"><span style=\"font-family: verdana, sans-serif; font-size: large;\">Fueron m\u00e1s de tres meses de lucha por las complicaciones que se presentaron, 72 d\u00edas en los que tuvo que permanecer bajo cuidados intensivos. Ten\u00eda un mes en medicina interna cuando se inaugur\u00f3 el CADCI y fue ingresado en estas nuevas instalaciones.<\/span><\/p>\n<p>&nbsp;<\/p>\n<p class=\"x_MsoNormal\"><span style=\"font-family: verdana, sans-serif; font-size: large;\">En su gravedad super\u00f3 varios vendavales, utiliz\u00f3 mascarilla con reservorio y ventilaci\u00f3n no invasiva. Afortunadamente Pedro mostr\u00f3 mejor\u00eda cl\u00ednica y a pesar del da\u00f1o pulmonar ocasionado por la gravedad de la enfermedad sali\u00f3 con buenos pron\u00f3sticos para lograr su completa recuperaci\u00f3n.<\/span><\/p>\n<p>&nbsp;<\/p>\n<p class=\"x_MsoNormal\"><span style=\"font-family: verdana, sans-serif; font-size: large;\">A pesar de su larga estad\u00eda en cuidados intensivos y el aislamiento que requiere el protocolo de atenci\u00f3n, Pedro expres\u00f3 que nunca se sinti\u00f3 solo y agradeci\u00f3 a todo el personal sanitario que lo atendi\u00f3 durante ese tiempo.<\/span><\/p>\n<p>&nbsp;<\/p>\n<p class=\"x_MsoNormal\"><span style=\"font-family: verdana, sans-serif; font-size: large;\">Su familia estaba ah\u00ed para recibirlo y dar un mensaje de esperanza a quienes atraviesan por una situaci\u00f3n similar al ver su salud quebrantada:<\/span><\/p>\n<p class=\"x_MsoNormal\"><span style=\"font-family: verdana, sans-serif; font-size: large;\">&#8211; S\u00ed se puede, qu\u00e9 alegr\u00eda tan inmensa verlo salir. Es una felicidad ver que gan\u00f3 la batalla al Covid-19. No solo son los cuidados del personal m\u00e9dico y de enfermer\u00eda sino el \u00e1nimo que brindan espiritualmente a cada uno de los pacientes, estamos muy agradecidos.<\/span><\/p>\n<p>&nbsp;<\/p>\n<p class=\"x_MsoNormal\"><span style=\"font-family: verdana, sans-serif; font-size: large;\">Pedro fue internado en el Hospital General de Culiac\u00e1n y trasladado al CADCI el 3 de julio donde culmin\u00f3 su tratamiento.<\/span><\/p>\n<p>&nbsp;<\/p>\n<p class=\"x_MsoNormal\"><span style=\"font-family: verdana, sans-serif; font-size: large;\">&#8211; Muchas gracias, estaremos eternamente agradecidos con todo el personal m\u00e9dico y especialmente con todo su equipo, realmente no tengo palabras ni como agradecerles el esfuerzo y dedicaci\u00f3n que tienen, que gracias a ello mi pap\u00e1 est\u00e9 de nuevo en casa. Dios los bendiga y los cuide siempre y les permita seguir salvando m\u00e1s vidas, dijo una de sus hijas.<\/span><\/p>\n<p>&nbsp;<\/p>\n<p class=\"x_MsoNormal\"><span style=\"font-family: verdana, sans-serif; font-size: large;\">Pedro, de 58 a\u00f1os de edad, ingres\u00f3 en junio y luego de 72 d\u00edas de hospitalizaci\u00f3n volvi\u00f3 a ver la luz del sol tras derrotar a la enfermedad, saliendo entre aplausos del CADCI Culiac\u00e1n.<\/span><\/p>\n<p>&nbsp;<\/p>\n<p class=\"x_MsoNormal\"><span style=\"font-family: verdana, sans-serif; font-size: large;\">&#8211; \u00a1Abuelo! &#8211; Gritaron con emoci\u00f3n los nietos de Pedro al aflorar los sentimientos del reencuentro con su abuelo.<\/span><\/p>\n<p>&nbsp;<\/p>\n<p class=\"x_MsoNormal\"><span style=\"font-family: verdana, sans-serif; font-size: large;\">Pedro mov\u00eda su mano en se\u00f1al de despedida. \u201cNo te queremos ver ya aqu\u00ed\u201d, le grit\u00f3 bromeando cari\u00f1osamente Ley Diana Plata L\u00f3pez, titular de enfermer\u00eda en medicina interna y pilar en la humanizaci\u00f3n de los cuidados intensivos para pacientes Covid-19.<\/span><\/p>\n<p>&nbsp;<\/p>\n<p class=\"x_MsoNormal\"><span style=\"font-family: verdana, sans-serif; font-size: large;\">Arriba de la ambulancia Pedro extendi\u00f3 su mano para sentir la mano del familiar que le acompa\u00f1\u00f3. La calidez del reencu<a id=\"LPlnk571988\" name=\"x_m_5554406718990730199_m_-8529733728522171952__GoBack\"><\/a>entro no se puede explicar con palabras pero fue tan inmenso como la eternidad.<\/span><\/p>\n<p>&nbsp;<\/p>\n<p class=\"x_MsoNormal\"><span style=\"font-family: verdana, sans-serif; font-size: large;\">El doctor Jos\u00e9 Alfredo Avil\u00e9z L\u00f3pez, director del Hospital General de Culiac\u00e1n, explic\u00f3 que el Centro de Atenci\u00f3n, Diagn\u00f3stico y Cuidados Intensivos para Pacientes Covid-19 (CADCI) funciona las 24 horas del d\u00eda gracias a la comprometida labor de m\u00e9dicos, enfermeras, t\u00e9cnicos, especialistas y camilleros distribuidos en los diversos turnos para salvar vidas.<\/span><\/p>\n<p>&nbsp;<\/p>\n<p class=\"x_MsoNormal\"><span style=\"font-family: verdana, sans-serif; font-size: large;\">Pedro, despu\u00e9s de su larga estancia en el CADCI y un proceso lleno de incertidumbre y angustias, es hoy uno de los rayos de esperanza que brillan durante la pandemia y su familia se considera no solo afortunada sino agradecida.<\/span><\/p>\n<p>&nbsp;<\/p>\n<p>&nbsp;<\/p>\n<p>REDACCI\u00d3N\/VISI\u00d3N CIUDADANA.<\/p>\n<\/div>\n<\/div>\n<\/div>\n<\/div>\n","protected":false},"excerpt":{"rendered":"<p>&nbsp; &nbsp; Fue el primer paciente en ingresar tras la apertura del CADCI y tras 72 d\u00edas hospitalizado, Pedro Torres Mijares consigui\u00f3 ganarle la batalla al Covid-19 al recibir su alta en el Hospital General de Culiac\u00e1n. &nbsp; Al salir le esperaba una nueva alegr\u00eda: la sorpresiva celebraci\u00f3n de su alta hospitalaria. Cuando se abri\u00f3 [&hellip;]<\/p>\n","protected":false},"author":1,"featured_media":5585,"comment_status":"open","ping_status":"closed","sticky":false,"template":"","format":"standard","meta":{"footnotes":""},"categories":[24],"tags":[],"ppma_author":[31],"class_list":["post-14177","post","type-post","status-publish","format-standard","has-post-thumbnail","hentry","category-relevantes"],"aioseo_notices":[],"authors":[{"term_id":31,"user_id":1,"is_guest":0,"slug":"ivan3vino","display_name":"Iv\u00e1n Trevi\u00f1o","avatar_url":{"url":"https:\/\/visionciudadana.com.mx\/oficial\/wp-content\/uploads\/2025\/09\/columna-ivan-Trevino.png","url2x":"https:\/\/visionciudadana.com.mx\/oficial\/wp-content\/uploads\/2025\/09\/columna-ivan-Trevino.png"},"0":null,"1":"","2":"","3":"","4":"","5":"","6":"","7":"","8":""}],"_links":{"self":[{"href":"https:\/\/visionciudadana.com.mx\/oficial\/wp-json\/wp\/v2\/posts\/14177","targetHints":{"allow":["GET"]}}],"collection":[{"href":"https:\/\/visionciudadana.com.mx\/oficial\/wp-json\/wp\/v2\/posts"}],"about":[{"href":"https:\/\/visionciudadana.com.mx\/oficial\/wp-json\/wp\/v2\/types\/post"}],"author":[{"embeddable":true,"href":"https:\/\/visionciudadana.com.mx\/oficial\/wp-json\/wp\/v2\/users\/1"}],"replies":[{"embeddable":true,"href":"https:\/\/visionciudadana.com.mx\/oficial\/wp-json\/wp\/v2\/comments?post=14177"}],"version-history":[{"count":0,"href":"https:\/\/visionciudadana.com.mx\/oficial\/wp-json\/wp\/v2\/posts\/14177\/revisions"}],"wp:featuredmedia":[{"embeddable":true,"href":"https:\/\/visionciudadana.com.mx\/oficial\/wp-json\/wp\/v2\/media\/5585"}],"wp:attachment":[{"href":"https:\/\/visionciudadana.com.mx\/oficial\/wp-json\/wp\/v2\/media?parent=14177"}],"wp:term":[{"taxonomy":"category","embeddable":true,"href":"https:\/\/visionciudadana.com.mx\/oficial\/wp-json\/wp\/v2\/categories?post=14177"},{"taxonomy":"post_tag","embeddable":true,"href":"https:\/\/visionciudadana.com.mx\/oficial\/wp-json\/wp\/v2\/tags?post=14177"},{"taxonomy":"author","embeddable":true,"href":"https:\/\/visionciudadana.com.mx\/oficial\/wp-json\/wp\/v2\/ppma_author?post=14177"}],"curies":[{"name":"wp","href":"https:\/\/api.w.org\/{rel}","templated":true}]}}