{"id":14176,"date":"2020-09-10T17:20:45","date_gmt":"2020-09-10T17:20:45","guid":{"rendered":"https:\/\/visionciudadana.com.mx\/prueba\/2020\/09\/10\/exitosa-la-reubicacion-de-los-tianguis-en-villa-juarez\/"},"modified":"2020-09-10T17:20:45","modified_gmt":"2020-09-10T17:20:45","slug":"exitosa-la-reubicacion-de-los-tianguis-en-villa-juarez","status":"publish","type":"post","link":"https:\/\/visionciudadana.com.mx\/oficial\/2020\/09\/10\/exitosa-la-reubicacion-de-los-tianguis-en-villa-juarez\/","title":{"rendered":"Exitosa la reubicaci\u00f3n de los tianguis en Villa Ju\u00e1rez"},"content":{"rendered":"<p>&nbsp;<\/p>\n<p><img decoding=\"async\" style=\"display: block; margin-left: auto; margin-right: auto;\" src=\"images\/2020\/sept.20\/tianguis.PNG\" alt=\"tianguis\" \/><\/p>\n<p style=\"text-align: justify;\"><span style=\"font-size: 14pt; font-family: arial, helvetica, sans-serif;\">El proyecto que encabeza el presidente municipal de Navolato, Eliazar Guti\u00e9rrez Angulo, para lograr de manera hist\u00f3rica el ordenamiento del comercio ambulante en la sindicatura Benito Ju\u00e1rez, tuvo un avance muy importante al obtener \u00e9xito la reubicaci\u00f3n de los comerciantes de los tianguis al nuevo espacio que fue acondicionado por el Ayuntamiento para este fin.<\/span><\/p>\n<p style=\"text-align: justify;\">\n<p><span style=\"font-size: 14pt; font-family: arial, helvetica, sans-serif;\">El secretario del Ayuntamiento de Navolato, Jes\u00fas \u00c1ngel Re\u00e1tiga Garc\u00eda, inform\u00f3 que este gran paso se logra debido a la disposici\u00f3n y coordinaci\u00f3n que existe entre el Gobierno Municipal y los comerciantes, a quienes les reconoci\u00f3 la voluntad que han mostrado para lograr organizar este sector econ\u00f3mico.<\/span><\/p>\n<p style=\"text-align: justify;\">\n<p><span style=\"font-size: 14pt; font-family: arial, helvetica, sans-serif;\">El primer fin de semana de trabajo de los comerciantes en el nuevo sitio, en el cual s\u00f3lo el domingo se instalaron 231 puestos, dio a conocer el funcionario municipal, hubo muy buena aceptaci\u00f3n, tanto de los vendedores como de los clientes, y anunci\u00f3 que en este lugar tendr\u00e1n muchos beneficios en cuanto a servicios p\u00fablicos que seguramente impactar\u00e1n de manera favorable en las ventas.<\/span><\/p>\n<p style=\"text-align: justify;\">\n<p><span style=\"font-size: 14pt; font-family: arial, helvetica, sans-serif;\">Jes\u00fas \u00c1ngel Re\u00e1tiga dijo que para este pr\u00f3ximo fin de semana ser\u00e1n instalados cuatro ba\u00f1os p\u00fablicos port\u00e1tiles, se acondicionar\u00e1 totalmente el alumbrado p\u00fablico en la zona de los puestos, habr\u00e1 servicio de seguridad y control de tr\u00e1fico vehicular, y desde luego que tendr\u00e1n mejores condiciones para trabajar, cuidando las medidas preventivas debido a la emergencia sanitaria del COVID-19.<\/span><\/p>\n<p style=\"text-align: justify;\"><span style=\"font-size: 14pt; font-family: arial, helvetica, sans-serif;\">\u00abPorque fue un compromiso que hizo el Ayuntamiento de Navolato con los comerciantes de regresar en beneficios el dinero que pagan por concepto de cuotas, y ya se empiezan a ver los resultados; estas acciones seguramente los debe animar m\u00e1s para apoyar el proyecto de ordenamiento del comercio ambulante que es para beneficio de todos\u00bb, coment\u00f3.<\/span><\/p>\n<p style=\"text-align: justify;\">\n<p><span style=\"font-size: 14pt; font-family: arial, helvetica, sans-serif;\">Participaron en una reuni\u00f3n para analizar los resultados de este proyecto, la s\u00edndica procuradora Sandra Aurelia Gonz\u00e1lez, regidores Obdulia Gonz\u00e1lez, Jos\u00e9 Carlos Trujillo, Jes\u00fas Macrina Espinoza, Sandra Luz Cuevas, Adilene Zavala, el Coordinador de Administraci\u00f3n Jos\u00e9 Manuel Gerardo Z\u00fa\u00f1iga, directora de ingresos, Mirtha Isela Monta\u00f1o, director de Servicios P\u00fablicos, Francisco Javier Bueno, secretario de presidencia Fernando Valenzuela, el director de Seguridad P\u00fablica y Tr\u00e1nsito Municipal, Valent\u00edn Almanza y el titular de Protecci\u00f3n Civil, Marco Antonio Ju\u00e1rez.<\/span><\/p>\n<p style=\"text-align: justify;\">&nbsp;<\/p>\n<p style=\"text-align: justify;\">&nbsp;<\/p>\n<p style=\"text-align: justify;\"><span style=\"font-size: 14pt; font-family: arial, helvetica, sans-serif;\">REDACCI\u00d3N\/VISI\u00d3N CIUDADANA.<\/span><\/p>\n","protected":false},"excerpt":{"rendered":"<p>&nbsp; El proyecto que encabeza el presidente municipal de Navolato, Eliazar Guti\u00e9rrez Angulo, para lograr de manera hist\u00f3rica el ordenamiento del comercio ambulante en la sindicatura Benito Ju\u00e1rez, tuvo un avance muy importante al obtener \u00e9xito la reubicaci\u00f3n de los comerciantes de los tianguis al nuevo espacio que fue acondicionado por el Ayuntamiento para este [&hellip;]<\/p>\n","protected":false},"author":1,"featured_media":5583,"comment_status":"open","ping_status":"closed","sticky":false,"template":"","format":"standard","meta":{"footnotes":""},"categories":[24],"tags":[],"ppma_author":[31],"class_list":["post-14176","post","type-post","status-publish","format-standard","has-post-thumbnail","hentry","category-relevantes"],"aioseo_notices":[],"authors":[{"term_id":31,"user_id":1,"is_guest":0,"slug":"ivan3vino","display_name":"Iv\u00e1n Trevi\u00f1o","avatar_url":{"url":"https:\/\/visionciudadana.com.mx\/oficial\/wp-content\/uploads\/2025\/09\/columna-ivan-Trevino.png","url2x":"https:\/\/visionciudadana.com.mx\/oficial\/wp-content\/uploads\/2025\/09\/columna-ivan-Trevino.png"},"0":null,"1":"","2":"","3":"","4":"","5":"","6":"","7":"","8":""}],"_links":{"self":[{"href":"https:\/\/visionciudadana.com.mx\/oficial\/wp-json\/wp\/v2\/posts\/14176","targetHints":{"allow":["GET"]}}],"collection":[{"href":"https:\/\/visionciudadana.com.mx\/oficial\/wp-json\/wp\/v2\/posts"}],"about":[{"href":"https:\/\/visionciudadana.com.mx\/oficial\/wp-json\/wp\/v2\/types\/post"}],"author":[{"embeddable":true,"href":"https:\/\/visionciudadana.com.mx\/oficial\/wp-json\/wp\/v2\/users\/1"}],"replies":[{"embeddable":true,"href":"https:\/\/visionciudadana.com.mx\/oficial\/wp-json\/wp\/v2\/comments?post=14176"}],"version-history":[{"count":0,"href":"https:\/\/visionciudadana.com.mx\/oficial\/wp-json\/wp\/v2\/posts\/14176\/revisions"}],"wp:featuredmedia":[{"embeddable":true,"href":"https:\/\/visionciudadana.com.mx\/oficial\/wp-json\/wp\/v2\/media\/5583"}],"wp:attachment":[{"href":"https:\/\/visionciudadana.com.mx\/oficial\/wp-json\/wp\/v2\/media?parent=14176"}],"wp:term":[{"taxonomy":"category","embeddable":true,"href":"https:\/\/visionciudadana.com.mx\/oficial\/wp-json\/wp\/v2\/categories?post=14176"},{"taxonomy":"post_tag","embeddable":true,"href":"https:\/\/visionciudadana.com.mx\/oficial\/wp-json\/wp\/v2\/tags?post=14176"},{"taxonomy":"author","embeddable":true,"href":"https:\/\/visionciudadana.com.mx\/oficial\/wp-json\/wp\/v2\/ppma_author?post=14176"}],"curies":[{"name":"wp","href":"https:\/\/api.w.org\/{rel}","templated":true}]}}